{"id":132524,"date":"2026-01-23T11:08:19","date_gmt":"2026-01-23T09:08:19","guid":{"rendered":"https:\/\/realitatearutiera.ro\/?p=132524"},"modified":"2026-01-23T11:08:21","modified_gmt":"2026-01-23T09:08:21","slug":"manifestari-organizate-cu-ocazia-zilei-unirii-principatelor-romane-24-ianuarie-2026","status":"publish","type":"post","link":"https:\/\/realitatearutiera.ro\/?p=132524","title":{"rendered":"Manifest\u0103ri organizate cu ocazia Zilei Unirii Principatelor Rom\u00e2ne, 24 ianuarie 2026"},"content":{"rendered":"\n<h2 class=\"wp-block-heading\"><strong><br>Postarea publicat\u0103 de Mihai Chirica<\/strong><\/h2>\n\n\n\n<hr class=\"wp-block-separator has-alpha-channel-opacity\"\/>\n\n\n\n<p><img loading=\"lazy\" decoding=\"async\" height=\"16\" width=\"16\" alt=\"&#x1f1f7;&#x1f1f4;\" src=\"https:\/\/static.xx.fbcdn.net\/images\/emoji.php\/v9\/te5\/1\/16\/1f1f7_1f1f4.png\"> Manifest\u0103ri organizate cu ocazia Zilei Unirii Principatelor Rom\u00e2ne, 24 ianuarie 2026 <img loading=\"lazy\" decoding=\"async\" height=\"16\" width=\"16\" alt=\"&#x1f1f7;&#x1f1f4;\" src=\"https:\/\/static.xx.fbcdn.net\/images\/emoji.php\/v9\/te5\/1\/16\/1f1f7_1f1f4.png\"><\/p>\n\n\n\n<p>Pe 24 ianuarie 2026 Ia\u0219ul va deveni un centru de interes la nivel na\u021bional, urm\u00e2nd a g\u0103zdui o serie de manifest\u0103ri tradi\u021bionale dedicate \u00eemplinirii a 167 de ani de la Unirea Principatelor Rom\u00e2ne.<\/p>\n\n\n\n<p><img loading=\"lazy\" decoding=\"async\" height=\"16\" width=\"16\" alt=\"&#x1f1f7;&#x1f1f4;\" src=\"https:\/\/static.xx.fbcdn.net\/images\/emoji.php\/v9\/te5\/1\/16\/1f1f7_1f1f4.png\"> Rom\u00e2nia s-a n\u0103scut \u0219i a crescut la Ia\u0219i! \u00cen urm\u0103 cu 167 de ani, prin Unirea Principatelor, rom\u00e2nii au decis s\u0103 ias\u0103 de sub vremuri, pentru a edifica o \u021bar\u0103 mare \u0219i prosper\u0103. \u00cen anul 1859, Ia\u0219ul \u2013 \u00een\u021beleg\u00e2nd misiunea sa istoric\u0103 &#8211; a renun\u021bat la statutul oficial de Capital\u0103 a Moldovei pentru a pune bazele statului rom\u00e2n. De la reformatorul Alexandru Ioan Cuza la Regele Ferdinand \u00centregitorul, Ia\u0219ul a ar\u0103tat tuturor c\u0103 Rom\u00e2nia \u0219i rom\u00e2nii merit\u0103 orice sacrificiu! La mul\u021bi ani, Ia\u0219i! La mul\u021bi ani, Rom\u00e2nia! La mul\u021bi ani, rom\u00e2ni, oriunde v-a\u021bi afla! <img loading=\"lazy\" decoding=\"async\" height=\"16\" width=\"16\" alt=\"&#x1f1f7;&#x1f1f4;\" src=\"https:\/\/static.xx.fbcdn.net\/images\/emoji.php\/v9\/te5\/1\/16\/1f1f7_1f1f4.png\"><\/p>\n\n\n\n<p>S\u00e2mb\u0103t\u0103, 24 ianuarie 2026, manifest\u0103rile programate \u00een Pia\u021ba Unirii vor \u00eencepe la ora 12:00 \u0219i se vor derula \u00eentr-un format solemn, \u00een condi\u021biile \u00een care \u00een Ia\u0219i \u0219i-a anun\u021bat prezen\u021ba pre\u0219edintele Rom\u00e2niei, Nicu\u0219or Dan.<\/p>\n\n\n\n<p><img loading=\"lazy\" decoding=\"async\" height=\"16\" width=\"16\" alt=\"&#x1f4c5;\" src=\"https:\/\/static.xx.fbcdn.net\/images\/emoji.php\/v9\/t7e\/1\/16\/1f4c5.png\"> Programul manifest\u0103rilor:<\/p>\n\n\n\n<p><img loading=\"lazy\" decoding=\"async\" height=\"16\" width=\"16\" alt=\"&#x23f2;&#xfe0f;\" src=\"https:\/\/static.xx.fbcdn.net\/images\/emoji.php\/v9\/t36\/1\/16\/23f2.png\"> 12:00 \u2013 Spectacol folcloric \u201eNoi suntem rom\u00e2ni\u201d &#8211; partea I<\/p>\n\n\n\n<p>(Vision Art Academy, Ansamblul Folcloric \u201eDoina Carpa\u021bilor\u201d al Casei de Cultur\u0103 a Studen\u021bilor Ia\u0219i, Corul Marii Uniri, Beatrice Duca, Margareta Clipa, Ansamblul Folcloric al Colegiului Na\u021bional Militar \u201e\u0218tefan cel Mare\u201d C\u00e2mpulung Moldovenesc)<\/p>\n\n\n\n<p><img loading=\"lazy\" decoding=\"async\" height=\"16\" width=\"16\" alt=\"&#x23f2;&#xfe0f;\" src=\"https:\/\/static.xx.fbcdn.net\/images\/emoji.php\/v9\/t36\/1\/16\/23f2.png\"> 14:45 \u2013 Constituirea dispozitivului pentru desf\u0103\u0219urarea ceremoniei militare \u0219i religioase;<\/p>\n\n\n\n<p><img loading=\"lazy\" decoding=\"async\" height=\"16\" width=\"16\" alt=\"&#x23f2;&#xfe0f;\" src=\"https:\/\/static.xx.fbcdn.net\/images\/emoji.php\/v9\/t36\/1\/16\/23f2.png\"> 15:00 &#8211; Manifest\u0103ri oficiale:<\/p>\n\n\n\n<p>\u2022 Salutul Drapelului de lupt\u0103<\/p>\n\n\n\n<p>\u2022 Intonarea Imnului Na\u021bional de c\u0103tre Corul Marii Uniri \u0219i Muzica Militar\u0103<\/p>\n\n\n\n<p>\u2022 Te Deum \u0219i Cuv\u00e2nt de binecuv\u00e2ntare (Mitropolia Moldovei \u0219i Bucovinei, Episcopia Romano-Catolic\u0103 de Ia\u0219i)<\/p>\n\n\n\n<p>\u2022 Discursurile oficialit\u0103\u021bilor centrale \u015fi locale<\/p>\n\n\n\n<p>\u2022 Depunerea de coroane de flori la Ansamblul statuar al Domnitorului Alexandru Ioan Cuza<\/p>\n\n\n\n<p>\u2022 Parada militar\u0103<\/p>\n\n\n\n<p><img loading=\"lazy\" decoding=\"async\" height=\"16\" width=\"16\" alt=\"&#x23f2;&#xfe0f;\" src=\"https:\/\/static.xx.fbcdn.net\/images\/emoji.php\/v9\/t36\/1\/16\/23f2.png\"> 16:20 &#8211; Intonarea \u0219i desf\u0103\u0219urarea \u201eHorei Unirii\u201d<\/p>\n\n\n\n<p><img loading=\"lazy\" decoding=\"async\" height=\"16\" width=\"16\" alt=\"&#x23f2;&#xfe0f;\" src=\"https:\/\/static.xx.fbcdn.net\/images\/emoji.php\/v9\/t36\/1\/16\/23f2.png\"> 16:30 \u2013 Spectacol folcloric \u201eNoi suntem rom\u00e2ni\u201d &#8211; partea a II-a<\/p>\n\n\n\n<p>(Veta Biri\u0219, Ion Paladi)<\/p>\n\n\n\n<p><img loading=\"lazy\" decoding=\"async\" height=\"16\" width=\"16\" alt=\"&#x23f2;&#xfe0f;\" src=\"https:\/\/static.xx.fbcdn.net\/images\/emoji.php\/v9\/t36\/1\/16\/23f2.png\"> 18:00 \u2013 19:00 &#8211; Retragerea cu tor\u021be a militarilor din Garnizoana la\u015fi \u0219i a for\u021belor Ministerului Afacerilor Interne pe traseul Muzeul Unirii &#8211; Pia\u0163a Unirii \u2013 Bulevardul \u0219i Pietonalul \u015etefan cel Mare \u0219i Sf\u00e2nt &#8211; Palatul Culturii<\/p>\n\n\n\n<p><img loading=\"lazy\" decoding=\"async\" height=\"16\" width=\"16\" alt=\"&#x203c;&#xfe0f;\" src=\"https:\/\/static.xx.fbcdn.net\/images\/emoji.php\/v9\/t77\/1\/16\/203c.png\"> Restric\u021bii de circula\u021bie \u0219i m\u0103suri de ordine public\u0103<\/p>\n\n\n\n<p>Organizarea evenimentelor cu ocazia Zilei Unirii Principatelor Rom\u00e2ne impune o serie de restric\u021bii de circula\u021bie \u0219i m\u0103suri de ordine public\u0103 suplimentare.<\/p>\n\n\n\n<p><img loading=\"lazy\" decoding=\"async\" height=\"16\" width=\"16\" alt=\"&#x27a1;&#xfe0f;\" src=\"https:\/\/static.xx.fbcdn.net\/images\/emoji.php\/v9\/t9e\/1\/16\/27a1.png\"> Astfel, circula\u021bia rutier\u0103 \u0219i a mijloacelor de transport public \u00een zona central\u0103 va fi restric\u021bionat\u0103, \u00een func\u021bie de necesit\u0103\u021bi, m\u0103surile fiind luate de Poli\u021bia Rutier\u0103, cu sprijinul Poli\u021biei Locale:<\/p>\n\n\n\n<p><img loading=\"lazy\" decoding=\"async\" height=\"16\" width=\"16\" alt=\"&#x1f6d1;\" src=\"https:\/\/static.xx.fbcdn.net\/images\/emoji.php\/v9\/t9b\/1\/16\/1f6d1.png\"> \u00eenchiderea circula\u021biei \u00een ziua de 24 ianuarie 2026, \u00eentre orele 10:00 \u0219i 18:00, pe urm\u0103toarele artere: bulevardul \u015etefan cel Mare \u015fi Sf\u00e2nt (tronsonul cuprins \u00eentre strada Arcu \u0219i strada I. C. Br\u0103tianu), strada I. C. Br\u0103tianu (tronsonul cuprins \u00eentre bulevardul \u015etefan cel Mare \u015fi Sf\u00e2nt \u015fi strada Agatha B\u00e2rsescu), strada Cuza Vod\u0103 (tronsonul cuprins \u00eentre strada I. C. Br\u0103tianu \u015fi strada Arcu), strada Arcu (tronsonul cuprins \u00eentre strada Cuza Vod\u0103 \u015fi strada Gavriil Musicescu), strada Gavriil Musicescu (tronsonul cuprins \u00eentre str. Arcu \u015fi rond Pia\u0163a Eminescu), pasajul Mitocul Maicilor (tronsonul cuprins \u00eentre bulevardul Independen\u021bei \u0219i strada Alexandru L\u0103pu\u015fneanu) \u015fi strada 14 Decembrie 1989;<\/p>\n\n\n\n<p><img loading=\"lazy\" decoding=\"async\" height=\"16\" width=\"16\" alt=\"&#x1f6d1;\" src=\"https:\/\/static.xx.fbcdn.net\/images\/emoji.php\/v9\/t9b\/1\/16\/1f6d1.png\"> restric\u0163ionarea accesului autovehiculelor \u00een parcarea Mitocul Maicilor \u00een perioada 22 \u2013 25 ianuarie 2026;<\/p>\n\n\n\n<p><img loading=\"lazy\" decoding=\"async\" height=\"16\" width=\"16\" alt=\"&#x1f6d1;\" src=\"https:\/\/static.xx.fbcdn.net\/images\/emoji.php\/v9\/t9b\/1\/16\/1f6d1.png\"> \u00eenchiderea parc\u0103rii din fa\u021ba cinematografului Victoria \u00een perioada 23 \u2013 24 ianuarie 2026;<\/p>\n\n\n\n<p><img loading=\"lazy\" decoding=\"async\" height=\"16\" width=\"16\" alt=\"&#x1f6d1;\" src=\"https:\/\/static.xx.fbcdn.net\/images\/emoji.php\/v9\/t9b\/1\/16\/1f6d1.png\"> restric\u0163ionarea circula\u021biei \u00een data de 24 ianuarie 2026, \u00eentre orele 18:00 \u0219i 18:30, pe traseul strada Alexandru L\u0103pu\u015fneanu &#8211; Pia\u0163a Unirii &#8211; bulevardul \u0218tefan cel Mare \u015fi Sf\u00e2nt &#8211; esplanada Palatului Culturii, pentru retragerea cu tor\u0163e.<\/p>\n\n\n\n<p><img loading=\"lazy\" decoding=\"async\" height=\"16\" width=\"16\" alt=\"&#x27a1;&#xfe0f;\" src=\"https:\/\/static.xx.fbcdn.net\/images\/emoji.php\/v9\/t9e\/1\/16\/27a1.png\"> Accesul \u00een zona evenimentelor din Pia\u021ba Unirii va fi controlat de for\u021bele de ordine. Este interzis accesul la evenimente a persoanelor aflate \u00een stare de ebrietate \u0219i a persoanelor care au asupra lor b\u0103uturi alcoolice, droguri, arme de orice fel, materiale explozive sau incendiare, substan\u021be iritant-lacrimogene, dispozitive pentru \u0219ocuri electrice \u0219i alte materiale contondente!<\/p>\n\n\n\n<p><img loading=\"lazy\" decoding=\"async\" height=\"16\" width=\"16\" alt=\"&#x27a1;&#xfe0f;\" src=\"https:\/\/static.xx.fbcdn.net\/images\/emoji.php\/v9\/t9e\/1\/16\/27a1.png\"> De asemenea, comercializarea \u0219i consumul de b\u0103uturi alcoolice pe o raz\u0103 de 500 de metri sunt interzise \u00een cursul zilei de s\u00e2mb\u0103t\u0103, 24 ianuarie 2026, \u00eentre orele 7:00 \u0219i 19:00.<\/p>\n\n\n\n<p><img loading=\"lazy\" decoding=\"async\" height=\"16\" width=\"16\" alt=\"&#x27a1;&#xfe0f;\" src=\"https:\/\/static.xx.fbcdn.net\/images\/emoji.php\/v9\/t9e\/1\/16\/27a1.png\"> Voluntarii Prim\u0103riei Municipiului Ia\u0219i vor \u00eemp\u0103r\u021bi participan\u021bilor stegule\u021be \u0219i cocarde tricolore.<\/p>\n\n\n\n<p><img loading=\"lazy\" decoding=\"async\" height=\"16\" width=\"16\" alt=\"&#x1f64f;&#x1f3fb;\" src=\"https:\/\/static.xx.fbcdn.net\/images\/emoji.php\/v9\/tfb\/1\/16\/1f64f_1f3fb.png\"> Facem apel la to\u021bi participan\u021bii s\u0103 respecte \u0219i s\u0103 p\u0103streze atmosfera sobr\u0103 \u0219i civilizat\u0103 potrivit\u0103 celebr\u0103rii unui act istoric fundamental, 167 de ani de la Unirea Principatelor Rom\u00e2ne, s\u0103 se ab\u021bin\u0103 de la manifest\u0103ri de natur\u0103 politic\u0103, de la injurii \u0219i de la mesaje \u0219i sloganuri care incit\u0103 la ur\u0103 \u0219i discriminare de orice fel!<\/p>\n\n\n\n<figure class=\"wp-block-image size-large is-resized\"><img loading=\"lazy\" decoding=\"async\" width=\"800\" height=\"520\" data-attachment-id=\"132527\" data-permalink=\"https:\/\/realitatearutiera.ro\/?attachment_id=132527\" data-orig-file=\"https:\/\/i1.wp.com\/realitatearutiera.ro\/wp-content\/uploads\/2026\/01\/617901657_1431120625050242_7176889339379904388_n.jpg?fit=1600%2C1039&amp;ssl=1\" data-orig-size=\"1600,1039\" data-comments-opened=\"1\" data-image-meta=\"{&quot;aperture&quot;:&quot;0&quot;,&quot;credit&quot;:&quot;&quot;,&quot;camera&quot;:&quot;&quot;,&quot;caption&quot;:&quot;&quot;,&quot;created_timestamp&quot;:&quot;0&quot;,&quot;copyright&quot;:&quot;&quot;,&quot;focal_length&quot;:&quot;0&quot;,&quot;iso&quot;:&quot;0&quot;,&quot;shutter_speed&quot;:&quot;0&quot;,&quot;title&quot;:&quot;&quot;,&quot;orientation&quot;:&quot;0&quot;}\" data-image-title=\"617901657_1431120625050242_7176889339379904388_n\" data-image-description=\"\" data-medium-file=\"https:\/\/i1.wp.com\/realitatearutiera.ro\/wp-content\/uploads\/2026\/01\/617901657_1431120625050242_7176889339379904388_n.jpg?fit=300%2C195&amp;ssl=1\" data-large-file=\"https:\/\/i1.wp.com\/realitatearutiera.ro\/wp-content\/uploads\/2026\/01\/617901657_1431120625050242_7176889339379904388_n.jpg?fit=800%2C520&amp;ssl=1\" src=\"https:\/\/i0.wp.com\/realitatearutiera.ro\/wp-content\/uploads\/2026\/01\/617901657_1431120625050242_7176889339379904388_n-1024x665.jpg?resize=800%2C520&#038;ssl=1\" alt=\"\" class=\"wp-image-132527\" style=\"aspect-ratio:1.5399598968776855;width:406px;height:auto\" srcset=\"https:\/\/i1.wp.com\/realitatearutiera.ro\/wp-content\/uploads\/2026\/01\/617901657_1431120625050242_7176889339379904388_n.jpg?resize=1024%2C665&amp;ssl=1 1024w, https:\/\/i1.wp.com\/realitatearutiera.ro\/wp-content\/uploads\/2026\/01\/617901657_1431120625050242_7176889339379904388_n.jpg?resize=300%2C195&amp;ssl=1 300w, https:\/\/i1.wp.com\/realitatearutiera.ro\/wp-content\/uploads\/2026\/01\/617901657_1431120625050242_7176889339379904388_n.jpg?resize=768%2C499&amp;ssl=1 768w, https:\/\/i1.wp.com\/realitatearutiera.ro\/wp-content\/uploads\/2026\/01\/617901657_1431120625050242_7176889339379904388_n.jpg?resize=1536%2C997&amp;ssl=1 1536w, https:\/\/i1.wp.com\/realitatearutiera.ro\/wp-content\/uploads\/2026\/01\/617901657_1431120625050242_7176889339379904388_n.jpg?w=1600&amp;ssl=1 1600w\" sizes=\"auto, (max-width: 800px) 100vw, 800px\" data-recalc-dims=\"1\" \/><\/figure>\n\n\n\n<figure class=\"wp-block-image size-full is-resized\"><img loading=\"lazy\" decoding=\"async\" width=\"393\" height=\"590\" data-attachment-id=\"132526\" data-permalink=\"https:\/\/realitatearutiera.ro\/?attachment_id=132526\" data-orig-file=\"https:\/\/i2.wp.com\/realitatearutiera.ro\/wp-content\/uploads\/2026\/01\/image-124.png?fit=393%2C590&amp;ssl=1\" data-orig-size=\"393,590\" data-comments-opened=\"1\" data-image-meta=\"{&quot;aperture&quot;:&quot;0&quot;,&quot;credit&quot;:&quot;&quot;,&quot;camera&quot;:&quot;&quot;,&quot;caption&quot;:&quot;&quot;,&quot;created_timestamp&quot;:&quot;0&quot;,&quot;copyright&quot;:&quot;&quot;,&quot;focal_length&quot;:&quot;0&quot;,&quot;iso&quot;:&quot;0&quot;,&quot;shutter_speed&quot;:&quot;0&quot;,&quot;title&quot;:&quot;&quot;,&quot;orientation&quot;:&quot;0&quot;}\" data-image-title=\"image\" data-image-description=\"\" data-medium-file=\"https:\/\/i2.wp.com\/realitatearutiera.ro\/wp-content\/uploads\/2026\/01\/image-124.png?fit=200%2C300&amp;ssl=1\" data-large-file=\"https:\/\/i2.wp.com\/realitatearutiera.ro\/wp-content\/uploads\/2026\/01\/image-124.png?fit=393%2C590&amp;ssl=1\" src=\"https:\/\/i2.wp.com\/realitatearutiera.ro\/wp-content\/uploads\/2026\/01\/image-124.png?resize=393%2C590&#038;ssl=1\" alt=\"\" class=\"wp-image-132526\" style=\"width:328px;height:auto\" srcset=\"https:\/\/i2.wp.com\/realitatearutiera.ro\/wp-content\/uploads\/2026\/01\/image-124.png?w=393&amp;ssl=1 393w, https:\/\/i2.wp.com\/realitatearutiera.ro\/wp-content\/uploads\/2026\/01\/image-124.png?resize=200%2C300&amp;ssl=1 200w\" sizes=\"auto, (max-width: 393px) 100vw, 393px\" data-recalc-dims=\"1\" \/><\/figure>\n\n\n\n<figure class=\"wp-block-image size-large is-resized\"><img loading=\"lazy\" decoding=\"async\" width=\"800\" height=\"534\" data-attachment-id=\"132528\" data-permalink=\"https:\/\/realitatearutiera.ro\/?attachment_id=132528\" data-orig-file=\"https:\/\/i1.wp.com\/realitatearutiera.ro\/wp-content\/uploads\/2026\/01\/619050920_1431120711716900_7564488801166727294_n.jpg?fit=1600%2C1067&amp;ssl=1\" data-orig-size=\"1600,1067\" data-comments-opened=\"1\" data-image-meta=\"{&quot;aperture&quot;:&quot;0&quot;,&quot;credit&quot;:&quot;&quot;,&quot;camera&quot;:&quot;&quot;,&quot;caption&quot;:&quot;&quot;,&quot;created_timestamp&quot;:&quot;0&quot;,&quot;copyright&quot;:&quot;&quot;,&quot;focal_length&quot;:&quot;0&quot;,&quot;iso&quot;:&quot;0&quot;,&quot;shutter_speed&quot;:&quot;0&quot;,&quot;title&quot;:&quot;&quot;,&quot;orientation&quot;:&quot;0&quot;}\" data-image-title=\"619050920_1431120711716900_7564488801166727294_n\" data-image-description=\"\" data-medium-file=\"https:\/\/i1.wp.com\/realitatearutiera.ro\/wp-content\/uploads\/2026\/01\/619050920_1431120711716900_7564488801166727294_n.jpg?fit=300%2C200&amp;ssl=1\" data-large-file=\"https:\/\/i1.wp.com\/realitatearutiera.ro\/wp-content\/uploads\/2026\/01\/619050920_1431120711716900_7564488801166727294_n.jpg?fit=800%2C534&amp;ssl=1\" src=\"https:\/\/i1.wp.com\/realitatearutiera.ro\/wp-content\/uploads\/2026\/01\/619050920_1431120711716900_7564488801166727294_n-1024x683.jpg?resize=800%2C534&#038;ssl=1\" alt=\"\" class=\"wp-image-132528\" style=\"aspect-ratio:1.4995397617918607;width:407px;height:auto\" srcset=\"https:\/\/i1.wp.com\/realitatearutiera.ro\/wp-content\/uploads\/2026\/01\/619050920_1431120711716900_7564488801166727294_n.jpg?resize=1024%2C683&amp;ssl=1 1024w, https:\/\/i1.wp.com\/realitatearutiera.ro\/wp-content\/uploads\/2026\/01\/619050920_1431120711716900_7564488801166727294_n.jpg?resize=300%2C200&amp;ssl=1 300w, https:\/\/i1.wp.com\/realitatearutiera.ro\/wp-content\/uploads\/2026\/01\/619050920_1431120711716900_7564488801166727294_n.jpg?resize=768%2C512&amp;ssl=1 768w, https:\/\/i1.wp.com\/realitatearutiera.ro\/wp-content\/uploads\/2026\/01\/619050920_1431120711716900_7564488801166727294_n.jpg?resize=1536%2C1024&amp;ssl=1 1536w, https:\/\/i1.wp.com\/realitatearutiera.ro\/wp-content\/uploads\/2026\/01\/619050920_1431120711716900_7564488801166727294_n.jpg?w=1600&amp;ssl=1 1600w\" sizes=\"auto, (max-width: 800px) 100vw, 800px\" data-recalc-dims=\"1\" \/><\/figure>\n\n\n\n<p>Sursa\/foto:facebook<\/p>\n\n\n\n<p><\/p>\n","protected":false},"excerpt":{"rendered":"<p>Postarea publicat\u0103 de Mihai Chirica Manifest\u0103ri organizate cu ocazia Zilei Unirii Principatelor Rom\u00e2ne, 24 ianuarie 2026 Pe 24 ianuarie 2026<\/p>\n","protected":false},"author":1,"featured_media":132526,"comment_status":"open","ping_status":"closed","sticky":false,"template":"","format":"standard","meta":{"spay_email":"","footnotes":"","jetpack_publicize_message":""},"categories":[6],"tags":[],"class_list":["post-132524","post","type-post","status-publish","format-standard","has-post-thumbnail","hentry","category-social"],"jetpack_featured_media_url":"https:\/\/i2.wp.com\/realitatearutiera.ro\/wp-content\/uploads\/2026\/01\/image-124.png?fit=393%2C590&ssl=1","jetpack_publicize_connections":[],"jetpack_sharing_enabled":true,"jetpack_shortlink":"https:\/\/wp.me\/p61naM-ytu","jetpack-related-posts":[],"_links":{"self":[{"href":"https:\/\/realitatearutiera.ro\/index.php?rest_route=\/wp\/v2\/posts\/132524","targetHints":{"allow":["GET"]}}],"collection":[{"href":"https:\/\/realitatearutiera.ro\/index.php?rest_route=\/wp\/v2\/posts"}],"about":[{"href":"https:\/\/realitatearutiera.ro\/index.php?rest_route=\/wp\/v2\/types\/post"}],"author":[{"embeddable":true,"href":"https:\/\/realitatearutiera.ro\/index.php?rest_route=\/wp\/v2\/users\/1"}],"replies":[{"embeddable":true,"href":"https:\/\/realitatearutiera.ro\/index.php?rest_route=%2Fwp%2Fv2%2Fcomments&post=132524"}],"version-history":[{"count":1,"href":"https:\/\/realitatearutiera.ro\/index.php?rest_route=\/wp\/v2\/posts\/132524\/revisions"}],"predecessor-version":[{"id":132529,"href":"https:\/\/realitatearutiera.ro\/index.php?rest_route=\/wp\/v2\/posts\/132524\/revisions\/132529"}],"wp:featuredmedia":[{"embeddable":true,"href":"https:\/\/realitatearutiera.ro\/index.php?rest_route=\/wp\/v2\/media\/132526"}],"wp:attachment":[{"href":"https:\/\/realitatearutiera.ro\/index.php?rest_route=%2Fwp%2Fv2%2Fmedia&parent=132524"}],"wp:term":[{"taxonomy":"category","embeddable":true,"href":"https:\/\/realitatearutiera.ro\/index.php?rest_route=%2Fwp%2Fv2%2Fcategories&post=132524"},{"taxonomy":"post_tag","embeddable":true,"href":"https:\/\/realitatearutiera.ro\/index.php?rest_route=%2Fwp%2Fv2%2Ftags&post=132524"}],"curies":[{"name":"wp","href":"https:\/\/api.w.org\/{rel}","templated":true}]}}