{"id":132530,"date":"2026-01-23T11:19:15","date_gmt":"2026-01-23T09:19:15","guid":{"rendered":"https:\/\/realitatearutiera.ro\/?p=132530"},"modified":"2026-01-23T11:19:18","modified_gmt":"2026-01-23T09:19:18","slug":"restrictii-incepand-de-azi-23-ianuarie-pe-dn7-valea-oltului","status":"publish","type":"post","link":"https:\/\/realitatearutiera.ro\/?p=132530","title":{"rendered":"Restric\u021bii \u00eencep\u00e2nd de azi, 23 ianuarie, pe DN7 \u2013 Valea Oltului"},"content":{"rendered":"\n<h3 class=\"wp-block-heading\">Ma\u0219inile care au interzis. Restric\u021bii \u00eencep\u00e2nd de azi, 23 ianuarie. \u00cenc\u0103lcarea regulilor constituie contraven\u0163ie \u015fi se sanc\u0163ioneaz\u0103 cu amend\u0103<\/h3>\n\n\n\n<p><img loading=\"lazy\" decoding=\"async\" width=\"800\" height=\"425\" src=\"https:\/\/i2.wp.com\/media.capital.ro\/wp-content\/uploads\/2024\/07\/Valea-Oltului-1200x637.jpg?resize=800%2C425&#038;ssl=1\" alt=\"Ma\u0219inile care au interzis. Restric\u021bii \u00eencep\u00e2nd de azi, 23 ianuarie. \u00cenc\u0103lcarea regulilor constituie contraven\u0163ie \u015fi se sanc\u0163ioneaz\u0103 cu amend\u0103\" srcset=\"https:\/\/i2.wp.com\/media.capital.ro\/wp-content\/uploads\/2024\/07\/Valea-Oltului-1200x637.jpg?resize=800%2C425&#038;ssl=1 1200w, https:\/\/media.capital.ro\/wp-content\/uploads\/2024\/07\/Valea-Oltului-300x159.jpg 300w, https:\/\/media.capital.ro\/wp-content\/uploads\/2024\/07\/Valea-Oltului-768x408.jpg 768w, https:\/\/media.capital.ro\/wp-content\/uploads\/2024\/07\/Valea-Oltului-1536x815.jpg 1536w, https:\/\/media.capital.ro\/wp-content\/uploads\/2024\/07\/Valea-Oltului.jpg 1775w\" data-recalc-dims=\"1\"><\/p>\n\n\n\n<p>SURSA FOTO: YouTube, Petry Video<\/p>\n\n\n\n<p>Traficul greu va fi restric\u021bionat pe DN7 \u2013 Valea Oltului, la finalul s\u0103pt\u0103m\u00e2nii, \u00een contextul s\u0103rb\u0103toririi Zilei Unirii Principatelor Rom\u00e2ne. CNAIR anun\u021b\u0103 interdic\u021bii clare pentru vehiculele cu masa total\u0103 maxim\u0103 autorizat\u0103 de peste 7,5 tone, m\u0103sura urm\u00e2nd s\u0103 fie aplicat\u0103 pe parcursul a dou\u0103 zile, \u00een intervale orare bine definite.<\/p>\n\n\n\n<h2 class=\"wp-block-heading\" id=\"restrictii-temporare-de-circulatie-de-ziua-unirii-principatelor-romane\"><a href=\"https:\/\/www.capital.ro\/masinile-care-au-interzis-restrictii-incepand-de-azi-23-ianuarie-incalcarea-regulilor-constituie-contraventie-si-se-sanctioneaza-cu-amenda.html?fbclid=IwY2xjawPgGzhleHRuA2FlbQIxMABicmlkETBqSEVpanN0V3daMUtDS3Byc3J0YwZhcHBfaWQQMjIyMDM5MTc4ODIwMDg5MgABHnPInS8epS9BwHqGT5X6XA3JauneANuPa5gtF71Y3FrjHg90ozD4xf9l6dRX_aem_EbOuNtZ13PjZFaLuDRxlmw#restrictii-temporare-de-circulatie-de-ziua-unirii-principatelor-romane\">Restric\u021bii temporare de circula\u021bie de Ziua Unirii Principatelor Rom\u00e2ne<\/a><\/h2>\n\n\n\n<p><a href=\"https:\/\/www.cnadnr.ro\/\" target=\"_blank\" rel=\"noreferrer noopener\">Compania Na\u021bional\u0103 de Administrare a Infrastructurii Rutiere<\/a>&nbsp;(CNAIR) a informat, joi, c\u0103 va impune restric\u021bii temporare de circula\u021bie pe unul dintre cele mai aglomerate \u0219i sensibile sectoare de drum din Rom\u00e2nia \u2013 DN7, cunoscut ca Valea Oltului. M\u0103sura vizeaz\u0103 vehiculele rutiere de mare tonaj, cu masa total\u0103 maxim\u0103 autorizat\u0103 mai mare de 7,5 tone, care nu sunt destinate exclusiv transportului de persoane.<\/p>\n\n\n\n<p>Decizia este luat\u0103 \u00een contextul marc\u0103rii Zilei Unirii Principatelor Rom\u00e2ne \u0219i are ca scop fluidizarea traficului rutier, reducerea riscului de accidente \u0219i facilitarea deplas\u0103rilor pentru participan\u021bii la manifest\u0103rile dedicate acestei s\u0103rb\u0103tori legale.<\/p>\n\n\n\n<h3 class=\"wp-block-heading\" id=\"traseul-afectat-de-restrictii\"><a href=\"https:\/\/www.capital.ro\/masinile-care-au-interzis-restrictii-incepand-de-azi-23-ianuarie-incalcarea-regulilor-constituie-contraventie-si-se-sanctioneaza-cu-amenda.html?fbclid=IwY2xjawPgGzhleHRuA2FlbQIxMABicmlkETBqSEVpanN0V3daMUtDS3Byc3J0YwZhcHBfaWQQMjIyMDM5MTc4ODIwMDg5MgABHnPInS8epS9BwHqGT5X6XA3JauneANuPa5gtF71Y3FrjHg90ozD4xf9l6dRX_aem_EbOuNtZ13PjZFaLuDRxlmw#traseul-afectat-de-restrictii\">Traseul afectat de restric\u021bii<\/a><\/h3>\n\n\n\n<p>Potrivit prevederilor Ordinului MT \u2013 MAI nr. 1249-132\/2018, circula\u0163ia vehiculelor rutiere cu masa total\u0103 maxim\u0103 autorizat\u0103 mai mare de 7,5 tone, altele dec\u00e2t cele destinate exclusiv&nbsp;<a href=\"https:\/\/www.capital.ro\/reguli-stricte-pentru-soferi-se-dau-amenzi-celor-care-nu-platesc-taxa-se-aplica-din-aceasta-saptamana-in-capitala.html\" target=\"_blank\" rel=\"noreferrer noopener\">transportului de persoane<\/a>, este interzis\u0103 \u00een zilele de vineri, 23 ianuarie, si s\u00e2mb\u0103t\u0103, 24 ianuarie 2026, Ziua Unirii Principatelor Rom\u00e2ne \u0219i ziua premerg\u0103toare, a comunicat CNAIR.<\/p>\n\n\n\n<p>Restric\u021biile se vor aplica pe DN7, pe sectorul:<\/p>\n\n\n\n<p>Pite\u0219ti (intersec\u021bia DN7 cu DN7C) \u2013 R\u00e2mnicu V\u00e2lcea \u2013 Ve\u0219tem (intersec\u021bia DN7 cu DN1), \u00een ambele sensuri de circula\u021bie.<\/p>\n\n\n\n<p>Valea Oltului este una dintre principalele&nbsp;<a href=\"https:\/\/www.capital.ro\/politia-aplica-amenda-pentru-anvelopele-de-iarna-obligatie-pentru-soferii-romani-marcajul-care-trebuie-sa-apara-neaparat-pe-cauciucuri.html\" target=\"_blank\" rel=\"noreferrer noopener\">leg\u0103turi rutiere<\/a>&nbsp;dintre sudul \u0219i vestul \u021b\u0103rii, iar \u00een perioadele de s\u0103rb\u0103tori legale traficul cre\u0219te semnificativ, \u00een special pe direc\u021bia Transilvania \u2013 Muntenia.<\/p>\n\n\n\n<h3 class=\"wp-block-heading\" id=\"intervalele-orare-stabilite\"><a href=\"https:\/\/www.capital.ro\/masinile-care-au-interzis-restrictii-incepand-de-azi-23-ianuarie-incalcarea-regulilor-constituie-contraventie-si-se-sanctioneaza-cu-amenda.html?fbclid=IwY2xjawPgGzhleHRuA2FlbQIxMABicmlkETBqSEVpanN0V3daMUtDS3Byc3J0YwZhcHBfaWQQMjIyMDM5MTc4ODIwMDg5MgABHnPInS8epS9BwHqGT5X6XA3JauneANuPa5gtF71Y3FrjHg90ozD4xf9l6dRX_aem_EbOuNtZ13PjZFaLuDRxlmw#intervalele-orare-stabilite\">Intervalele orare stabilite<\/a><\/h3>\n\n\n\n<p>Potrivit anun\u021bului transmis de CNAIR, restric\u021biile de circula\u021bie pentru vehiculele cu masa total\u0103 maxim\u0103 autorizat\u0103 mai mare de 7,5 tone vor fi aplicate diferen\u021biat, \u00een func\u021bie de zi, pentru a limita impactul asupra traficului general \u0219i pentru a asigura desf\u0103\u0219urarea \u00een condi\u021bii de siguran\u021b\u0103 a deplas\u0103rilor specifice perioadei de s\u0103rb\u0103toare.<\/p>\n\n\n\n<p>Astfel, vineri, 23 ianuarie 2026, circula\u021bia acestor vehicule va fi interzis\u0103 \u00een intervalul 18:00 \u2013 22:00, un interval \u00een care, de regul\u0103, se \u00eenregistreaz\u0103 un flux crescut de trafic pe Valea Oltului, ca urmare a deplas\u0103rilor de weekend.<\/p>\n\n\n\n<p>Restric\u021biile vor fi extinse s\u00e2mb\u0103t\u0103, 24 ianuarie 2026, ziua \u00een care este s\u0103rb\u0103torit\u0103 oficial Ziua Unirii Principatelor Rom\u00e2ne, c\u00e2nd interdic\u021bia va fi valabil\u0103 pe o durat\u0103 mai lung\u0103, respectiv \u00eentre orele 06:00 \u2013 22:00. \u00cen acest interval, camioanele \u0219i celelalte vehicule de mare tonaj vizate nu vor avea voie s\u0103 circule pe tronsonul men\u021bionat al DN7, fiind recomandat\u0103 utilizarea rutelor ocolitoare sau reprogramarea curselor, acolo unde acest lucru este posibil.<\/p>\n\n\n\n<h3 class=\"wp-block-heading\" id=\"amenzi-pentru-nerespectarea-restrictiilor\"><a href=\"https:\/\/www.capital.ro\/masinile-care-au-interzis-restrictii-incepand-de-azi-23-ianuarie-incalcarea-regulilor-constituie-contraventie-si-se-sanctioneaza-cu-amenda.html?fbclid=IwY2xjawPgGzhleHRuA2FlbQIxMABicmlkETBqSEVpanN0V3daMUtDS3Byc3J0YwZhcHBfaWQQMjIyMDM5MTc4ODIwMDg5MgABHnPInS8epS9BwHqGT5X6XA3JauneANuPa5gtF71Y3FrjHg90ozD4xf9l6dRX_aem_EbOuNtZ13PjZFaLuDRxlmw#amenzi-pentru-nerespectarea-restrictiilor\">Amenzi pentru nerespectarea restric\u021biilor<\/a><\/h3>\n\n\n\n<p>Autorit\u0103\u021bile atrag aten\u021bia c\u0103 nerespectare<a href=\"https:\/\/www.capital.ro\/politia-aplica-amenda-pentru-anvelopele-de-iarna-obligatie-pentru-soferii-romani-marcajul-care-trebuie-sa-apara-neaparat-pe-cauciucuri.html\" target=\"_blank\" rel=\"noreferrer noopener\">a restric\u021biilor<\/a>&nbsp;impuse de CNAIR reprezint\u0103 contraven\u021bie \u0219i se sanc\u021bioneaz\u0103 cu amend\u0103, conform prevederilor legisla\u021biei rutiere \u00een vigoare. Controalele vor fi efectuate de Poli\u021bia Rutier\u0103, \u00een colaborare cu celelalte structuri abilitate, iar sanc\u021biunile pot fi aplicate pe \u00eentreaga durat\u0103 a intervalelor \u00een care interdic\u021biile sunt active.<\/p>\n\n\n\n<p>\u00cen acest context, CNAIR recomand\u0103 transportatorilor \u0219i conduc\u0103torilor auto s\u0103 verifice din timp condi\u021biile de trafic, s\u0103 urm\u0103reasc\u0103 inform\u0103rile oficiale \u0219i s\u0103 \u00ee\u0219i planifice deplas\u0103rile astfel \u00eenc\u00e2t s\u0103 evite blocajele, \u00eent\u00e2rzierile sau eventualele sanc\u021biuni aplicate pentru nerespectarea restrc\u021biilor de circula\u021bie.<\/p>\n\n\n\n<p>Sursa:capital<\/p>\n\n\n\n<p><\/p>\n","protected":false},"excerpt":{"rendered":"<p>Ma\u0219inile care au interzis. Restric\u021bii \u00eencep\u00e2nd de azi, 23 ianuarie. \u00cenc\u0103lcarea regulilor constituie contraven\u0163ie \u015fi se sanc\u0163ioneaz\u0103 cu amend\u0103 SURSA<\/p>\n","protected":false},"author":1,"featured_media":93034,"comment_status":"open","ping_status":"closed","sticky":false,"template":"","format":"standard","meta":{"spay_email":"","footnotes":"","jetpack_publicize_message":""},"categories":[54],"tags":[],"class_list":["post-132530","post","type-post","status-publish","format-standard","has-post-thumbnail","hentry","category-informatii-rutiere"],"jetpack_featured_media_url":"https:\/\/i2.wp.com\/realitatearutiera.ro\/wp-content\/uploads\/2022\/12\/restrictii.jpg?fit=900%2C500&ssl=1","jetpack_publicize_connections":[],"jetpack_sharing_enabled":true,"jetpack_shortlink":"https:\/\/wp.me\/p61naM-ytA","jetpack-related-posts":[],"_links":{"self":[{"href":"https:\/\/realitatearutiera.ro\/index.php?rest_route=\/wp\/v2\/posts\/132530","targetHints":{"allow":["GET"]}}],"collection":[{"href":"https:\/\/realitatearutiera.ro\/index.php?rest_route=\/wp\/v2\/posts"}],"about":[{"href":"https:\/\/realitatearutiera.ro\/index.php?rest_route=\/wp\/v2\/types\/post"}],"author":[{"embeddable":true,"href":"https:\/\/realitatearutiera.ro\/index.php?rest_route=\/wp\/v2\/users\/1"}],"replies":[{"embeddable":true,"href":"https:\/\/realitatearutiera.ro\/index.php?rest_route=%2Fwp%2Fv2%2Fcomments&post=132530"}],"version-history":[{"count":1,"href":"https:\/\/realitatearutiera.ro\/index.php?rest_route=\/wp\/v2\/posts\/132530\/revisions"}],"predecessor-version":[{"id":132531,"href":"https:\/\/realitatearutiera.ro\/index.php?rest_route=\/wp\/v2\/posts\/132530\/revisions\/132531"}],"wp:featuredmedia":[{"embeddable":true,"href":"https:\/\/realitatearutiera.ro\/index.php?rest_route=\/wp\/v2\/media\/93034"}],"wp:attachment":[{"href":"https:\/\/realitatearutiera.ro\/index.php?rest_route=%2Fwp%2Fv2%2Fmedia&parent=132530"}],"wp:term":[{"taxonomy":"category","embeddable":true,"href":"https:\/\/realitatearutiera.ro\/index.php?rest_route=%2Fwp%2Fv2%2Fcategories&post=132530"},{"taxonomy":"post_tag","embeddable":true,"href":"https:\/\/realitatearutiera.ro\/index.php?rest_route=%2Fwp%2Fv2%2Ftags&post=132530"}],"curies":[{"name":"wp","href":"https:\/\/api.w.org\/{rel}","templated":true}]}}