{"id":132585,"date":"2026-01-26T11:45:06","date_gmt":"2026-01-26T09:45:06","guid":{"rendered":"https:\/\/realitatearutiera.ro\/?p=132585"},"modified":"2026-01-26T11:45:26","modified_gmt":"2026-01-26T09:45:26","slug":"romania-orasul-subterancare-a-uimit-o-pe-o-tanara-din-china","status":"publish","type":"post","link":"https:\/\/realitatearutiera.ro\/?p=132585","title":{"rendered":"Romania: \u201eOra\u0219ul subteran\u201dcare a uimit-o pe o t\u00e2n\u0103r\u0103 din China"},"content":{"rendered":"\n<p>O t\u00e2n\u0103r\u0103 din China a r\u0103mas impresionat\u0103 atunci c\u00e2nd a mers la Salina Turda, descriind-o \u00eentr-un videoclip publicat luni, 19 ianuarie, pe re\u021belele de socializare drept un \u201eora\u0219 subteran\u201d.<img loading=\"lazy\" decoding=\"async\" src=\"https:\/\/i2.wp.com\/cdn.adh.reperio.news\/image-a\/a61b8625-940b-4ccc-81e6-eb084156a7ba\/index.png?resize=800%2C429&#038;ssl=1\" alt=\"FOTO: Captur\u0103 video TikTok @valentina_tianran\" width=\"800\" height=\"429\"  data-recalc-dims=\"1\"><\/p>\n\n\n\n<p>FOTO: Captur\u0103 video TikTok @valentina_tianran<\/p>\n\n\n\n<p><em>\u201eNu este o planet\u0103 extraterestr\u0103,&nbsp;<\/em><a href=\"https:\/\/adevarul.ro\/showbiz\/vedete\/salina-turda-l-a-impresionat-pe-mrbeast-un-2394376.html\">este Turda<\/a><em>, Rom\u00e2nia\u201d,&nbsp;<\/em>a transmis aceasta pe TikTok. Valentina a transmis c\u0103 a c\u0103l\u0103torit&nbsp;10 ore cu trenul p\u00e2n\u0103 la Salina Turda, pe care a descris-o drept un&nbsp;<em>\u201eadev\u0103rat ora\u0219 subteran\u201d.<\/em><\/p>\n\n\n\n<p>Valentina este profesoar\u0103 la Institutul Confucius din Bucure\u0219ti, inaugurat pe 22 noiembrie 2013, \u00een urma Acordului de cooperare semnat \u00eentre Universitatea din Bucure\u015fti \u015fi Hanban \u2013 Sediul General al Institutelor Confucius.<\/p>\n\n\n\n<p>Salina Turda este \u00eenscris\u0103 pe lista monumentelor istorice din jude\u021bul Cluj, elaborat\u0103 de Ministerul Culturii din Rom\u00e2nia \u00een anul 2015.<\/p>\n\n\n\n<p>Exploatarea s\u0103rii din Salina Turda a fost sistat\u0103 definitiv \u00een 1932 din cauza dot\u0103rii tehnice primitive, a randamentului sc\u0103zut \u0219i a concuren\u021bei altor saline.<\/p>\n\n\n\n<p>Salina s-a redeschis \u00een 1992 pentru turism \u0219i tratamente, fiind vizitabil\u0103 tot timpul anului, iar \u00een 2017 erau accesibile minele Iosif, Rudolf, Ghizela \u0219i Terezia, cu utilaje medievale bine conservate, Altarul sculptat \u00een sare \u0219i Scara Boga\u021bilor din lemn filigranat.<\/p>\n\n\n\n<p>Cu sprijinul Uniunii Europene, \u00eentre 2009 \u0219i 2010 au fost efectuate lucr\u0103ri de amenajare \u00een valoare de 6 milioane de euro, incluz\u00e2nd s\u0103li de tratament, amfiteatru, s\u0103li de sport \u0219i o roat\u0103 panoramic\u0103.<\/p>\n\n\n\n<p>\u00centre 2012 \u0219i 2014 s-a construit un tunel de leg\u0103tur\u0103 de 50 m \u00eentre mina Terezia \u0219i mina Iosif pentru includerea acesteia \u00een circuitul turistic.<\/p>\n\n\n\n<p><a href=\"https:\/\/www.salinaturda.eu\/\">Potrivit site-ului administra\u021biei salinei<\/a>, peste 680 de mii de turi\u0219ti viziteaz\u0103 anual Salina Turda.<\/p>\n\n\n\n<p>Sursa:adevarul  FOTO: Captur\u0103 video TikTok @valentina_tianran<\/p>\n\n\n\n<p><\/p>\n","protected":false},"excerpt":{"rendered":"<p>O t\u00e2n\u0103r\u0103 din China a r\u0103mas impresionat\u0103 atunci c\u00e2nd a mers la Salina Turda, descriind-o \u00eentr-un videoclip publicat luni, 19<\/p>\n","protected":false},"author":1,"featured_media":132586,"comment_status":"open","ping_status":"closed","sticky":false,"template":"","format":"standard","meta":{"spay_email":"","footnotes":"","jetpack_publicize_message":""},"categories":[53],"tags":[],"class_list":["post-132585","post","type-post","status-publish","format-standard","has-post-thumbnail","hentry","category-periplu-prin-romania"],"jetpack_featured_media_url":"https:\/\/realitatearutiera.ro\/wp-content\/uploads\/2026\/01\/index-9.webp","jetpack_publicize_connections":[],"jetpack_sharing_enabled":true,"jetpack_shortlink":"https:\/\/wp.me\/p61naM-yut","jetpack-related-posts":[],"_links":{"self":[{"href":"https:\/\/realitatearutiera.ro\/index.php?rest_route=\/wp\/v2\/posts\/132585","targetHints":{"allow":["GET"]}}],"collection":[{"href":"https:\/\/realitatearutiera.ro\/index.php?rest_route=\/wp\/v2\/posts"}],"about":[{"href":"https:\/\/realitatearutiera.ro\/index.php?rest_route=\/wp\/v2\/types\/post"}],"author":[{"embeddable":true,"href":"https:\/\/realitatearutiera.ro\/index.php?rest_route=\/wp\/v2\/users\/1"}],"replies":[{"embeddable":true,"href":"https:\/\/realitatearutiera.ro\/index.php?rest_route=%2Fwp%2Fv2%2Fcomments&post=132585"}],"version-history":[{"count":1,"href":"https:\/\/realitatearutiera.ro\/index.php?rest_route=\/wp\/v2\/posts\/132585\/revisions"}],"predecessor-version":[{"id":132587,"href":"https:\/\/realitatearutiera.ro\/index.php?rest_route=\/wp\/v2\/posts\/132585\/revisions\/132587"}],"wp:featuredmedia":[{"embeddable":true,"href":"https:\/\/realitatearutiera.ro\/index.php?rest_route=\/wp\/v2\/media\/132586"}],"wp:attachment":[{"href":"https:\/\/realitatearutiera.ro\/index.php?rest_route=%2Fwp%2Fv2%2Fmedia&parent=132585"}],"wp:term":[{"taxonomy":"category","embeddable":true,"href":"https:\/\/realitatearutiera.ro\/index.php?rest_route=%2Fwp%2Fv2%2Fcategories&post=132585"},{"taxonomy":"post_tag","embeddable":true,"href":"https:\/\/realitatearutiera.ro\/index.php?rest_route=%2Fwp%2Fv2%2Ftags&post=132585"}],"curies":[{"name":"wp","href":"https:\/\/api.w.org\/{rel}","templated":true}]}}