{"id":132720,"date":"2026-01-28T11:51:37","date_gmt":"2026-01-28T09:51:37","guid":{"rendered":"https:\/\/realitatearutiera.ro\/?p=132720"},"modified":"2026-01-28T11:51:49","modified_gmt":"2026-01-28T09:51:49","slug":"poiana-marului-este-laudata-pentru-aerul-curat-dar-si-pentru-pitorescul-muntilor-tarcu","status":"publish","type":"post","link":"https:\/\/realitatearutiera.ro\/?p=132720","title":{"rendered":"Poiana M\u0103rului este l\u0103udat\u0103 pentru aerul curat dar \u0219i pentru pitorescul Mun\u021bilor \u021aarcu"},"content":{"rendered":"\n<p>Un hotel cu peste 170 de camere, abandonat din anii \u201990, aminte\u0219te de anii \u00een care sta\u021biunea Poiana M\u0103rului era c\u0103utat\u0103 de rom\u00e2ni. Lacul de acumulare Poiana M\u0103rului a fost amenajat mai recent, \u00eens\u0103 nu a reu\u0219it s\u0103 impulsioneze turismul din Banatul Montan, afectat de declinul economic al regiunii.<img loading=\"lazy\" decoding=\"async\" src=\"https:\/\/i1.wp.com\/cdn.adh.reperio.news\/image-c\/c744abad-fa38-4388-84d0-c7af3cccd0bb\/index.jpeg?resize=800%2C429&#038;ssl=1\" alt=\"Poiana M\u0103rului. Foto: Daniel Gu\u021b\u0103 ADEV\u0102RUL\" width=\"800\" height=\"429\"  data-recalc-dims=\"1\"><\/p>\n\n\n\n<p>Poiana M\u0103rului. Foto: Daniel Gu\u021b\u0103 ADEV\u0102RUL<\/p>\n\n\n\n<p>Poiana M\u0103rului, o sta\u021biune montan\u0103 din sud-vestul Rom\u00e2niei, a fost pentru c\u00e2\u021biva ani&nbsp;<a href=\"https:\/\/adevarul.ro\/stiri-locale\/resita\/banatul-montan-apasat-de-secrete-tulburatoare-2485408.html\">considerat\u0103 \u201ePerla Banatului\u201d,<\/a>&nbsp;\u00eens\u0103 declinul economic al regiunii a afectat-o profund.<\/p>\n\n\n\n<p>\u00cen prezent, este l\u0103udat\u0103 pentru aerul curat \u0219i s\u0103lb\u0103ticia din jurul lacului de acumulare, \u00eentins pe 270 de hectare, dar \u0219i pentru pitorescul Mun\u021bilor \u021aarcu, din vecin\u0103tatea ei, cu \u00een\u0103l\u021bimi de p\u00e2n\u0103 la 2.200 de metri.<\/p>\n\n\n\n<p><em>\u201eEste un loc excelent pentru o escapad\u0103: aproximativ dou\u0103 ore de mers cu ma\u0219ina din Timi\u0219oara \u0219i cam 45 de minute din Caransebe\u0219. Dac\u0103 vrei s\u0103 petreci un weekend \u2013 sau chiar mai multe zile \u2013 \u021bine minte un lucru: aici se spune c\u0103 este una dintre cele mai curate atmosfere din Europa. Nu \u00een Elve\u021bia, ci \u00een Poiana M\u0103rului, \u00een jude\u021bul Cara\u0219-Severin. \u00cen zon\u0103 mai po\u021bi face drume\u021bii, off-road cu motocicleta sau mountain biking\u201d<\/em>, recomand\u0103 un localnic.<\/p>\n\n\n\n<h2 class=\"wp-block-heading\">Hotelul uria\u0219 construit \u00een inima mun\u021bilor<\/h2>\n\n\n\n<p>\u00cens\u0103 turismul din Poiana M\u0103rului s-a dezvoltat mai pu\u021bin dec\u00e2t sperau localnicii din Cara\u0219-Severin. Jude\u021bul din sud-vestul Rom\u00e2niei a suferit un declin accentuat al popula\u021biei, aceasta sc\u0103z\u00e2nd cu aproape 17 la sut\u0103 \u00een perioada 2011\u20132022, conform ultimului recens\u0103m\u00e2nt, iar ora\u0219ele industriale din zon\u0103 au avut de suferit de pe urma \u00eenchiderii multor mine \u0219i uzine. Cara\u0219-Severin se num\u0103r\u0103 \u00eens\u0103 printre jude\u021bele cele mai ofertante \u00een privin\u021ba atrac\u021biilor turistice, datorit\u0103 rezerva\u021biilor naturale, zonei montane, p\u0103durilor vaste \u0219i numeroaselor monumente ale naturii.<\/p>\n\n\n\n<p>Pentru mul\u021bi rom\u00e2ni, sta\u021biunile Banatului Montan au r\u0103mas aproape necunoscute, chiar dac\u0103 zonele turistice de aici erau c\u0103utate \u00eenc\u0103 din secolul al XIX-lea, c\u00e2nd regiunea din sud-vestul Rom\u00e2niei era faimoas\u0103 pentru industrie \u0219i resursele sale naturale.<\/p>\n\n\n\n<p>Video <a href=\"https:\/\/adevarul.ro\/stil-de-viata\/calatorii\/hotelul-fantoma-din-inima-muntilor-emblema-2503738.html\">aici<\/a><\/p>\n\n\n\n<p>Poiana M\u0103rului, ascuns\u0103 \u00een Mun\u021bii \u021aarcu, a fost men\u021bionat\u0103 ca destina\u021bie turistic\u0103 \u00eenc\u0103 de la sf\u00e2r\u0219itul secolului al XIX-lea, odat\u0103 cu primele cabane montane construite aici. La mijlocul anilor \u201930, a\u0219ezarea patriarhal\u0103, aflat\u0103 la circa 20 de kilometri de O\u021belu Ro\u0219u \u0219i la 40 de kilometri de Caransebe\u0219, a devenit sta\u021biune climateric\u0103, apreciat\u0103 pentru aerul s\u0103u ozonat \u0219i pentru frumuse\u021bea v\u0103ii Bistrei. Tot atunci a fost construit\u0103 prima mare pensiune, Vila Bistra, care putea g\u0103zdui peste 100 de persoane.<\/p>\n\n\n\n<p>\u00cen primii ani de comunism, cabanele de la Poiana M\u0103rului au fost na\u021bionalizate \u0219i au g\u0103zduit un preventoriu TBC. \u00cen anii \u201970, acesta a fost desfiin\u021bat, iar Poiana M\u0103rului a redevenit sta\u021biune turistic\u0103. Un hotel cu peste 400 de camere a fost construit \u00een centrul a\u0219ez\u0103rii, pe valea Bistrei M\u0103rului, iar locul a devenit o destina\u021bie de concediu pentru familiile&nbsp;<a href=\"https:\/\/adevarul.ro\/stiri-interne\/societate\/comuna-din-romania-care-s-a-mutat-in-austria-2482486.html\">muncitorilor din uzinele \u0219i minele din Cara\u0219-Severin.<\/a><\/p>\n\n\n\n<p><em>\u201eCu dou\u0103 corpuri de cl\u0103dire \u0219i av\u00e2nd o arhitectur\u0103 cu linii moderne, amplasat pe un platou cu ample perspective asupra peisajului, armonios integrat mediului montan, complexul ofer\u0103 412 locuri de cazare, dou\u0103 restaurante, dou\u0103 baruri \u0219i o teras\u0103, unit\u0103\u021bile de alimenta\u021bie public\u0103 totaliz\u00e2nd 1.135 de locuri la mese. Un club de jocuri distractiv-educative \u0219i serviciile puse la dispozi\u021bia turi\u0219tilor (frizerie, coafur\u0103, croitorie etc.) completeaz\u0103 gama factorilor ce asigur\u0103 condi\u021bii optime pentru petrecerea concediului\u201d,<\/em>&nbsp;informa \u00een 1978 Ioan Trulea, directorul complexului turistic.<\/p>\n\n\n\n<figure class=\"wp-block-image\"><img decoding=\"async\" src=\"https:\/\/i0.wp.com\/cdn.adh.reperio.news\/image-e\/e9b46162-7ace-4365-af6f-87297098a85b\/index.jpeg?w=800&#038;ssl=1\" alt=\"Poiana M\u0103rului din Cara\u0219 Severin  Foto Daniel Gu\u021b\u0103 ADEV\u0102RUL (23) jpg\" data-recalc-dims=\"1\"\/><\/figure>\n\n\n\n<figure class=\"wp-block-image\"><img decoding=\"async\" src=\"https:\/\/i1.wp.com\/cdn.adh.reperio.news\/image-a\/ad6b1a9d-34a7-4592-aec4-eba63b3775f6\/index.jpeg?w=800&#038;ssl=1\" alt=\"Poiana M\u0103rului din Cara\u0219 Severin  Foto Daniel Gu\u021b\u0103 ADEV\u0102RUL (22) jpg\" data-recalc-dims=\"1\"\/><\/figure>\n\n\n\n<figure class=\"wp-block-image\"><img decoding=\"async\" src=\"https:\/\/i0.wp.com\/cdn.adh.reperio.news\/image-3\/301703a0-16fb-4875-b9cf-d31290ba81c1\/index.jpeg?w=800&#038;ssl=1\" alt=\"Poiana M\u0103rului din Cara\u0219 Severin  Foto Daniel Gu\u021b\u0103 ADEV\u0102RUL (21) jpg\" data-recalc-dims=\"1\"\/><\/figure>\n\n\n\n<figure class=\"wp-block-image\"><img decoding=\"async\" src=\"https:\/\/i0.wp.com\/cdn.adh.reperio.news\/image-7\/7d8d0708-bfc7-4c26-88a8-a57b10205fd1\/index.jpeg?w=800&#038;ssl=1\" alt=\"Poiana M\u0103rului din Cara\u0219 Severin  Foto Daniel Gu\u021b\u0103 ADEV\u0102RUL (19) jpg\" data-recalc-dims=\"1\"\/><\/figure>\n\n\n\n<figure class=\"wp-block-image\"><img decoding=\"async\" src=\"https:\/\/i2.wp.com\/cdn.adh.reperio.news\/image-d\/dd00695b-655c-498b-8e2e-d1bcaa540330\/index.jpeg?w=800&#038;ssl=1\" alt=\"Poiana M\u0103rului din Cara\u0219 Severin  Foto Daniel Gu\u021b\u0103 ADEV\u0102RUL (15) JPG\" data-recalc-dims=\"1\"\/><\/figure>\n\n\n\n<figure class=\"wp-block-image\"><img decoding=\"async\" src=\"https:\/\/i2.wp.com\/cdn.adh.reperio.news\/image-9\/9b99dcc3-e680-4cba-af79-64b3d1fdee4c\/index.jpeg?w=800&#038;ssl=1\" alt=\"Poiana M\u0103rului din Cara\u0219 Severin  Foto Daniel Gu\u021b\u0103 ADEV\u0102RUL (16) JPG\" data-recalc-dims=\"1\"\/><\/figure>\n\n\n\n<figure class=\"wp-block-image\"><img decoding=\"async\" src=\"https:\/\/i0.wp.com\/cdn.adh.reperio.news\/image-e\/e6b335ce-64c2-42ad-9b8a-63da58fc857f\/index.jpeg?w=800&#038;ssl=1\" alt=\"Poiana M\u0103rului din Cara\u0219 Severin  Foto Daniel Gu\u021b\u0103 ADEV\u0102RUL (17) JPG\" data-recalc-dims=\"1\"\/><\/figure>\n\n\n\n<figure class=\"wp-block-image\"><img decoding=\"async\" src=\"https:\/\/i2.wp.com\/cdn.adh.reperio.news\/image-2\/2c8cfba0-7537-472f-8a5d-764cab325e26\/index.jpeg?w=800&#038;ssl=1\" alt=\"Poiana M\u0103rului din Cara\u0219 Severin  Foto Daniel Gu\u021b\u0103 ADEV\u0102RUL (18) JPG\" data-recalc-dims=\"1\"\/><\/figure>\n\n\n\n<figure class=\"wp-block-image\"><img decoding=\"async\" src=\"https:\/\/i0.wp.com\/cdn.adh.reperio.news\/image-7\/7563fe3f-6114-4b0f-a4a4-67ae5b9f7e45\/index.jpeg?w=800&#038;ssl=1\" alt=\"Poiana M\u0103rului din Cara\u0219 Severin  Foto Daniel Gu\u021b\u0103 ADEV\u0102RUL (20) jpg\" data-recalc-dims=\"1\"\/><\/figure>\n\n\n\n<p>Hotelul inaugurat \u00een 1977 a primit numele Scorilo, dup\u0103 cel al legendarei c\u0103petenii dacice. Administratorii sta\u021biunii explicau numele apel\u00e2nd la mitologie.<\/p>\n\n\n\n<p><em>\u201eO veche legend\u0103 rom\u00e2neasc\u0103 spune c\u0103 locul unde este amplasat complexul se nume\u0219te Pietrele lui Scorilo. Legenda arat\u0103 c\u0103 aici venea regele dac Scorilo, tat\u0103l viteazului Decebal, atras de bog\u0103\u021bia locurilor \u00een v\u00e2nat alpin\u201d,<\/em>&nbsp;afirma Ioan Trulea.<\/p>\n\n\n\n<h2 class=\"wp-block-heading\">Lacul de acumulare lung de \u0219apte kilometri<\/h2>\n\n\n\n<p>\u00cen anii \u201980, Poiana M\u0103rului avea s\u0103 se dezvolte \u00eentr-o nou\u0103 direc\u021bie. Mai jos de sta\u021biune, valea r\u00e2ului de munte care o traversa avea s\u0103 lase loc unuia dintre marile lacuri de acumulare din regiunea Banatului.<\/p>\n\n\n\n<p>Construc\u021bia barajului M\u0103ru a \u00eenceput la mijlocul anilor \u201980, iar un deceniu mai t\u00e2rziu barajul de anrocamente cu nucleu de argil\u0103, cu o \u00een\u0103l\u021bime de 125 de metri, a fost finalizat. Peste 2.000 de oameni au muncit la amenajarea hidroenergetic\u0103, mul\u021bi fiind g\u0103zdui\u021bi \u00een colonia muncitoreasc\u0103 de la Poiana M\u0103rului. \u00cen 1992 a \u00eenceput umplerea lacului de acumulare.<\/p>\n\n\n\n<p><em>\u201e\u00cen urm\u0103 cu 11 ani au fost demarate lucr\u0103rile pe r\u00e2ul Bistra M\u0103rului, la 16 kilometri \u00een amonte de v\u0103rsarea acestuia \u00een r\u00e2ul Bistra, la Barajul M\u0103ru. A fost realizat un baraj de anrocamente cu nucleu de argil\u0103, care va avea \u00een final o \u00een\u0103l\u021bime de 125,5 metri. Astfel, se va crea o acumulare cu un volum de 96 de milioane de metri cubi de ap\u0103, destinat\u0103 \u00een principal producerii de energie electric\u0103 \u00een centrala Ruieni, o central\u0103 cu o putere instalat\u0103 de 140 MW \u0219i o produc\u021bie medie anual\u0103 de 262 GWh. Lacul Poiana M\u0103rului se \u00eentinde de-a lungul Bistrei M\u0103rului pe \u0219apte kilometri. Barajul are o \u00een\u0103l\u021bime maxim\u0103 de 125,5 metri \u0219i o lungime a coronamentului, la cota 625 mdM, de 408 metri\u201d,<\/em>\u00a0informa \u00een 1992 \u0218tefan Pop, director al Sucursalei Caransebe\u0219 a Hidroconstruc\u021bia.<\/p>\n\n\n\n<p>Video <a href=\"https:\/\/adevarul.ro\/stil-de-viata\/calatorii\/hotelul-fantoma-din-inima-muntilor-emblema-2503738.html\">aici<\/a><\/p>\n\n\n\n<p>Potrivit inginerului, amenajarea hidroenergetic\u0103 a necesitat construc\u021bia a aproape 30 de kilometri de tuneluri, iar pentru barajele M\u0103ru \u0219i Zerve\u0219ti au fost folosi\u021bi peste cinci milioane de metri cubi de terasamente<\/p>\n\n\n\n<p><em>\u201eToate acestea, al\u0103turi de alte categorii de lucr\u0103ri \u2013 imposibil de enumerat \u00een totalitate \u2013 au fost posibile datorit\u0103 trudei a peste 2.000 de muncitori, dintre care 200 de ingineri \u0219i 100 de mai\u0219tri\u201d,&nbsp;<\/em>afirma inginerul \u0218tefan Pop.<\/p>\n\n\n\n<h2 class=\"wp-block-heading\">Hotelul abandonat din centrul sta\u021biunii<\/h2>\n\n\n\n<p>Tot \u00een 1992, societatea \u201ePoiana M\u0103rului\u201d, care administra hotelul Scorilo \u0219i mai multe vile turistice din jurul acestuia, a \u00eenceput scoaterea la licita\u021bie a cl\u0103dirilor, \u00eentr-o zon\u0103 \u00een care turismul de mas\u0103 intrase \u00een declin.<\/p>\n\n\n\n<p>Complexul a fost concesionat, trec\u00e2nd printr-un \u0219ir controversat de tranzac\u021bii, \u00een urma c\u0103rora a r\u0103mas dezafectat. \u00cen acela\u0219i timp, la \u201ecoada\u201d lacului de acumulare, localnicii au \u00eenceput s\u0103 \u00ee\u0219i construiasc\u0103 haotic, adesea f\u0103r\u0103 autoriza\u021bii, case de vacan\u021b\u0103 \u0219i vile.<\/p>\n\n\n\n<p>Peste 50 de astfel de construc\u021bii au fost ridicate \u00een primii patru ani dup\u0103 Revolu\u021bie, informa publica\u021bia Rena\u0219terea B\u0103n\u0103\u021bean\u0103 \u00een 1994.<\/p>\n\n\n\n<p>Odat\u0103 cu noul lac de acumulare devenit o atrac\u021bie a zonei, noii proprietari din Poiana M\u0103rului sperau c\u0103 sta\u021biunea se va dezvolta, de\u0219i drumul spre zona de agrement, care urca pe malul st\u00e2ng al lacului, r\u0103m\u00e2nea greu accesibil \u0219i adesea afectat de lucr\u0103rile la baraj, care au continuat \u0219i \u00een anii \u201990.<\/p>\n\n\n\n<p>Complexul Scorilo, cel mai mare hotel din Poiana M\u0103rului, a fost \u00eenchis la mijlocul anilor \u201990, iar cl\u0103dirile sale au r\u0103mas abandonate. \u00cen jurul s\u0103u, unele pensiuni s-au dezvoltat, serviciile turistice s-au diversificat \u00een ultimii ani, iar economia local\u0103 este impulsionat\u0103 \u0219i de \u00eenfiin\u021barea unui fabrici de bere.<\/p>\n\n\n\n<p>Sursa\/foto:adevarul<\/p>\n\n\n\n<p><\/p>\n","protected":false},"excerpt":{"rendered":"<p>Un hotel cu peste 170 de camere, abandonat din anii \u201990, aminte\u0219te de anii \u00een care sta\u021biunea Poiana M\u0103rului era<\/p>\n","protected":false},"author":1,"featured_media":132721,"comment_status":"open","ping_status":"closed","sticky":false,"template":"","format":"standard","meta":{"spay_email":"","footnotes":"","jetpack_publicize_message":""},"categories":[53],"tags":[],"class_list":["post-132720","post","type-post","status-publish","format-standard","has-post-thumbnail","hentry","category-periplu-prin-romania"],"jetpack_featured_media_url":"https:\/\/realitatearutiera.ro\/wp-content\/uploads\/2026\/01\/index-4-3.webp","jetpack_publicize_connections":[],"jetpack_sharing_enabled":true,"jetpack_shortlink":"https:\/\/wp.me\/p61naM-ywE","jetpack-related-posts":[],"_links":{"self":[{"href":"https:\/\/realitatearutiera.ro\/index.php?rest_route=\/wp\/v2\/posts\/132720","targetHints":{"allow":["GET"]}}],"collection":[{"href":"https:\/\/realitatearutiera.ro\/index.php?rest_route=\/wp\/v2\/posts"}],"about":[{"href":"https:\/\/realitatearutiera.ro\/index.php?rest_route=\/wp\/v2\/types\/post"}],"author":[{"embeddable":true,"href":"https:\/\/realitatearutiera.ro\/index.php?rest_route=\/wp\/v2\/users\/1"}],"replies":[{"embeddable":true,"href":"https:\/\/realitatearutiera.ro\/index.php?rest_route=%2Fwp%2Fv2%2Fcomments&post=132720"}],"version-history":[{"count":1,"href":"https:\/\/realitatearutiera.ro\/index.php?rest_route=\/wp\/v2\/posts\/132720\/revisions"}],"predecessor-version":[{"id":132722,"href":"https:\/\/realitatearutiera.ro\/index.php?rest_route=\/wp\/v2\/posts\/132720\/revisions\/132722"}],"wp:featuredmedia":[{"embeddable":true,"href":"https:\/\/realitatearutiera.ro\/index.php?rest_route=\/wp\/v2\/media\/132721"}],"wp:attachment":[{"href":"https:\/\/realitatearutiera.ro\/index.php?rest_route=%2Fwp%2Fv2%2Fmedia&parent=132720"}],"wp:term":[{"taxonomy":"category","embeddable":true,"href":"https:\/\/realitatearutiera.ro\/index.php?rest_route=%2Fwp%2Fv2%2Fcategories&post=132720"},{"taxonomy":"post_tag","embeddable":true,"href":"https:\/\/realitatearutiera.ro\/index.php?rest_route=%2Fwp%2Fv2%2Ftags&post=132720"}],"curies":[{"name":"wp","href":"https:\/\/api.w.org\/{rel}","templated":true}]}}