{"id":132810,"date":"2026-01-30T09:32:29","date_gmt":"2026-01-30T07:32:29","guid":{"rendered":"https:\/\/realitatearutiera.ro\/?p=132810"},"modified":"2026-01-30T09:32:46","modified_gmt":"2026-01-30T07:32:46","slug":"restrictii-temporare-pe-bulevardul-1-decembrie-1918-al-sucevei-pana-in-vara","status":"publish","type":"post","link":"https:\/\/realitatearutiera.ro\/?p=132810","title":{"rendered":"Restric\u021bii temporare, pe bulevardul 1 Decembrie 1918 al Sucevei, p\u00e2n\u0103 \u00een var\u0103"},"content":{"rendered":"\n<figure class=\"wp-block-image size-full\"><img loading=\"lazy\" decoding=\"async\" width=\"800\" height=\"358\" data-attachment-id=\"132811\" data-permalink=\"https:\/\/realitatearutiera.ro\/?attachment_id=132811\" data-orig-file=\"https:\/\/i2.wp.com\/realitatearutiera.ro\/wp-content\/uploads\/2026\/01\/image-173.png?fit=960%2C429&amp;ssl=1\" data-orig-size=\"960,429\" data-comments-opened=\"1\" data-image-meta=\"{&quot;aperture&quot;:&quot;0&quot;,&quot;credit&quot;:&quot;&quot;,&quot;camera&quot;:&quot;&quot;,&quot;caption&quot;:&quot;&quot;,&quot;created_timestamp&quot;:&quot;0&quot;,&quot;copyright&quot;:&quot;&quot;,&quot;focal_length&quot;:&quot;0&quot;,&quot;iso&quot;:&quot;0&quot;,&quot;shutter_speed&quot;:&quot;0&quot;,&quot;title&quot;:&quot;&quot;,&quot;orientation&quot;:&quot;0&quot;}\" data-image-title=\"image\" data-image-description=\"\" data-medium-file=\"https:\/\/i2.wp.com\/realitatearutiera.ro\/wp-content\/uploads\/2026\/01\/image-173.png?fit=300%2C134&amp;ssl=1\" data-large-file=\"https:\/\/i2.wp.com\/realitatearutiera.ro\/wp-content\/uploads\/2026\/01\/image-173.png?fit=800%2C358&amp;ssl=1\" src=\"https:\/\/i2.wp.com\/realitatearutiera.ro\/wp-content\/uploads\/2026\/01\/image-173.png?resize=800%2C358&#038;ssl=1\" alt=\"\" class=\"wp-image-132811\" srcset=\"https:\/\/i2.wp.com\/realitatearutiera.ro\/wp-content\/uploads\/2026\/01\/image-173.png?w=960&amp;ssl=1 960w, https:\/\/i2.wp.com\/realitatearutiera.ro\/wp-content\/uploads\/2026\/01\/image-173.png?resize=300%2C134&amp;ssl=1 300w, https:\/\/i2.wp.com\/realitatearutiera.ro\/wp-content\/uploads\/2026\/01\/image-173.png?resize=768%2C343&amp;ssl=1 768w\" sizes=\"auto, (max-width: 800px) 100vw, 800px\" data-recalc-dims=\"1\" \/><\/figure>\n\n\n\n<p>Traficul rutier pe principala arter\u0103 de circula\u021bie a Sucevei, bulevardul 1 Decembrie 1918 (\u00een zona cartierului Obcini, p\u00e2n\u0103 la Spitalul Jude\u021bean), va fi afectat timp de patru luni de zile de o serie de lucr\u0103ri de reabilitare \u0219i extindere a re\u021belei de alimentare cu ap\u0103.<\/p>\n\n\n\n<p>Perioada de execu\u021bie al lucr\u0103rilor, 29.01.2026 \u2013 29.05.2026, a fost anun\u021bat\u0103 de Prim\u0103ria Suceava, beneficiar direct fiind SC ACET SA, iar executant, firma sucevean\u0103 S.C. Grup Construct Bucovina S.R.L..<\/p>\n\n\n\n<p>\u201dPe durata desf\u0103\u0219ur\u0103rii lucr\u0103rilor pot ap\u0103rea restric\u021bii temporare de circula\u021bie, \u00eengreunarea accesului c\u0103tre unele imobile, precum \u0219i disconfort temporar pentru participan\u021bii la trafic \u0219i riverani.<\/p>\n\n\n\n<p>Rug\u0103m participan\u021bii la trafic \u0219i locuitorii din zon\u0103 s\u0103 manifeste \u00een\u021belegere, s\u0103 respecte semnalizarea rutier\u0103 temporar\u0103 \u0219i indica\u021biile personalului din teren\u201d, au transmis reprezentan\u021bii Prim\u0103riei Suceava.<\/p>\n\n\n\n<p>Lucr\u0103rile efective vor \u00eencepe zilele urm\u0103toare, dup\u0103 organizarea de \u0219antier, cel mai probabil fiind necesar\u0103 \u0219i semnalizarea unor rute alternative pentru perioadele c\u00e2nd lucr\u0103rile vor bloca temporar circula\u021bia, pe una sau chiar dou\u0103 benzi.<\/p>\n\n\n\n<p>Sursa:monitorulsv<\/p>\n","protected":false},"excerpt":{"rendered":"<p>Traficul rutier pe principala arter\u0103 de circula\u021bie a Sucevei, bulevardul 1 Decembrie 1918 (\u00een zona cartierului Obcini, p\u00e2n\u0103 la Spitalul<\/p>\n","protected":false},"author":1,"featured_media":92211,"comment_status":"open","ping_status":"closed","sticky":false,"template":"","format":"standard","meta":{"spay_email":"","footnotes":"","jetpack_publicize_message":""},"categories":[54],"tags":[],"class_list":["post-132810","post","type-post","status-publish","format-standard","has-post-thumbnail","hentry","category-informatii-rutiere"],"jetpack_featured_media_url":"https:\/\/realitatearutiera.ro\/wp-content\/uploads\/2022\/11\/info-trafic-observatorulnational-1.webp","jetpack_publicize_connections":[],"jetpack_sharing_enabled":true,"jetpack_shortlink":"https:\/\/wp.me\/p61naM-yy6","jetpack-related-posts":[],"_links":{"self":[{"href":"https:\/\/realitatearutiera.ro\/index.php?rest_route=\/wp\/v2\/posts\/132810","targetHints":{"allow":["GET"]}}],"collection":[{"href":"https:\/\/realitatearutiera.ro\/index.php?rest_route=\/wp\/v2\/posts"}],"about":[{"href":"https:\/\/realitatearutiera.ro\/index.php?rest_route=\/wp\/v2\/types\/post"}],"author":[{"embeddable":true,"href":"https:\/\/realitatearutiera.ro\/index.php?rest_route=\/wp\/v2\/users\/1"}],"replies":[{"embeddable":true,"href":"https:\/\/realitatearutiera.ro\/index.php?rest_route=%2Fwp%2Fv2%2Fcomments&post=132810"}],"version-history":[{"count":1,"href":"https:\/\/realitatearutiera.ro\/index.php?rest_route=\/wp\/v2\/posts\/132810\/revisions"}],"predecessor-version":[{"id":132812,"href":"https:\/\/realitatearutiera.ro\/index.php?rest_route=\/wp\/v2\/posts\/132810\/revisions\/132812"}],"wp:featuredmedia":[{"embeddable":true,"href":"https:\/\/realitatearutiera.ro\/index.php?rest_route=\/wp\/v2\/media\/92211"}],"wp:attachment":[{"href":"https:\/\/realitatearutiera.ro\/index.php?rest_route=%2Fwp%2Fv2%2Fmedia&parent=132810"}],"wp:term":[{"taxonomy":"category","embeddable":true,"href":"https:\/\/realitatearutiera.ro\/index.php?rest_route=%2Fwp%2Fv2%2Fcategories&post=132810"},{"taxonomy":"post_tag","embeddable":true,"href":"https:\/\/realitatearutiera.ro\/index.php?rest_route=%2Fwp%2Fv2%2Ftags&post=132810"}],"curies":[{"name":"wp","href":"https:\/\/api.w.org\/{rel}","templated":true}]}}