{"id":133027,"date":"2026-02-05T08:52:01","date_gmt":"2026-02-05T06:52:01","guid":{"rendered":"https:\/\/realitatearutiera.ro\/?p=133027"},"modified":"2026-02-05T08:52:03","modified_gmt":"2026-02-05T06:52:03","slug":"unirea-alba-impact-intre-un-microbuz-si-un-autoturism","status":"publish","type":"post","link":"https:\/\/realitatearutiera.ro\/?p=133027","title":{"rendered":"Unirea-Alba: impact \u00eentre un microbuz \u0219i un autoturism"},"content":{"rendered":"\n<p id=\"p-1\"><strong>Un accident rutier a avut loc joi diminea\u021b\u0103, 5 februarie 2026, \u00een jurul orei 07.10, pe raza localit\u0103\u021bii Unirea din jude\u021bul Alba.<\/strong><\/p>\n\n\n\n<p id=\"p-2\">Potrivit reprezentan\u021bilor IPJ Alba, accidentul s-a produs pe DN 1.<\/p>\n\n\n\n<p id=\"p-3\">Din primele informa\u021bii \u00een accidentul rutier sunt implicate un autoturism \u0219i un microbuz.<\/p>\n\n\n\n<p id=\"p-4\">Traficul rutier este blocat \u00een zona accidentului.<\/p>\n\n\n\n<p id=\"p-5\">\u00centreba\u021bi de reporterul alba24.ro dac\u0103 la fa\u021ba locului intervin pompieri militari ai ISU Alba, purt\u0103torul de cuv\u00e2nt al institu\u021biei a declarat c\u0103 nici un echipaj al ISU Alba nu intervine la fa\u021ba locului.<\/p>\n\n\n\n<p id=\"p-6\">La mai bine de 20 de minute de la transmiterea primelor informa\u021bii, reprezentan\u021bii IPJ Alba, la solicitarea reporterilor alba24.ro, au comunicat noi date despre accident.<\/p>\n\n\n\n<p id=\"p-7\">Purt\u0103torul de cuv\u00e2nt al poli\u021biei a declarat c\u0103 \u201dnu este grav\u201d. Apoi a mai precizat c\u0103 o persoan\u0103 ar fi r\u0103nit\u0103 u\u0219or.<\/p>\n\n\n\n<p id=\"p-8\">\u0218tire \u00een curs de actualizare.<\/p>\n\n\n\n<p>Sursa:alba24<\/p>\n","protected":false},"excerpt":{"rendered":"<p>Un accident rutier a avut loc joi diminea\u021b\u0103, 5 februarie 2026, \u00een jurul orei 07.10, pe raza localit\u0103\u021bii Unirea din<\/p>\n","protected":false},"author":1,"featured_media":116078,"comment_status":"open","ping_status":"closed","sticky":false,"template":"","format":"standard","meta":{"spay_email":"","footnotes":"","jetpack_publicize_message":""},"categories":[1],"tags":[],"class_list":["post-133027","post","type-post","status-publish","format-standard","has-post-thumbnail","hentry","category-uncategorized"],"jetpack_featured_media_url":"https:\/\/i1.wp.com\/realitatearutiera.ro\/wp-content\/uploads\/2024\/09\/accident.jpg?fit=630%2C365&ssl=1","jetpack_publicize_connections":[],"jetpack_sharing_enabled":true,"jetpack_shortlink":"https:\/\/wp.me\/p61naM-yBB","jetpack-related-posts":[],"_links":{"self":[{"href":"https:\/\/realitatearutiera.ro\/index.php?rest_route=\/wp\/v2\/posts\/133027","targetHints":{"allow":["GET"]}}],"collection":[{"href":"https:\/\/realitatearutiera.ro\/index.php?rest_route=\/wp\/v2\/posts"}],"about":[{"href":"https:\/\/realitatearutiera.ro\/index.php?rest_route=\/wp\/v2\/types\/post"}],"author":[{"embeddable":true,"href":"https:\/\/realitatearutiera.ro\/index.php?rest_route=\/wp\/v2\/users\/1"}],"replies":[{"embeddable":true,"href":"https:\/\/realitatearutiera.ro\/index.php?rest_route=%2Fwp%2Fv2%2Fcomments&post=133027"}],"version-history":[{"count":1,"href":"https:\/\/realitatearutiera.ro\/index.php?rest_route=\/wp\/v2\/posts\/133027\/revisions"}],"predecessor-version":[{"id":133028,"href":"https:\/\/realitatearutiera.ro\/index.php?rest_route=\/wp\/v2\/posts\/133027\/revisions\/133028"}],"wp:featuredmedia":[{"embeddable":true,"href":"https:\/\/realitatearutiera.ro\/index.php?rest_route=\/wp\/v2\/media\/116078"}],"wp:attachment":[{"href":"https:\/\/realitatearutiera.ro\/index.php?rest_route=%2Fwp%2Fv2%2Fmedia&parent=133027"}],"wp:term":[{"taxonomy":"category","embeddable":true,"href":"https:\/\/realitatearutiera.ro\/index.php?rest_route=%2Fwp%2Fv2%2Fcategories&post=133027"},{"taxonomy":"post_tag","embeddable":true,"href":"https:\/\/realitatearutiera.ro\/index.php?rest_route=%2Fwp%2Fv2%2Ftags&post=133027"}],"curies":[{"name":"wp","href":"https:\/\/api.w.org\/{rel}","templated":true}]}}