{"id":133313,"date":"2026-02-12T08:25:28","date_gmt":"2026-02-12T06:25:28","guid":{"rendered":"https:\/\/realitatearutiera.ro\/?p=133313"},"modified":"2026-02-12T08:25:31","modified_gmt":"2026-02-12T06:25:31","slug":"judetul-mehedinti-trafic-ingreunat-pe-dn-6-2","status":"publish","type":"post","link":"https:\/\/realitatearutiera.ro\/?p=133313","title":{"rendered":"JUDE\u021aUL MEHEDIN\u021aI: TRAFIC \u00ceNGREUNAT PE DN 6"},"content":{"rendered":"\n<p><strong>Ora:&nbsp;<\/strong>07:45<\/p>\n\n\n\n<p><strong>Centrul INFOTRAFIC din Inspectoratul General al Poli\u021biei Rom\u00e2ne&nbsp;<\/strong>informeaz\u0103 c\u0103 traficul rutier se desf\u0103\u0219oar\u0103 \u00eengreunat pe DN 6 Drobeta-Turnu Severin \u2013 Or\u0219ova, \u00een apropierea localit\u0103\u021bii Gura V\u0103ii, jude\u021bul Mehedin\u021bi, dup\u0103 ce a avut loc o coliziune \u00eentre dou\u0103 autoturisme. \u00cen urma accidentului nu au fost \u00eenregistrate victime.<\/p>\n\n\n\n<p>Se estimeaz\u0103 reluarea circula\u021biei rutiere \u00een condi\u021bii normale dup\u0103 ora 08:00.<\/p>\n","protected":false},"excerpt":{"rendered":"<p>Ora:&nbsp;07:45 Centrul INFOTRAFIC din Inspectoratul General al Poli\u021biei Rom\u00e2ne&nbsp;informeaz\u0103 c\u0103 traficul rutier se desf\u0103\u0219oar\u0103 \u00eengreunat pe DN 6 Drobeta-Turnu Severin<\/p>\n","protected":false},"author":1,"featured_media":101639,"comment_status":"open","ping_status":"closed","sticky":false,"template":"","format":"standard","meta":{"spay_email":"","footnotes":"","jetpack_publicize_message":""},"categories":[54],"tags":[],"class_list":["post-133313","post","type-post","status-publish","format-standard","has-post-thumbnail","hentry","category-informatii-rutiere"],"jetpack_featured_media_url":"https:\/\/i0.wp.com\/realitatearutiera.ro\/wp-content\/uploads\/2023\/08\/infotrafic-e1535778443522.jpg?fit=332%2C231&ssl=1","jetpack_publicize_connections":[],"jetpack_sharing_enabled":true,"jetpack_shortlink":"https:\/\/wp.me\/p61naM-yGd","jetpack-related-posts":[],"_links":{"self":[{"href":"https:\/\/realitatearutiera.ro\/index.php?rest_route=\/wp\/v2\/posts\/133313","targetHints":{"allow":["GET"]}}],"collection":[{"href":"https:\/\/realitatearutiera.ro\/index.php?rest_route=\/wp\/v2\/posts"}],"about":[{"href":"https:\/\/realitatearutiera.ro\/index.php?rest_route=\/wp\/v2\/types\/post"}],"author":[{"embeddable":true,"href":"https:\/\/realitatearutiera.ro\/index.php?rest_route=\/wp\/v2\/users\/1"}],"replies":[{"embeddable":true,"href":"https:\/\/realitatearutiera.ro\/index.php?rest_route=%2Fwp%2Fv2%2Fcomments&post=133313"}],"version-history":[{"count":1,"href":"https:\/\/realitatearutiera.ro\/index.php?rest_route=\/wp\/v2\/posts\/133313\/revisions"}],"predecessor-version":[{"id":133314,"href":"https:\/\/realitatearutiera.ro\/index.php?rest_route=\/wp\/v2\/posts\/133313\/revisions\/133314"}],"wp:featuredmedia":[{"embeddable":true,"href":"https:\/\/realitatearutiera.ro\/index.php?rest_route=\/wp\/v2\/media\/101639"}],"wp:attachment":[{"href":"https:\/\/realitatearutiera.ro\/index.php?rest_route=%2Fwp%2Fv2%2Fmedia&parent=133313"}],"wp:term":[{"taxonomy":"category","embeddable":true,"href":"https:\/\/realitatearutiera.ro\/index.php?rest_route=%2Fwp%2Fv2%2Fcategories&post=133313"},{"taxonomy":"post_tag","embeddable":true,"href":"https:\/\/realitatearutiera.ro\/index.php?rest_route=%2Fwp%2Fv2%2Ftags&post=133313"}],"curies":[{"name":"wp","href":"https:\/\/api.w.org\/{rel}","templated":true}]}}