{"id":133713,"date":"2026-02-20T09:29:00","date_gmt":"2026-02-20T07:29:00","guid":{"rendered":"https:\/\/realitatearutiera.ro\/?p=133713"},"modified":"2026-02-20T09:29:02","modified_gmt":"2026-02-20T07:29:02","slug":"cat-te-costa-graba-amenzi-pentru-trecerea-pe-galben-in-2026","status":"publish","type":"post","link":"https:\/\/realitatearutiera.ro\/?p=133713","title":{"rendered":"C\u00e2t te cost\u0103 graba? Amenzi pentru trecerea pe galben \u00een 2026"},"content":{"rendered":"\n<figure class=\"wp-block-image size-large is-resized\"><img loading=\"lazy\" decoding=\"async\" width=\"800\" height=\"450\" data-attachment-id=\"133714\" data-permalink=\"https:\/\/realitatearutiera.ro\/?attachment_id=133714\" data-orig-file=\"https:\/\/i2.wp.com\/realitatearutiera.ro\/wp-content\/uploads\/2026\/02\/image-154.png?fit=1200%2C675&amp;ssl=1\" data-orig-size=\"1200,675\" data-comments-opened=\"1\" data-image-meta=\"{&quot;aperture&quot;:&quot;0&quot;,&quot;credit&quot;:&quot;&quot;,&quot;camera&quot;:&quot;&quot;,&quot;caption&quot;:&quot;&quot;,&quot;created_timestamp&quot;:&quot;0&quot;,&quot;copyright&quot;:&quot;&quot;,&quot;focal_length&quot;:&quot;0&quot;,&quot;iso&quot;:&quot;0&quot;,&quot;shutter_speed&quot;:&quot;0&quot;,&quot;title&quot;:&quot;&quot;,&quot;orientation&quot;:&quot;0&quot;}\" data-image-title=\"image\" data-image-description=\"\" data-medium-file=\"https:\/\/i2.wp.com\/realitatearutiera.ro\/wp-content\/uploads\/2026\/02\/image-154.png?fit=300%2C169&amp;ssl=1\" data-large-file=\"https:\/\/i2.wp.com\/realitatearutiera.ro\/wp-content\/uploads\/2026\/02\/image-154.png?fit=800%2C450&amp;ssl=1\" src=\"https:\/\/i1.wp.com\/realitatearutiera.ro\/wp-content\/uploads\/2026\/02\/image-154-1024x576.png?resize=800%2C450&#038;ssl=1\" alt=\"\" class=\"wp-image-133714\" style=\"width:396px;height:auto\" srcset=\"https:\/\/i2.wp.com\/realitatearutiera.ro\/wp-content\/uploads\/2026\/02\/image-154.png?resize=1024%2C576&amp;ssl=1 1024w, https:\/\/i2.wp.com\/realitatearutiera.ro\/wp-content\/uploads\/2026\/02\/image-154.png?resize=300%2C169&amp;ssl=1 300w, https:\/\/i2.wp.com\/realitatearutiera.ro\/wp-content\/uploads\/2026\/02\/image-154.png?resize=768%2C432&amp;ssl=1 768w, https:\/\/i2.wp.com\/realitatearutiera.ro\/wp-content\/uploads\/2026\/02\/image-154.png?w=1200&amp;ssl=1 1200w\" sizes=\"auto, (max-width: 800px) 100vw, 800px\" data-recalc-dims=\"1\" \/><\/figure>\n\n\n\n<p>Chiar dac\u0103 unii \u0219oferi accelereaz\u0103 c\u00e2nd se pune galben la semafor, consider\u00e2nd c\u0103 nu e nicio problem\u0103 c\u00e2t timp nu se face ro\u0219u, Codul Rutier 2026 interzice acest lucru. Iar cei care \u00ee\u0219i continu\u0103 deplasarea risc\u0103 s\u0103 primeasc\u0103 amend\u0103.<\/p>\n\n\n\n<p>Trecerea pe galben la&nbsp;<a href=\"https:\/\/www.promotor.ro\/stiri-auto\/codul-rutier-2025-este-legal-sa-treci-pe-galben-la-semafor-cine-e-obligat-sa-acorde-prioritate-19352747\">semafor<\/a>&nbsp;este considerat\u0103 de mul\u021bi \u0219oferi o \u201ezon\u0103 gri\u201d a legisla\u021biei rutiere. Unii accelereaz\u0103 c\u00e2nd v\u0103d culoarea galben\u0103, de team\u0103 s\u0103 nu r\u0103m\u00e2n\u0103 bloca\u021bi la semafor.<\/p>\n\n\n\n<p>Al\u021bii fr\u00e2neaz\u0103 brusc, risc\u00e2nd inclusiv s\u0103 fie lovi\u021bi de ma\u0219ina aflat\u0103 \u00een spate. Conform Codului Rutier 2026, \u00een ambele cazuri \u0219oferii gre\u0219esc.<\/p>\n\n\n\n<h2 class=\"wp-block-heading\">Cod Rutier 2026: C\u00e2nd este legal s\u0103 treci pe galben<\/h2>\n\n\n\n<p>Semafoarele au trei culori principale: verde, galben \u0219i ro\u0219u. Pe verde, \u0219oferii pot p\u0103trunde \u00een intersec\u021bie. Pe ro\u0219u, oprirea este obligatorie \u00eenainte de marcajul de oprire sau \u00eenaintea trecerii pentru pietoni.<\/p>\n\n\n\n<p>Galbenul are rolul de avertizare \u0219i apare \u00eentre verde \u0219i ro\u0219u, timp de aproximativ 3-5 secunde.<\/p>\n\n\n\n<p>Potrivit art. 53 alin. (1) din Regulamentul de aplicare al OUG 195\/2002, atunci c\u00e2nd semnalul galben apare dup\u0103 verde, conduc\u0103torul auto nu trebuie s\u0103 treac\u0103 de locul de oprire.<\/p>\n\n\n\n<p>\u201e<em><strong>C\u00e2nd semnalul galben apare dup\u0103 semnalul verde, conduc\u0103torul vehiculului care se apropie de intersec\u021bie nu trebuie s\u0103 treac\u0103 de locurile prev\u0103zute \u00een Art. 52 alin. (2), cu excep\u021bia situa\u021biei \u00een care, la apari\u021bia&nbsp;<a href=\"https:\/\/www.promotor.ro\/stiri-auto\/ai-schimbat-directia-fara-sa-semnalizezi-cine-e-vinovat-daca-se-produce-un-accident-rutier-19232193\">semnalului<\/a>, se afl\u0103 at\u00e2t de aproape de acele locuri, \u00eenc\u00e2t nu ar mai putea opri vehiculul \u00een condi\u021bii de siguran\u021b\u0103<\/strong><\/em>\u201d, stabile\u0219te Art. 53&nbsp; alin. (1) din regulamentul de aplicare al OUG 195\/2002.<\/p>\n\n\n\n<p>A\u0219adar, singura excep\u021bie este \u00een situa\u021bia \u00een care oprirea nu se poate face \u00een siguran\u021b\u0103. Practic, nu trebuie nici s\u0103 accelerezi c\u00e2nd se pune&nbsp;<a href=\"https:\/\/www.promotor.ro\/stiri-auto\/2024-sanctiune-trecere-pe-galben-la-semafor-exista-o-singura-situatie-in-care-scapi-de-amenda-19257783\">galben<\/a>&nbsp;la semafor, nici s\u0103 fr\u00e2nezi brusc.<\/p>\n\n\n\n<h2 class=\"wp-block-heading\">C\u00e2t este amenda dac\u0103 treci pe galben la semafor<\/h2>\n\n\n\n<p>Nerespectarea semnifica\u021biei culorii galbene este contraven\u021bie, potrivit art. 99 pct. 15 din Codul Rutier.<\/p>\n\n\n\n<p>Fapta se sanc\u021bioneaz\u0103 cu amend\u0103 din clasa I de sanc\u021biuni. \u00cen 2026, un punct de amend\u0103 este 202,5 lei.<\/p>\n\n\n\n<p>Astfel, \u0219oferii care trec pe galben la semafor, de\u0219i ar avea timp s\u0103 opreasc\u0103, risc\u0103 o amend\u0103 cuprins\u0103 \u00eentre 405 \u0219i 607,5 lei. Dar, spre deosebire de trecerea pe ro\u0219u, permisul de conducere nu va fi suspendat.<\/p>\n\n\n\n<p>Desigur, mul\u021bi \u0219oferi care trec inten\u021bionat pe galben vor sus\u021bine fie c\u0103 nu aveau timp s\u0103 opreasc\u0103 \u00een siguran\u021b\u0103, fie c\u0103 s-a pus prea repede. De aceea, poli\u021bistul rutier care aplic\u0103 sanc\u021biunea analizeaz\u0103 fiecare caz \u00een parte. Iar dac\u0103 \u0219oferul consider\u0103 c\u0103 sanc\u021biunea este nelegal\u0103, poate cere \u00een instan\u021b\u0103 anularea procesului verbal, implicit a amenzii. Numai c\u0103 va trebui s\u0103 demonstreze cu martori sau imagini c\u0103 nu putea opri \u00een siguran\u021b\u0103.<\/p>\n\n\n\n<p>Sursa\/foto:promotor<\/p>\n","protected":false},"excerpt":{"rendered":"<p>Chiar dac\u0103 unii \u0219oferi accelereaz\u0103 c\u00e2nd se pune galben la semafor, consider\u00e2nd c\u0103 nu e nicio problem\u0103 c\u00e2t timp nu<\/p>\n","protected":false},"author":1,"featured_media":133714,"comment_status":"open","ping_status":"closed","sticky":false,"template":"","format":"standard","meta":{"spay_email":"","footnotes":"","jetpack_publicize_message":""},"categories":[82],"tags":[],"class_list":["post-133713","post","type-post","status-publish","format-standard","has-post-thumbnail","hentry","category-auto"],"jetpack_featured_media_url":"https:\/\/i2.wp.com\/realitatearutiera.ro\/wp-content\/uploads\/2026\/02\/image-154.png?fit=1200%2C675&ssl=1","jetpack_publicize_connections":[],"jetpack_sharing_enabled":true,"jetpack_shortlink":"https:\/\/wp.me\/p61naM-yMF","jetpack-related-posts":[],"_links":{"self":[{"href":"https:\/\/realitatearutiera.ro\/index.php?rest_route=\/wp\/v2\/posts\/133713","targetHints":{"allow":["GET"]}}],"collection":[{"href":"https:\/\/realitatearutiera.ro\/index.php?rest_route=\/wp\/v2\/posts"}],"about":[{"href":"https:\/\/realitatearutiera.ro\/index.php?rest_route=\/wp\/v2\/types\/post"}],"author":[{"embeddable":true,"href":"https:\/\/realitatearutiera.ro\/index.php?rest_route=\/wp\/v2\/users\/1"}],"replies":[{"embeddable":true,"href":"https:\/\/realitatearutiera.ro\/index.php?rest_route=%2Fwp%2Fv2%2Fcomments&post=133713"}],"version-history":[{"count":1,"href":"https:\/\/realitatearutiera.ro\/index.php?rest_route=\/wp\/v2\/posts\/133713\/revisions"}],"predecessor-version":[{"id":133715,"href":"https:\/\/realitatearutiera.ro\/index.php?rest_route=\/wp\/v2\/posts\/133713\/revisions\/133715"}],"wp:featuredmedia":[{"embeddable":true,"href":"https:\/\/realitatearutiera.ro\/index.php?rest_route=\/wp\/v2\/media\/133714"}],"wp:attachment":[{"href":"https:\/\/realitatearutiera.ro\/index.php?rest_route=%2Fwp%2Fv2%2Fmedia&parent=133713"}],"wp:term":[{"taxonomy":"category","embeddable":true,"href":"https:\/\/realitatearutiera.ro\/index.php?rest_route=%2Fwp%2Fv2%2Fcategories&post=133713"},{"taxonomy":"post_tag","embeddable":true,"href":"https:\/\/realitatearutiera.ro\/index.php?rest_route=%2Fwp%2Fv2%2Ftags&post=133713"}],"curies":[{"name":"wp","href":"https:\/\/api.w.org\/{rel}","templated":true}]}}