{"id":134070,"date":"2026-03-02T08:23:41","date_gmt":"2026-03-02T06:23:41","guid":{"rendered":"https:\/\/realitatearutiera.ro\/?p=134070"},"modified":"2026-03-02T08:23:59","modified_gmt":"2026-03-02T06:23:59","slug":"informatii-din-trafic-412","status":"publish","type":"post","link":"https:\/\/realitatearutiera.ro\/?p=134070","title":{"rendered":"Informa\u021bii din trafic"},"content":{"rendered":"\n<p><strong>Ora:&nbsp;<\/strong>07:00<\/p>\n\n\n\n<p><strong>Centrul INFOTRAFIC din Inspectoratul General al Poli\u0163iei Rom\u00e2ne informeaz\u0103&nbsp;<\/strong>c\u0103 traficul rutier este oprit pe DN 28A T\u00e2rgu Frumos \u2013 T\u00e2rgu Neam\u021b, \u00een localitatea Ruginoasa, dup\u0103 ce a avut loc o coliziune \u00eentre dou\u0103 autoturisme. \u00cen urma accidentului, au rezultat trei persoane care necesit\u0103 \u00eengrijiri medicale. Traficul rutier este blocat.<\/p>\n\n\n\n<p>Este semnalat\u0103 cea\u021b\u0103, cu sc\u0103derea vizibilit\u0103\u021bii sub 200 de metri, pe alocuri sub 50 de metri, pe mai multe drumuri din sudul \u0219i estul \u021b\u0103rii, iar \u00een func\u021bie de condi\u021biile locale, este favorizat\u0103 formarea ghe\u021bu\u0219ului.<\/p>\n\n\n\n<p>De asemenea, vizibilitatea \u00een trafic este redus\u0103 din cauza ce\u021bii la sub 200 de metri pe mai multe tronsoane din autostr\u0103zile A0 Centura Bucure\u0219ti, A1 Bucure\u0219ti-Pite\u0219ti, A2 Bucure\u0219ti-Constan\u021ba, A3 Bucure\u0219ti-Bra\u0219ov \u0219i A7 Ploie\u0219ti-Adjud.&nbsp; &nbsp; &nbsp; &nbsp; &nbsp; &nbsp; &nbsp;<\/p>\n\n\n\n<p><strong><em>Pentru o circula\u021bie \u00een siguran\u021b\u0103, recomand\u0103m conduc\u0103torilor auto:<\/em><\/strong><\/p>\n\n\n\n<p><strong><em>&#8211; s\u0103 se informeze foarte bine \u00eenainte de a pleca la drum despre condi\u021biile meteorologice din zonele pe care le tranziteaz\u0103 \u0219i restric\u021biile de trafic impuse;<\/em><\/strong><\/p>\n\n\n\n<p><strong><em>&#8211; s\u0103 foloseasc\u0103 sistemele de climatizare \u0219i iluminare c\u00e2nd situa\u021bia o impune;<\/em><\/strong><\/p>\n\n\n\n<p><strong><em>&#8211; s\u0103 p\u0103streze \u00een mers o distan\u021b\u0103 corespunz\u0103toare, care s\u0103 le permit\u0103 oprirea \u00een condi\u021bii de siguran\u021b\u0103;<\/em><\/strong><\/p>\n\n\n\n<p><strong><em>&#8211; s\u0103 adapteze viteza la condi\u021biile drumului \u0219i traficului;<\/em><\/strong><\/p>\n\n\n\n<p><strong><em>&#8211;&nbsp;<\/em><\/strong><strong><em>s\u0103 se asigure constant, \u00eenainte de fiecare manevr\u0103 \u0219i s\u0103 semnalizeze din timp schimbarea benzii de circula\u021bie sau a direc\u021biei;<\/em><\/strong><\/p>\n\n\n\n<p><strong><em>&#8211; s\u0103 evite dep\u0103\u0219irile periculoase \u0219i orice comportament agresiv;<\/em><\/strong><\/p>\n\n\n\n<p><strong><em>&#8211; s\u0103 adopte o conduit\u0103 preventiv\u0103 \u00een trafic, f\u0103r\u0103 a avea preocup\u0103ri la volan de natur\u0103 a le distrage aten\u021bia de la condus;<\/em><\/strong><\/p>\n\n\n\n<p><strong><em>&#8211; s\u0103 respecte toate regulile de circula\u021bie, conduc\u00e2nd cu mult\u0103 responsabilitate.<\/em><\/strong><\/p>\n","protected":false},"excerpt":{"rendered":"<p>Ora:&nbsp;07:00 Centrul INFOTRAFIC din Inspectoratul General al Poli\u0163iei Rom\u00e2ne informeaz\u0103&nbsp;c\u0103 traficul rutier este oprit pe DN 28A T\u00e2rgu Frumos \u2013<\/p>\n","protected":false},"author":1,"featured_media":101639,"comment_status":"open","ping_status":"closed","sticky":false,"template":"","format":"standard","meta":{"spay_email":"","footnotes":"","jetpack_publicize_message":""},"categories":[54],"tags":[],"class_list":["post-134070","post","type-post","status-publish","format-standard","has-post-thumbnail","hentry","category-informatii-rutiere"],"jetpack_featured_media_url":"https:\/\/i0.wp.com\/realitatearutiera.ro\/wp-content\/uploads\/2023\/08\/infotrafic-e1535778443522.jpg?fit=332%2C231&ssl=1","jetpack_publicize_connections":[],"jetpack_sharing_enabled":true,"jetpack_shortlink":"https:\/\/wp.me\/p61naM-ySq","jetpack-related-posts":[],"_links":{"self":[{"href":"https:\/\/realitatearutiera.ro\/index.php?rest_route=\/wp\/v2\/posts\/134070","targetHints":{"allow":["GET"]}}],"collection":[{"href":"https:\/\/realitatearutiera.ro\/index.php?rest_route=\/wp\/v2\/posts"}],"about":[{"href":"https:\/\/realitatearutiera.ro\/index.php?rest_route=\/wp\/v2\/types\/post"}],"author":[{"embeddable":true,"href":"https:\/\/realitatearutiera.ro\/index.php?rest_route=\/wp\/v2\/users\/1"}],"replies":[{"embeddable":true,"href":"https:\/\/realitatearutiera.ro\/index.php?rest_route=%2Fwp%2Fv2%2Fcomments&post=134070"}],"version-history":[{"count":1,"href":"https:\/\/realitatearutiera.ro\/index.php?rest_route=\/wp\/v2\/posts\/134070\/revisions"}],"predecessor-version":[{"id":134071,"href":"https:\/\/realitatearutiera.ro\/index.php?rest_route=\/wp\/v2\/posts\/134070\/revisions\/134071"}],"wp:featuredmedia":[{"embeddable":true,"href":"https:\/\/realitatearutiera.ro\/index.php?rest_route=\/wp\/v2\/media\/101639"}],"wp:attachment":[{"href":"https:\/\/realitatearutiera.ro\/index.php?rest_route=%2Fwp%2Fv2%2Fmedia&parent=134070"}],"wp:term":[{"taxonomy":"category","embeddable":true,"href":"https:\/\/realitatearutiera.ro\/index.php?rest_route=%2Fwp%2Fv2%2Fcategories&post=134070"},{"taxonomy":"post_tag","embeddable":true,"href":"https:\/\/realitatearutiera.ro\/index.php?rest_route=%2Fwp%2Fv2%2Ftags&post=134070"}],"curies":[{"name":"wp","href":"https:\/\/api.w.org\/{rel}","templated":true}]}}