{"id":134148,"date":"2026-03-03T09:28:01","date_gmt":"2026-03-03T07:28:01","guid":{"rendered":"https:\/\/realitatearutiera.ro\/?p=134148"},"modified":"2026-03-03T09:28:05","modified_gmt":"2026-03-03T07:28:05","slug":"un-sofer-grabit-a-trecut-pe-rosu-si-a-spulberat-un-pieton-aflat-la-semafor-a-fugit-dupa-impact","status":"publish","type":"post","link":"https:\/\/realitatearutiera.ro\/?p=134148","title":{"rendered":"Un \u0219ofer gr\u0103bit a trecut pe ro\u0219u \u0219i a spulberat un pieton aflat la semafor. A fugit dup\u0103 impact"},"content":{"rendered":"\n<p>Accident teribil, ieri, \u00een Br\u0103ila. Un \u0219ofer de 37 de ani ar fi trecut pe culoarea ro\u015fie a semaforului, a spulberat un pieton aflat pe trotuar \u0219i a f\u0103cut praf alte dou\u0103 ma\u0219ini.<a href=\"https:\/\/observatornews.ro\/autori\/adrian-obreja-id121.html\"><\/a><\/p>\n\n\n\n<p>Mai mult, a fugit de la fa\u0163a locului. Femeia de 59 de ani care a\u015ftepta la trecerea de pietoni \u015fi \u015foferul uneia dintre ma\u015fini au fost transporta\u0163i \u00een stare critic\u0103 la spital. \u00cen cele din urm\u0103, \u015foferul vinovat a fost identificat de poli\u0163i\u015fti.<\/p>\n\n\n\n<p>A fost testat cu aparatul etilotest, iar rezultatul a fost negativ, \u00eens\u0103 culmea, \u00een urma verific\u0103rilor, poli\u0163i\u015ftii au descoperit c\u0103 avea permisul de conducere suspendat. Poli\u0163i\u015ftii continu\u0103 acum cercet\u0103rile.<\/p>\n\n\n\n<h2 class=\"wp-block-heading\" id=\"section-1\">Ce spun poli\u021bi\u0219tii&nbsp;<\/h2>\n\n\n\n<p>La data de 2 martie a.c., \u00een jurul orei 16:30, poli\u021bi\u0219tii Biroului Rutier au fost sesiza\u021bi prin apel 112 cu privire la faptul c\u0103 la intersec\u021bia dintre strada Grivi\u021bei \u0219i General Eremia Grigorescu a avut loc un accident rutier.&nbsp;<\/p>\n\n\n\n<p>Din primele date ob\u021binute se pare c\u0103 \u0219oferul unui autoturism ar fi p\u0103truns \u00een intersec\u021bia semaforizat\u0103 unde ar fi intrat \u00een coliziune cu alte dou\u0103 autovehicule.<\/p>\n\n\n\n<p>\u00cen urma impactului autoturismul a fost proiectat \u00eentr-un st\u00e2lp de electricitate, lovind un pieton.&nbsp;<\/p>\n\n\n\n<p>\u00cen urma evenimentului au fost transporta\u021bi la spital, \u0219oferul unuia dintre autovehiculele lovite \u0219i femeia ce se deplasa \u00een calitate de pieton.<\/p>\n\n\n\n<p>Cercet\u0103rile continu\u0103 de c\u0103tre poli\u021bi\u0219tii afla\u021bi \u00een aceste momente la fa\u021ba locului pentru stabilirea tuturor \u00eemprejur\u0103rilor \u00een care a avut loc evenimentul rutier.<\/p>\n\n\n\n<p>Sursa:observatornews<\/p>\n","protected":false},"excerpt":{"rendered":"<p>Accident teribil, ieri, \u00een Br\u0103ila. Un \u0219ofer de 37 de ani ar fi trecut pe culoarea ro\u015fie a semaforului, a<\/p>\n","protected":false},"author":1,"featured_media":99387,"comment_status":"open","ping_status":"closed","sticky":false,"template":"","format":"standard","meta":{"spay_email":"","footnotes":"","jetpack_publicize_message":""},"categories":[1],"tags":[],"class_list":["post-134148","post","type-post","status-publish","format-standard","has-post-thumbnail","hentry","category-uncategorized"],"jetpack_featured_media_url":"https:\/\/i0.wp.com\/realitatearutiera.ro\/wp-content\/uploads\/2023\/05\/accident-ambulanta-poza-buna_b920cdfaf1.jpg?fit=1920%2C1080&ssl=1","jetpack_publicize_connections":[],"jetpack_sharing_enabled":true,"jetpack_shortlink":"https:\/\/wp.me\/p61naM-yTG","jetpack-related-posts":[],"_links":{"self":[{"href":"https:\/\/realitatearutiera.ro\/index.php?rest_route=\/wp\/v2\/posts\/134148","targetHints":{"allow":["GET"]}}],"collection":[{"href":"https:\/\/realitatearutiera.ro\/index.php?rest_route=\/wp\/v2\/posts"}],"about":[{"href":"https:\/\/realitatearutiera.ro\/index.php?rest_route=\/wp\/v2\/types\/post"}],"author":[{"embeddable":true,"href":"https:\/\/realitatearutiera.ro\/index.php?rest_route=\/wp\/v2\/users\/1"}],"replies":[{"embeddable":true,"href":"https:\/\/realitatearutiera.ro\/index.php?rest_route=%2Fwp%2Fv2%2Fcomments&post=134148"}],"version-history":[{"count":1,"href":"https:\/\/realitatearutiera.ro\/index.php?rest_route=\/wp\/v2\/posts\/134148\/revisions"}],"predecessor-version":[{"id":134150,"href":"https:\/\/realitatearutiera.ro\/index.php?rest_route=\/wp\/v2\/posts\/134148\/revisions\/134150"}],"wp:featuredmedia":[{"embeddable":true,"href":"https:\/\/realitatearutiera.ro\/index.php?rest_route=\/wp\/v2\/media\/99387"}],"wp:attachment":[{"href":"https:\/\/realitatearutiera.ro\/index.php?rest_route=%2Fwp%2Fv2%2Fmedia&parent=134148"}],"wp:term":[{"taxonomy":"category","embeddable":true,"href":"https:\/\/realitatearutiera.ro\/index.php?rest_route=%2Fwp%2Fv2%2Fcategories&post=134148"},{"taxonomy":"post_tag","embeddable":true,"href":"https:\/\/realitatearutiera.ro\/index.php?rest_route=%2Fwp%2Fv2%2Ftags&post=134148"}],"curies":[{"name":"wp","href":"https:\/\/api.w.org\/{rel}","templated":true}]}}