{"id":134322,"date":"2026-03-06T09:00:17","date_gmt":"2026-03-06T07:00:17","guid":{"rendered":"https:\/\/realitatearutiera.ro\/?p=134322"},"modified":"2026-03-06T09:00:20","modified_gmt":"2026-03-06T07:00:20","slug":"suceava-accident-pe-trecera-de-pietoni","status":"publish","type":"post","link":"https:\/\/realitatearutiera.ro\/?p=134322","title":{"rendered":"Suceava: accident pe trecera de pietoni"},"content":{"rendered":"\n<figure class=\"wp-block-image size-full\"><img loading=\"lazy\" decoding=\"async\" width=\"800\" height=\"360\" data-attachment-id=\"134323\" data-permalink=\"https:\/\/realitatearutiera.ro\/?attachment_id=134323\" data-orig-file=\"https:\/\/i2.wp.com\/realitatearutiera.ro\/wp-content\/uploads\/2026\/03\/image-43.png?fit=960%2C432&amp;ssl=1\" data-orig-size=\"960,432\" data-comments-opened=\"1\" data-image-meta=\"{&quot;aperture&quot;:&quot;0&quot;,&quot;credit&quot;:&quot;&quot;,&quot;camera&quot;:&quot;&quot;,&quot;caption&quot;:&quot;&quot;,&quot;created_timestamp&quot;:&quot;0&quot;,&quot;copyright&quot;:&quot;&quot;,&quot;focal_length&quot;:&quot;0&quot;,&quot;iso&quot;:&quot;0&quot;,&quot;shutter_speed&quot;:&quot;0&quot;,&quot;title&quot;:&quot;&quot;,&quot;orientation&quot;:&quot;0&quot;}\" data-image-title=\"image\" data-image-description=\"\" data-medium-file=\"https:\/\/i2.wp.com\/realitatearutiera.ro\/wp-content\/uploads\/2026\/03\/image-43.png?fit=300%2C135&amp;ssl=1\" data-large-file=\"https:\/\/i2.wp.com\/realitatearutiera.ro\/wp-content\/uploads\/2026\/03\/image-43.png?fit=800%2C360&amp;ssl=1\" src=\"https:\/\/i2.wp.com\/realitatearutiera.ro\/wp-content\/uploads\/2026\/03\/image-43.png?resize=800%2C360&#038;ssl=1\" alt=\"\" class=\"wp-image-134323\" srcset=\"https:\/\/i2.wp.com\/realitatearutiera.ro\/wp-content\/uploads\/2026\/03\/image-43.png?w=960&amp;ssl=1 960w, https:\/\/i2.wp.com\/realitatearutiera.ro\/wp-content\/uploads\/2026\/03\/image-43.png?resize=300%2C135&amp;ssl=1 300w, https:\/\/i2.wp.com\/realitatearutiera.ro\/wp-content\/uploads\/2026\/03\/image-43.png?resize=768%2C346&amp;ssl=1 768w\" sizes=\"auto, (max-width: 800px) 100vw, 800px\" data-recalc-dims=\"1\" \/><\/figure>\n\n\n\n<p>Un t\u00e2n\u0103r \u00een v\u00e2rst\u0103 de 20 de ani a fost acro\u0219at de o ma\u0219in\u0103, joi, pe trecerea de pietoni din dreptul Colegiului Na\u021bional \u201dMihai Eminescu\u201d din municipiul Suceava. Accidentul s-a produs \u00een jurul orei 12.45, iar din fericire consecin\u021bele nu au fost foarte grave.<\/p>\n\n\n\n<p>Din cercet\u0103rile poli\u021biei s-a stabilit c\u0103 t\u00e2n\u0103rul s-a angajat regulamentar \u00een traversare, pe locul marcat, fiind acro\u0219at de autoturismul condus pe strada M\u0103r\u0103\u0219e\u0219ti de o femeie \u00een v\u00e2rst\u0103 de 67 de ani, din Suceava.<\/p>\n\n\n\n<p>Traficul era aglomerat la acea or\u0103, desf\u0103\u0219ur\u00e2ndu-se \u00een coloan\u0103, astfel c\u0103 nu a fost vorba de un impact violent.<\/p>\n\n\n\n<p>T\u00e2n\u0103rul a fost preluat de o ambulan\u021b\u0103 \u0219i transportat la Spitalul Jude\u021bean Suceava, av\u00e2nd un traumatism cranian care nu punea probleme. T\u00e2n\u0103rul urma s\u0103 fie investigat \u0219i la un CT cranian, pentru a se exclude alte probleme.<\/p>\n\n\n\n<p>Cercet\u0103rile poli\u021bi\u0219tilor vor continua \u00een cadrul unui dosar penal de v\u0103t\u0103mare corporal\u0103 din culp\u0103.<\/p>\n\n\n\n<figure class=\"wp-block-image is-resized\"><img decoding=\"async\" src=\"https:\/\/i1.wp.com\/vol.monitorulsv.ro\/articole\/2026\/03\/05\/6dfdb714-7478-476d-9276-ac647adcc64d-vampw0960h2134.jpg?w=800&#038;ssl=1\" alt=\"T\u00e2n\u0103r accidentat de o ma\u0219in\u0103 pe trecerea de pietoni, \u00een fa\u021ba Colegiului \u201eMihai Eminescu\u201d\" style=\"aspect-ratio:0.44986291780901827;width:377px;height:auto\" data-recalc-dims=\"1\"\/><figcaption class=\"wp-element-caption\">T\u00e2n\u0103r accidentat de o ma\u0219in\u0103 pe trecerea de pietoni, \u00een fa\u021ba Colegiului \u201eMihai Eminescu\u201d<\/figcaption><\/figure>\n\n\n\n<figure class=\"wp-block-image is-resized\"><img decoding=\"async\" src=\"https:\/\/i0.wp.com\/vol.monitorulsv.ro\/articole\/2026\/03\/05\/addce40c-7116-4a86-87b2-8caf31a59e74-fyokw0960h2134.jpg?w=800&#038;ssl=1\" alt=\"T\u00e2n\u0103r accidentat de o ma\u0219in\u0103 pe trecerea de pietoni, \u00een fa\u021ba Colegiului \u201eMihai Eminescu\u201d\" style=\"width:367px;height:auto\" data-recalc-dims=\"1\"\/><figcaption class=\"wp-element-caption\">T\u00e2n\u0103r accidentat de o ma\u0219in\u0103 pe trecerea de pietoni, \u00een fa\u021ba Colegiului \u201eMihai Eminescu\u201d<\/figcaption><\/figure>\n\n\n\n<p>Sursa\/foto:monitorulsv<\/p>\n\n\n\n<p><\/p>\n","protected":false},"excerpt":{"rendered":"<p>Un t\u00e2n\u0103r \u00een v\u00e2rst\u0103 de 20 de ani a fost acro\u0219at de o ma\u0219in\u0103, joi, pe trecerea de pietoni din<\/p>\n","protected":false},"author":1,"featured_media":121916,"comment_status":"open","ping_status":"closed","sticky":false,"template":"","format":"standard","meta":{"spay_email":"","footnotes":"","jetpack_publicize_message":""},"categories":[1],"tags":[],"class_list":["post-134322","post","type-post","status-publish","format-standard","has-post-thumbnail","hentry","category-uncategorized"],"jetpack_featured_media_url":"https:\/\/i2.wp.com\/realitatearutiera.ro\/wp-content\/uploads\/2025\/03\/accident-rutier-cu-victima.jpg?fit=1191%2C568&ssl=1","jetpack_publicize_connections":[],"jetpack_sharing_enabled":true,"jetpack_shortlink":"https:\/\/wp.me\/p61naM-yWu","jetpack-related-posts":[],"_links":{"self":[{"href":"https:\/\/realitatearutiera.ro\/index.php?rest_route=\/wp\/v2\/posts\/134322","targetHints":{"allow":["GET"]}}],"collection":[{"href":"https:\/\/realitatearutiera.ro\/index.php?rest_route=\/wp\/v2\/posts"}],"about":[{"href":"https:\/\/realitatearutiera.ro\/index.php?rest_route=\/wp\/v2\/types\/post"}],"author":[{"embeddable":true,"href":"https:\/\/realitatearutiera.ro\/index.php?rest_route=\/wp\/v2\/users\/1"}],"replies":[{"embeddable":true,"href":"https:\/\/realitatearutiera.ro\/index.php?rest_route=%2Fwp%2Fv2%2Fcomments&post=134322"}],"version-history":[{"count":1,"href":"https:\/\/realitatearutiera.ro\/index.php?rest_route=\/wp\/v2\/posts\/134322\/revisions"}],"predecessor-version":[{"id":134324,"href":"https:\/\/realitatearutiera.ro\/index.php?rest_route=\/wp\/v2\/posts\/134322\/revisions\/134324"}],"wp:featuredmedia":[{"embeddable":true,"href":"https:\/\/realitatearutiera.ro\/index.php?rest_route=\/wp\/v2\/media\/121916"}],"wp:attachment":[{"href":"https:\/\/realitatearutiera.ro\/index.php?rest_route=%2Fwp%2Fv2%2Fmedia&parent=134322"}],"wp:term":[{"taxonomy":"category","embeddable":true,"href":"https:\/\/realitatearutiera.ro\/index.php?rest_route=%2Fwp%2Fv2%2Fcategories&post=134322"},{"taxonomy":"post_tag","embeddable":true,"href":"https:\/\/realitatearutiera.ro\/index.php?rest_route=%2Fwp%2Fv2%2Ftags&post=134322"}],"curies":[{"name":"wp","href":"https:\/\/api.w.org\/{rel}","templated":true}]}}