{"id":134330,"date":"2026-03-06T09:32:44","date_gmt":"2026-03-06T07:32:44","guid":{"rendered":"https:\/\/realitatearutiera.ro\/?p=134330"},"modified":"2026-03-06T09:33:08","modified_gmt":"2026-03-06T07:33:08","slug":"permis-la-16-ani-verdictul-lui-titi-aur","status":"publish","type":"post","link":"https:\/\/realitatearutiera.ro\/?p=134330","title":{"rendered":"Permis la 16 ani? Verdictul lui Titi Aur"},"content":{"rendered":"\n<figure class=\"wp-block-image size-large is-resized\"><img loading=\"lazy\" decoding=\"async\" width=\"800\" height=\"450\" data-attachment-id=\"134331\" data-permalink=\"https:\/\/realitatearutiera.ro\/?attachment_id=134331\" data-orig-file=\"https:\/\/i0.wp.com\/realitatearutiera.ro\/wp-content\/uploads\/2026\/03\/image-45.png?fit=1200%2C675&amp;ssl=1\" data-orig-size=\"1200,675\" data-comments-opened=\"1\" data-image-meta=\"{&quot;aperture&quot;:&quot;0&quot;,&quot;credit&quot;:&quot;&quot;,&quot;camera&quot;:&quot;&quot;,&quot;caption&quot;:&quot;&quot;,&quot;created_timestamp&quot;:&quot;0&quot;,&quot;copyright&quot;:&quot;&quot;,&quot;focal_length&quot;:&quot;0&quot;,&quot;iso&quot;:&quot;0&quot;,&quot;shutter_speed&quot;:&quot;0&quot;,&quot;title&quot;:&quot;&quot;,&quot;orientation&quot;:&quot;0&quot;}\" data-image-title=\"image\" data-image-description=\"\" data-medium-file=\"https:\/\/i0.wp.com\/realitatearutiera.ro\/wp-content\/uploads\/2026\/03\/image-45.png?fit=300%2C169&amp;ssl=1\" data-large-file=\"https:\/\/i0.wp.com\/realitatearutiera.ro\/wp-content\/uploads\/2026\/03\/image-45.png?fit=800%2C450&amp;ssl=1\" src=\"https:\/\/i2.wp.com\/realitatearutiera.ro\/wp-content\/uploads\/2026\/03\/image-45-1024x576.png?resize=800%2C450&#038;ssl=1\" alt=\"\" class=\"wp-image-134331\" style=\"width:583px;height:auto\" srcset=\"https:\/\/i0.wp.com\/realitatearutiera.ro\/wp-content\/uploads\/2026\/03\/image-45.png?resize=1024%2C576&amp;ssl=1 1024w, https:\/\/i0.wp.com\/realitatearutiera.ro\/wp-content\/uploads\/2026\/03\/image-45.png?resize=300%2C169&amp;ssl=1 300w, https:\/\/i0.wp.com\/realitatearutiera.ro\/wp-content\/uploads\/2026\/03\/image-45.png?resize=768%2C432&amp;ssl=1 768w, https:\/\/i0.wp.com\/realitatearutiera.ro\/wp-content\/uploads\/2026\/03\/image-45.png?w=1200&amp;ssl=1 1200w\" sizes=\"auto, (max-width: 800px) 100vw, 800px\" data-recalc-dims=\"1\" \/><\/figure>\n\n\n\n<p>ProMotor a publicat episodul 92 din seria&nbsp;<a href=\"https:\/\/www.promotor.ro\/podcast-cu-prioritate\/titi-aur-la-podcast-cu-prioritate-92-by-promotor-masina-buna-si-ieftina-nu-exista-19462220\">\u201ePodcast cu Prioritate\u201d<\/a>, edi\u021bie care l-a avut ca invitat pe Titi Aur, expert \u00een conducere defensiv\u0103 \u0219i fost campion de raliuri. Episodul, disponibil pe canalul de YouTube ProMotor Rom\u00e2nia, a adus \u00een discu\u021bie mai multe teme sensibile pentru \u0219oferii din Rom\u00e2nia, de la ma\u0219ini electrice \u0219i incendii auto p\u00e2n\u0103 la siguran\u021ba rutier\u0103 \u00een condi\u021bii meteo extreme.<\/p>\n\n\n\n<p>\u00cen cadrul discu\u021biei, Titi Aur a comentat \u0219i subiectul tot mai prezent \u00een dezbaterea public\u0103: posibilitatea ca tinerii s\u0103 conduc\u0103 vehicule de la v\u00e2rsta de 16 ani. Expertul consider\u0103 c\u0103 o astfel de m\u0103sur\u0103 ar trebui analizat\u0103 cu aten\u021bie, mai ales \u00een contextul nivelului actual de educa\u021bie rutier\u0103 din Rom\u00e2nia.<\/p>\n\n\n\n<p>Video <a href=\"https:\/\/www.promotor.ro\/stiri-auto\/titi-aur-verdict-despre-soferii-de-16-ani-categoric-nu-in-romania-19467969\">aici<\/a><\/p>\n\n\n\n<h2 class=\"wp-block-heading\">Diferen\u021ba de educa\u021bie rutier\u0103 dintre Rom\u00e2nia \u0219i alte state europene<\/h2>\n\n\n\n<p>Potrivit lui Titi Aur, ideea ca un t\u00e2n\u0103r de 16 ani s\u0103 conduc\u0103 nu este \u00een mod absolut gre\u0219it\u0103, \u00eens\u0103 func\u021bioneaz\u0103 doar \u00een societ\u0103\u021bi unde educa\u021bia rutier\u0103 \u0219i disciplina sunt consolidate \u00eenc\u0103 din familie \u0219i \u0219coal\u0103.<\/p>\n\n\n\n<p>\u201e\u0218i atunci vin cu \u00eentrebarea: e bine sau nu e bine ca s\u0103 conduc\u0103 copilul de la 16 ani acel vehicul f\u0103r\u0103 permis? Din punctul meu de vedere, categoric nu, la nivelul de educa\u021bie din Rom\u00e2nia. La nivelul de educa\u021bie din Germania bine\u00een\u021beles c\u0103 da\u201d, a spus Titi Aur \u00een cadrul podcastului.<\/p>\n\n\n\n<p>Acesta a explicat c\u0103 \u00een anumite state europene societatea reac\u021bioneaz\u0103 rapid atunci c\u00e2nd regulile sunt \u00eenc\u0103lcate, iar comportamentul responsabil \u00een trafic este \u00eenv\u0103\u021bat \u00eenc\u0103 din copil\u0103rie.<\/p>\n\n\n\n<p>\u201e\u00cen Germania copilul este educat, \u00eenv\u0103\u021bat. Dac\u0103 faci o nebunie, imediat te ceart\u0103, te raporteaz\u0103, te sun\u0103 la poli\u021bie. Toat\u0103 societatea e construit\u0103 \u00een acest fel. \u00cen Rom\u00e2nia ajungi la trecere de pietoni \u0219i p\u0103rintele sau bunicul ia copilul \u0219i trece \u00een diagonal\u0103 printre ma\u0219ini, c\u0103-i pe ro\u0219u, c\u0103-i pe verde nici nu mai conteaz\u0103\u201d, a explicat expertul.<\/p>\n\n\n\n<h2 class=\"wp-block-heading\">Deciziile privind siguran\u021ba rutier\u0103 ar trebui analizate de speciali\u0219ti<\/h2>\n\n\n\n<p>\u00cen opinia lui&nbsp;<a href=\"https:\/\/www.promotor.ro\/stiri-auto\/video-titi-aur-nu-exista-bun-si-ieftin-adevarul-dur-despre-masinile-accesibile-19463333\">Titi Aur<\/a>, modific\u0103rile importante privind legisla\u021bia rutier\u0103 ar trebui analizate de comisii formate din speciali\u0219ti din mai multe domenii, pentru a evita decizii care ar putea avea efecte negative asupra siguran\u021bei \u00een trafic.<\/p>\n\n\n\n<p>\u201eProblemele astea ar trebui gestionate de ni\u0219te comisii, de ni\u0219te institu\u021bii care sunt atente la tot aspectul. S\u0103 ai speciali\u0219ti din educa\u021bie, din poli\u021bia rutier\u0103, din conducere defensiv\u0103, psihologi, pedagogi. Iar c\u00e2nd apare o m\u0103sur\u0103, fiecare s\u0103 vin\u0103 cu punctul lui de vedere \u0219i s\u0103 existe un creier care decide\u201d, a spus acesta.<\/p>\n\n\n\n<p>Discu\u021bia face parte dintr-un episod mai amplu al \u201ePodcastului cu Prioritate\u201d, \u00een care&nbsp;<a href=\"https:\/\/www.promotor.ro\/stiri-auto\/video-soferii-cei-mai-predispusi-sa-provoace-accidente-ce-are-de-spus-titi-aur-19398565\">Titi Aur<\/a>&nbsp;a vorbit \u0219i despre riscurile incendiilor auto, siguran\u021ba ma\u0219inilor electrice \u0219i comportamentul \u0219oferilor \u00een condi\u021bii meteo dificile, teme tot mai des discutate \u00een contextul traficului din Rom\u00e2nia.<\/p>\n\n\n\n<p>Video<a href=\"https:\/\/www.promotor.ro\/stiri-auto\/titi-aur-verdict-despre-soferii-de-16-ani-categoric-nu-in-romania-19467969\"> aici<\/a><\/p>\n\n\n\n<p>Sursa\/foto:promotor<\/p>\n","protected":false},"excerpt":{"rendered":"<p>ProMotor a publicat episodul 92 din seria&nbsp;\u201ePodcast cu Prioritate\u201d, edi\u021bie care l-a avut ca invitat pe Titi Aur, expert \u00een<\/p>\n","protected":false},"author":1,"featured_media":134331,"comment_status":"open","ping_status":"closed","sticky":false,"template":"","format":"standard","meta":{"spay_email":"","footnotes":"","jetpack_publicize_message":""},"categories":[82],"tags":[],"class_list":["post-134330","post","type-post","status-publish","format-standard","has-post-thumbnail","hentry","category-auto"],"jetpack_featured_media_url":"https:\/\/i0.wp.com\/realitatearutiera.ro\/wp-content\/uploads\/2026\/03\/image-45.png?fit=1200%2C675&ssl=1","jetpack_publicize_connections":[],"jetpack_sharing_enabled":true,"jetpack_shortlink":"https:\/\/wp.me\/p61naM-yWC","jetpack-related-posts":[],"_links":{"self":[{"href":"https:\/\/realitatearutiera.ro\/index.php?rest_route=\/wp\/v2\/posts\/134330","targetHints":{"allow":["GET"]}}],"collection":[{"href":"https:\/\/realitatearutiera.ro\/index.php?rest_route=\/wp\/v2\/posts"}],"about":[{"href":"https:\/\/realitatearutiera.ro\/index.php?rest_route=\/wp\/v2\/types\/post"}],"author":[{"embeddable":true,"href":"https:\/\/realitatearutiera.ro\/index.php?rest_route=\/wp\/v2\/users\/1"}],"replies":[{"embeddable":true,"href":"https:\/\/realitatearutiera.ro\/index.php?rest_route=%2Fwp%2Fv2%2Fcomments&post=134330"}],"version-history":[{"count":1,"href":"https:\/\/realitatearutiera.ro\/index.php?rest_route=\/wp\/v2\/posts\/134330\/revisions"}],"predecessor-version":[{"id":134332,"href":"https:\/\/realitatearutiera.ro\/index.php?rest_route=\/wp\/v2\/posts\/134330\/revisions\/134332"}],"wp:featuredmedia":[{"embeddable":true,"href":"https:\/\/realitatearutiera.ro\/index.php?rest_route=\/wp\/v2\/media\/134331"}],"wp:attachment":[{"href":"https:\/\/realitatearutiera.ro\/index.php?rest_route=%2Fwp%2Fv2%2Fmedia&parent=134330"}],"wp:term":[{"taxonomy":"category","embeddable":true,"href":"https:\/\/realitatearutiera.ro\/index.php?rest_route=%2Fwp%2Fv2%2Fcategories&post=134330"},{"taxonomy":"post_tag","embeddable":true,"href":"https:\/\/realitatearutiera.ro\/index.php?rest_route=%2Fwp%2Fv2%2Ftags&post=134330"}],"curies":[{"name":"wp","href":"https:\/\/api.w.org\/{rel}","templated":true}]}}