{"id":134333,"date":"2026-03-06T09:43:54","date_gmt":"2026-03-06T07:43:54","guid":{"rendered":"https:\/\/realitatearutiera.ro\/?p=134333"},"modified":"2026-03-06T09:43:57","modified_gmt":"2026-03-06T07:43:57","slug":"teribilism-pe-sosea-sofer-cercetat-pentru-conducere-fara-permis","status":"publish","type":"post","link":"https:\/\/realitatearutiera.ro\/?p=134333","title":{"rendered":"Teribilism pe \u0219osea: \u0219ofer cercetat pentru conducere f\u0103r\u0103 permis"},"content":{"rendered":"\n<figure class=\"wp-block-image size-large is-resized\"><img loading=\"lazy\" decoding=\"async\" width=\"768\" height=\"1024\" data-attachment-id=\"134334\" data-permalink=\"https:\/\/realitatearutiera.ro\/?attachment_id=134334\" data-orig-file=\"https:\/\/i0.wp.com\/realitatearutiera.ro\/wp-content\/uploads\/2026\/03\/image-46.png?fit=1200%2C1600&amp;ssl=1\" data-orig-size=\"1200,1600\" data-comments-opened=\"1\" data-image-meta=\"{&quot;aperture&quot;:&quot;0&quot;,&quot;credit&quot;:&quot;&quot;,&quot;camera&quot;:&quot;&quot;,&quot;caption&quot;:&quot;&quot;,&quot;created_timestamp&quot;:&quot;0&quot;,&quot;copyright&quot;:&quot;&quot;,&quot;focal_length&quot;:&quot;0&quot;,&quot;iso&quot;:&quot;0&quot;,&quot;shutter_speed&quot;:&quot;0&quot;,&quot;title&quot;:&quot;&quot;,&quot;orientation&quot;:&quot;0&quot;}\" data-image-title=\"image\" data-image-description=\"\" data-medium-file=\"https:\/\/i0.wp.com\/realitatearutiera.ro\/wp-content\/uploads\/2026\/03\/image-46.png?fit=225%2C300&amp;ssl=1\" data-large-file=\"https:\/\/i0.wp.com\/realitatearutiera.ro\/wp-content\/uploads\/2026\/03\/image-46.png?fit=768%2C1024&amp;ssl=1\" src=\"https:\/\/i2.wp.com\/realitatearutiera.ro\/wp-content\/uploads\/2026\/03\/image-46-768x1024.png?resize=768%2C1024&#038;ssl=1\" alt=\"\" class=\"wp-image-134334\" style=\"width:324px;height:auto\" srcset=\"https:\/\/i0.wp.com\/realitatearutiera.ro\/wp-content\/uploads\/2026\/03\/image-46.png?resize=768%2C1024&amp;ssl=1 768w, https:\/\/i0.wp.com\/realitatearutiera.ro\/wp-content\/uploads\/2026\/03\/image-46.png?resize=225%2C300&amp;ssl=1 225w, https:\/\/i0.wp.com\/realitatearutiera.ro\/wp-content\/uploads\/2026\/03\/image-46.png?resize=1152%2C1536&amp;ssl=1 1152w, https:\/\/i0.wp.com\/realitatearutiera.ro\/wp-content\/uploads\/2026\/03\/image-46.png?w=1200&amp;ssl=1 1200w\" sizes=\"auto, (max-width: 768px) 100vw, 768px\" data-recalc-dims=\"1\" \/><\/figure>\n\n\n\n<p id=\"p-1\"><strong>Miercuri, poli\u021bi\u0219tii din cadrul Poli\u021biei Ora\u0219ului Fl\u0103m\u00e2nzi au oprit pentru control un autoturism condus de un b\u0103rbat, de 51 de ani, din comuna Cop\u0103l\u0103u.<\/strong><\/p>\n\n\n\n<p id=\"p-3\">\u00cen urma verific\u0103rilor efectuate, s-a stabilit faptul c\u0103 acesta are exercitarea dreptului de a conduce autovehicule suspendat\u0103 p\u00e2n\u0103 \u00een luna martie a.c.. Mai mult dec\u00e2t at\u00e2t, autoturismul pe care \u00eel conducea nu avea efectuat\u0103 inspec\u021bia tehnic\u0103 periodic\u0103 \u0219i nici nu avea asigurare obligatorie.<\/p>\n\n\n\n<p id=\"p-5\">B\u0103rbatul a fost sanc\u021bionat contraven\u021bional, cu amend\u0103 \u00een valoare de peste 1.800 de lei, iar pentru faptul c\u0103 a condus f\u0103r\u0103 a avea acest drept, a fost \u00eentocmit dosar penal pentru s\u0103v\u00e2r\u0219irea infrac\u021biunii de conducere f\u0103r\u0103 permis.<\/p>\n\n\n\n<p>Sursa:botosani24<\/p>\n","protected":false},"excerpt":{"rendered":"<p>Miercuri, poli\u021bi\u0219tii din cadrul Poli\u021biei Ora\u0219ului Fl\u0103m\u00e2nzi au oprit pentru control un autoturism condus de un b\u0103rbat, de 51 de<\/p>\n","protected":false},"author":1,"featured_media":108046,"comment_status":"open","ping_status":"closed","sticky":false,"template":"","format":"standard","meta":{"spay_email":"","footnotes":"","jetpack_publicize_message":""},"categories":[6],"tags":[],"class_list":["post-134333","post","type-post","status-publish","format-standard","has-post-thumbnail","hentry","category-social"],"jetpack_featured_media_url":"https:\/\/i0.wp.com\/realitatearutiera.ro\/wp-content\/uploads\/2024\/02\/masini-politie-politia-2-3ldz.jpg?fit=1224%2C816&ssl=1","jetpack_publicize_connections":[],"jetpack_sharing_enabled":true,"jetpack_shortlink":"https:\/\/wp.me\/p61naM-yWF","jetpack-related-posts":[],"_links":{"self":[{"href":"https:\/\/realitatearutiera.ro\/index.php?rest_route=\/wp\/v2\/posts\/134333","targetHints":{"allow":["GET"]}}],"collection":[{"href":"https:\/\/realitatearutiera.ro\/index.php?rest_route=\/wp\/v2\/posts"}],"about":[{"href":"https:\/\/realitatearutiera.ro\/index.php?rest_route=\/wp\/v2\/types\/post"}],"author":[{"embeddable":true,"href":"https:\/\/realitatearutiera.ro\/index.php?rest_route=\/wp\/v2\/users\/1"}],"replies":[{"embeddable":true,"href":"https:\/\/realitatearutiera.ro\/index.php?rest_route=%2Fwp%2Fv2%2Fcomments&post=134333"}],"version-history":[{"count":1,"href":"https:\/\/realitatearutiera.ro\/index.php?rest_route=\/wp\/v2\/posts\/134333\/revisions"}],"predecessor-version":[{"id":134335,"href":"https:\/\/realitatearutiera.ro\/index.php?rest_route=\/wp\/v2\/posts\/134333\/revisions\/134335"}],"wp:featuredmedia":[{"embeddable":true,"href":"https:\/\/realitatearutiera.ro\/index.php?rest_route=\/wp\/v2\/media\/108046"}],"wp:attachment":[{"href":"https:\/\/realitatearutiera.ro\/index.php?rest_route=%2Fwp%2Fv2%2Fmedia&parent=134333"}],"wp:term":[{"taxonomy":"category","embeddable":true,"href":"https:\/\/realitatearutiera.ro\/index.php?rest_route=%2Fwp%2Fv2%2Fcategories&post=134333"},{"taxonomy":"post_tag","embeddable":true,"href":"https:\/\/realitatearutiera.ro\/index.php?rest_route=%2Fwp%2Fv2%2Ftags&post=134333"}],"curies":[{"name":"wp","href":"https:\/\/api.w.org\/{rel}","templated":true}]}}