{"id":134339,"date":"2026-03-06T10:09:12","date_gmt":"2026-03-06T08:09:12","guid":{"rendered":"https:\/\/realitatearutiera.ro\/?p=134339"},"modified":"2026-03-06T10:09:15","modified_gmt":"2026-03-06T08:09:15","slug":"incident-grav-in-capitala-o-soferita-a-lovit-un-politist-cu-masina","status":"publish","type":"post","link":"https:\/\/realitatearutiera.ro\/?p=134339","title":{"rendered":"Incident grav \u00een Capital\u0103: o \u0219oferi\u021b\u0103 a lovit un poli\u021bist cu ma\u0219ina"},"content":{"rendered":"\n<p>Scene tensionate \u00een Bucure\u0219ti! O \u0219oferi\u021b\u0103 nervoas\u0103 a lovit cu ma\u0219ina un poli\u021bist local, dup\u0103 ce s-a certat cu acesta \u00een strad\u0103. \u00centreaga scen\u0103 a fost surprins\u0103 de camerele de filmat.<a href=\"https:\/\/spynews.ro\/galerie\/o-soferita-nervoasa-a-calcat-cu-masina-un-politist-in-bucuresti-totul-a-fost-filmat-id365030-play0.html\"><\/a><\/p>\n\n\n\n<figure class=\"wp-block-image is-resized\"><a class=\"article-image-container\" href=\"https:\/\/spynews.ro\/galerie\/o-soferita-nervoasa-a-calcat-cu-masina-un-politist-in-bucuresti-totul-a-fost-filmat-id365030-play0.html\"><img decoding=\"async\" src=\"https:\/\/img.spynews.ro\/?u=https%3A%2F%2Fspynews.ro%2Fuploads%2Fmodules%2Fnews%2F0%2F2026%2F3%2F5%2F365030%2Ffotojet-20260305t141717189.jpg&amp;w=1200\" alt=\"O \u0219oferi\u021b\u0103 nervoas\u0103 a c\u0103lcat cu ma\u0219ina un poli\u021bist, \u00een Bucure\u0219ti. Totul a fost filmat\" style=\"width:416px;height:auto\"\/><\/a><\/figure>\n\n\n\n<p><a href=\"https:\/\/spynews.ro\/galerie\/o-soferita-nervoasa-a-calcat-cu-masina-un-politist-in-bucuresti-totul-a-fost-filmat-id365030-play0.html\">Galerie (3)<\/a><\/p>\n\n\n\n<p>O \u0219oferi\u021b\u0103 nervoas\u0103 a c\u0103lcat cu ma\u0219ina un poli\u021bist, \u00een Bucure\u0219ti<\/p>\n\n\n\n<p>stiripesurse.ro<\/p>\n\n\n\n<ul class=\"wp-block-list\">\n<li>Scene ireale \u00een Capital\u0103<\/li>\n\n\n\n<li>Un poli\u021bist local a fost lovit cu ma\u0219ina de o \u0219oferi\u021b\u0103 nervoas\u0103<\/li>\n\n\n\n<li>\u00centreg momentul a fost filmat<\/li>\n<\/ul>\n\n\n\n<p>Scene incredibile s-au petrecut \u00een Sectorul 5 al Capitalei, acolo unde func\u021bioneaz\u0103 Direc\u021bia de Eviden\u021b\u0103 a Persoanelor Sector 5. Un conflict izbucnit \u00eentre un&nbsp;<a href=\"https:\/\/spynews.ro\/actualitate\/stiri-interne\/un-politist-din-iasi-lovit-de-o-soferita-a-ajuns-la-spital-in-stare-critica-piciorul-era-sfaramat-334863.html\" target=\"_blank\" rel=\"noreferrer noopener\">poli\u021bist<\/a>&nbsp;local \u0219i o femeie a degenerat rapid, iar situa\u021bia a sc\u0103pat complet de sub control.<\/p>\n\n\n\n<h2 class=\"wp-block-heading\">O \u0219oferi\u021b\u0103 nervoas\u0103 a c\u0103lcat cu ma\u0219ina un poli\u021bist, \u00een Bucure\u0219ti. Totul a fost filmat<\/h2>\n\n\n\n<p><a href=\"https:\/\/spynews.ro\/actualitate\/stiri-interne\/accident-tragic-in-galati-un-politist-a-murit-dupa-ce-un-sofer-neatent-la-lovit-din-plin-334514.html\" target=\"_blank\" rel=\"noreferrer noopener\">Incident \u0219ocant<\/a>&nbsp;\u00een fa\u021ba unei institu\u021bii publice! O \u0219oferi\u021b\u0103 nervoas\u0103 a trecut cu ma\u0219ina peste un poli\u021bist local.<\/p>\n\n\n\n<p><a href=\"https:\/\/spynews.ro\/galerie\/o-soferita-nervoasa-a-calcat-cu-masina-un-politist-in-bucuresti-totul-a-fost-filmat-id365030-play0.html\"><\/a><\/p>\n\n\n\n<figure class=\"wp-block-image is-resized\"><a class=\"gallery-link grid-three-wrapper\" href=\"https:\/\/spynews.ro\/galerie\/o-soferita-nervoasa-a-calcat-cu-masina-un-politist-in-bucuresti-totul-a-fost-filmat-id365030-play0.html\"><img decoding=\"async\" src=\"https:\/\/img.spynews.ro\/?u=https%3A%2F%2Fspynews.ro%2Fuploads%2Fmodules%2Fnews%2F0%2F2026%2F3%2F5%2F365030%2Fvefsew.jpg&amp;w=700\" alt=\"O \u0219oferi\u021b\u0103 nervoas\u0103 a c\u0103lcat cu ma\u0219ina un poli\u021bist, \u00een Bucure\u0219ti. Totul a fost filmat\" style=\"width:393px;height:auto\"\/><\/a><\/figure>\n\n\n\n<figure class=\"wp-block-image is-resized\"><a class=\"gallery-link grid-three-wrapper\" href=\"https:\/\/spynews.ro\/galerie\/o-soferita-nervoasa-a-calcat-cu-masina-un-politist-in-bucuresti-totul-a-fost-filmat-id365030-play0.html\"><img decoding=\"async\" src=\"https:\/\/img.spynews.ro\/?u=https%3A%2F%2Fspynews.ro%2Fuploads%2Fmodules%2Fnews%2F0%2F2026%2F3%2F5%2F365030%2Ftreg4.jpg&amp;w=700\" alt=\"O \u0219oferi\u021b\u0103 nervoas\u0103 a c\u0103lcat cu ma\u0219ina un poli\u021bist, \u00een Bucure\u0219ti. Totul a fost filmat\" style=\"width:400px;height:auto\"\/><\/a><\/figure>\n\n\n\n<figure class=\"wp-block-image is-resized\"><a class=\"gallery-link grid-three-wrapper\" href=\"https:\/\/spynews.ro\/galerie\/o-soferita-nervoasa-a-calcat-cu-masina-un-politist-in-bucuresti-totul-a-fost-filmat-id365030-play0.html\"><img decoding=\"async\" src=\"https:\/\/img.spynews.ro\/?u=https%3A%2F%2Fspynews.ro%2Fuploads%2Fmodules%2Fnews%2F0%2F2026%2F3%2F5%2F365030%2Ffotojet-20260305t141717189.jpg&amp;w=700\" alt=\"O \u0219oferi\u021b\u0103 nervoas\u0103 a c\u0103lcat cu ma\u0219ina un poli\u021bist, \u00een Bucure\u0219ti. Totul a fost filmat\" style=\"width:419px;height:auto\"\/><\/a><\/figure>\n\n\n\n<p>Potrivit informa\u021biilor, totul ar fi pornit dup\u0103 ce femeia ar fi intrat \u00een cl\u0103dire pe o u\u0219\u0103 destinat\u0103 exclusiv personalului, unde accesul publicului nu este permis. Poli\u021bistul local i-ar fi atras aten\u021bia c\u0103 a \u00eenc\u0103lcat regulile, iar discu\u021bia dintre cei doi a degenerat rapid.<\/p>\n\n\n\n<p>Dup\u0103 schimbul de replici, agentul ar fi mers c\u0103tre ma\u0219ina femeii \u0219i \u00een acel moment \u0219oferi\u021ba s-ar fi urcat la volan \u0219i ar fi pornit autoturismul, trec\u00e2nd cu roata peste poli\u021bistul local, scrie&nbsp;<a href=\"https:\/\/www.stiripesurse.ro\/video-scene-ireale-in-bucuresti-politist-local-calcat-cu-masina-de-o-soferita-nervoasa-de-la-ce-a-plecat-conflictul_3864890\" target=\"_blank\" rel=\"noreferrer noopener\">stiripesurse.ro<\/a>.<\/p>\n\n\n\n<blockquote class=\"wp-block-quote is-layout-flow wp-block-quote-is-layout-flow\">\n<p>&#8220;Poli\u021bi\u0219tii care s-au deplasat cu operativitate la fa\u021ba locului au identificat persoanele implicate \u00een eveniment: o femeie, \u00een v\u00e2rst\u0103 de 58 de ani, \u0219i un b\u0103rbat, \u00een v\u00e2rst\u0103 de 50 de ani, agent de poli\u021bie local\u0103, \u00een cadrul Poli\u021biei Locale Sector 5.<br>Din cercet\u0103rile efectuate p\u00e2n\u0103 \u00een prezent a rezultat c\u0103, \u00een jurul orei 10.00, pe fondul unui conflict spontan cu agentul de poli\u021bie local\u0103, aflat \u00een exercitarea atribu\u021biilor de serviciu, femeia ar fi acro\u0219at cu autoturismul b\u0103rbatul, la nivelul abdomenului, \u00een timpul efectu\u0103rii manevrei de mers \u00eenapoi.&#8221;, a precizat Poli\u021bia Capitalei.<\/p>\n\n\n\n<p><a href=\"https:\/\/spynews.ro\/actualitate\/stiri-interne\/politistul-din-botosani-lovit-de-o-masina-in-timp-ce-dirija-circulatia-se-afla-in-coma-barbatul-se-zbate-intre-viata-si-moarte-332266.html\" target=\"_blank\" rel=\"noreferrer noopener\">Poli\u021bistul<\/a>&nbsp;local r\u0103nit \u00een urma incidentului a fost transportat de urgen\u021b\u0103 la un spital pentru investiga\u021bii medicale suplimentare.<\/p>\n\n\n\n<h2 class=\"wp-block-heading\">Ce risc\u0103 femeia pentru fapta sa<\/h2>\n\n\n\n<p>Pentru fapta sa, femeia care a lovit poli\u021bistul cu ma\u0219ina a ajuns \u00een fa\u021ba procurorilor. A fost prezentat\u0103 procurorului din cadrul Parchetul de pe l\u00e2ng\u0103 Judec\u0103toria Sectorului 5, care a decis punerea \u00een mi\u0219care a ac\u021biunii penale pentru infrac\u021biunea de ultraj.<\/p>\n\n\n\n<p>Totodat\u0103, anchetatorii au dispus m\u0103sura controlului judiciar pentru o perioad\u0103 de 60 de zile, timp \u00een care femeia va trebui s\u0103 respecte mai multe obliga\u021bii stabilite de autorit\u0103\u021bi.<\/p>\n\n\n\n<p><em>&#8220;Femeia a fost prezentat\u0103 procurorului din cadrul Parchetului de pe l\u00e2ng\u0103 Judec\u0103toria Sectorului 5, care a dispus punerea \u00een mi\u0219care a ac\u021biunii penale, sub aspectul s\u0103v\u00e2r\u0219irii infrac\u021biunii de ultraj.<br>Fa\u021b\u0103 de aceasta a fost dispus\u0103 m\u0103sura controlului judiciar, pentru 60 de zile. (&#8230;) Cercet\u0103rile sunt continuate de c\u0103tre Parchetul de pe l\u00e2ng\u0103 Judec\u0103toria Sectorului 5, cu sprijinul poli\u021bi\u0219tilor din cadrul Sec\u021biei 18&#8243;<\/em>, a mai precizat Poli\u021bia Capitalei.<\/p>\n<\/blockquote>\n\n\n\n<p>Sursa:spynews<\/p>\n\n\n\n<p><\/p>\n","protected":false},"excerpt":{"rendered":"<p>Scene tensionate \u00een Bucure\u0219ti! O \u0219oferi\u021b\u0103 nervoas\u0103 a lovit cu ma\u0219ina un poli\u021bist local, dup\u0103 ce s-a certat cu acesta<\/p>\n","protected":false},"author":1,"featured_media":99387,"comment_status":"open","ping_status":"closed","sticky":false,"template":"","format":"standard","meta":{"spay_email":"","footnotes":"","jetpack_publicize_message":""},"categories":[1],"tags":[],"class_list":["post-134339","post","type-post","status-publish","format-standard","has-post-thumbnail","hentry","category-uncategorized"],"jetpack_featured_media_url":"https:\/\/i0.wp.com\/realitatearutiera.ro\/wp-content\/uploads\/2023\/05\/accident-ambulanta-poza-buna_b920cdfaf1.jpg?fit=1920%2C1080&ssl=1","jetpack_publicize_connections":[],"jetpack_sharing_enabled":true,"jetpack_shortlink":"https:\/\/wp.me\/p61naM-yWL","jetpack-related-posts":[],"_links":{"self":[{"href":"https:\/\/realitatearutiera.ro\/index.php?rest_route=\/wp\/v2\/posts\/134339","targetHints":{"allow":["GET"]}}],"collection":[{"href":"https:\/\/realitatearutiera.ro\/index.php?rest_route=\/wp\/v2\/posts"}],"about":[{"href":"https:\/\/realitatearutiera.ro\/index.php?rest_route=\/wp\/v2\/types\/post"}],"author":[{"embeddable":true,"href":"https:\/\/realitatearutiera.ro\/index.php?rest_route=\/wp\/v2\/users\/1"}],"replies":[{"embeddable":true,"href":"https:\/\/realitatearutiera.ro\/index.php?rest_route=%2Fwp%2Fv2%2Fcomments&post=134339"}],"version-history":[{"count":1,"href":"https:\/\/realitatearutiera.ro\/index.php?rest_route=\/wp\/v2\/posts\/134339\/revisions"}],"predecessor-version":[{"id":134340,"href":"https:\/\/realitatearutiera.ro\/index.php?rest_route=\/wp\/v2\/posts\/134339\/revisions\/134340"}],"wp:featuredmedia":[{"embeddable":true,"href":"https:\/\/realitatearutiera.ro\/index.php?rest_route=\/wp\/v2\/media\/99387"}],"wp:attachment":[{"href":"https:\/\/realitatearutiera.ro\/index.php?rest_route=%2Fwp%2Fv2%2Fmedia&parent=134339"}],"wp:term":[{"taxonomy":"category","embeddable":true,"href":"https:\/\/realitatearutiera.ro\/index.php?rest_route=%2Fwp%2Fv2%2Fcategories&post=134339"},{"taxonomy":"post_tag","embeddable":true,"href":"https:\/\/realitatearutiera.ro\/index.php?rest_route=%2Fwp%2Fv2%2Ftags&post=134339"}],"curies":[{"name":"wp","href":"https:\/\/api.w.org\/{rel}","templated":true}]}}