{"id":134496,"date":"2026-03-11T08:36:18","date_gmt":"2026-03-11T06:36:18","guid":{"rendered":"https:\/\/realitatearutiera.ro\/?p=134496"},"modified":"2026-03-11T08:36:25","modified_gmt":"2026-03-11T06:36:25","slug":"12-martie-traficul-intre-giurgiu-si-ruse-inchis-pe-ambele-sensuri","status":"publish","type":"post","link":"https:\/\/realitatearutiera.ro\/?p=134496","title":{"rendered":"12 martie: traficul \u00eentre Giurgiu \u0219i Ruse, \u00eenchis pe ambele sensuri"},"content":{"rendered":"\n<p>Dac\u0103 ave\u0163i drum spre Bulgaria, m\u00e2ine se \u00eenchide circula\u021bia pe Podul Prieteniei. Traficul rutier dintre Giurgiu \u0219i Ruse va fi oprit din cauza unor lucr\u0103ri de asfaltare a podului.<a href=\"https:\/\/observatornews.ro\/autori\/eduard-marin-id198.html\"><\/a><\/p>\n\n\n\n<p>Traficul pe podul Prieteniei dintre Giurgiu \u0219i Ruse va fi \u00eenchis m\u00e2ine, \u00eentre orele 10:00 \u0219i 15:00, pe ambele sensuri. M\u0103sura este luat\u0103 de autorit\u0103\u021bile bulgare din cauza unor lucr\u0103ri de repara\u021bie a asfaltului pe partea bulgar\u0103 a podului, pentru siguran\u021ba oamenilor.<\/p>\n\n\n\n<p>Vor fi afecta\u021bi to\u021bi \u0219oferii, indiferent de tipul de vehicul: autoturisme, microbuze, autocare \u0219i camioane. Circula\u021bia va fi reluat\u0103 \u00eencep\u00e2nd din aceea\u0219i zi, joi, de la ora 15:00, dup\u0103 finalizarea lucr\u0103rilor.<\/p>\n\n\n\n<p>IPJ Giurgiu recomand\u0103 planificarea din timp a c\u0103l\u0103toriilor \u0219i folosirea rutelor alternative pentru a evita blocajele.<\/p>\n\n\n\n<p>Ministerul Afacerilor Externe a emis \u0219i o avertizare de c\u0103l\u0103torie, iar cet\u0103\u021benii rom\u00e2ni care se afl\u0103 \u00een Bulgaria \u0219i se confrunt\u0103 cu o situa\u021bie de urgen\u021b\u0103 pot solicita sprijinul consular al Ambasadei Rom\u00e2niei din Sofia.<\/p>\n\n\n\n<p>Sursa:observatornews<\/p>\n","protected":false},"excerpt":{"rendered":"<p>Dac\u0103 ave\u0163i drum spre Bulgaria, m\u00e2ine se \u00eenchide circula\u021bia pe Podul Prieteniei. Traficul rutier dintre Giurgiu \u0219i Ruse va fi<\/p>\n","protected":false},"author":1,"featured_media":122548,"comment_status":"open","ping_status":"closed","sticky":false,"template":"","format":"standard","meta":{"spay_email":"","footnotes":"","jetpack_publicize_message":""},"categories":[54],"tags":[],"class_list":["post-134496","post","type-post","status-publish","format-standard","has-post-thumbnail","hentry","category-informatii-rutiere"],"jetpack_featured_media_url":"https:\/\/realitatearutiera.ro\/wp-content\/uploads\/2025\/03\/https___www.promotor.ro_wp-content_uploads_2021_09_podul-prieteniei-giurgiu.webp","jetpack_publicize_connections":[],"jetpack_sharing_enabled":true,"jetpack_shortlink":"https:\/\/wp.me\/p61naM-yZi","jetpack-related-posts":[],"_links":{"self":[{"href":"https:\/\/realitatearutiera.ro\/index.php?rest_route=\/wp\/v2\/posts\/134496","targetHints":{"allow":["GET"]}}],"collection":[{"href":"https:\/\/realitatearutiera.ro\/index.php?rest_route=\/wp\/v2\/posts"}],"about":[{"href":"https:\/\/realitatearutiera.ro\/index.php?rest_route=\/wp\/v2\/types\/post"}],"author":[{"embeddable":true,"href":"https:\/\/realitatearutiera.ro\/index.php?rest_route=\/wp\/v2\/users\/1"}],"replies":[{"embeddable":true,"href":"https:\/\/realitatearutiera.ro\/index.php?rest_route=%2Fwp%2Fv2%2Fcomments&post=134496"}],"version-history":[{"count":1,"href":"https:\/\/realitatearutiera.ro\/index.php?rest_route=\/wp\/v2\/posts\/134496\/revisions"}],"predecessor-version":[{"id":134497,"href":"https:\/\/realitatearutiera.ro\/index.php?rest_route=\/wp\/v2\/posts\/134496\/revisions\/134497"}],"wp:featuredmedia":[{"embeddable":true,"href":"https:\/\/realitatearutiera.ro\/index.php?rest_route=\/wp\/v2\/media\/122548"}],"wp:attachment":[{"href":"https:\/\/realitatearutiera.ro\/index.php?rest_route=%2Fwp%2Fv2%2Fmedia&parent=134496"}],"wp:term":[{"taxonomy":"category","embeddable":true,"href":"https:\/\/realitatearutiera.ro\/index.php?rest_route=%2Fwp%2Fv2%2Fcategories&post=134496"},{"taxonomy":"post_tag","embeddable":true,"href":"https:\/\/realitatearutiera.ro\/index.php?rest_route=%2Fwp%2Fv2%2Ftags&post=134496"}],"curies":[{"name":"wp","href":"https:\/\/api.w.org\/{rel}","templated":true}]}}