{"id":134498,"date":"2026-03-11T08:44:09","date_gmt":"2026-03-11T06:44:09","guid":{"rendered":"https:\/\/realitatearutiera.ro\/?p=134498"},"modified":"2026-03-11T08:44:14","modified_gmt":"2026-03-11T06:44:14","slug":"vremea-366","status":"publish","type":"post","link":"https:\/\/realitatearutiera.ro\/?p=134498","title":{"rendered":"Vremea"},"content":{"rendered":"\n<p>Miercuri mai sunt ceva \u00eennor\u0103ri \u0219i condi\u021bii de cea\u021b\u0103 diminea\u021ba \u00een sudul \u0219i \u00een sud-estul Rom\u00e2niei. Apoi, vremea devine frumoas\u0103 \u00een toat\u0103 \u021bara.<\/p>\n\n\n\n<p>Se face din nou mai cald dec\u00e2t ar fi normal la aceast\u0103 dat\u0103. Temperaturile vor urca p\u00e2n\u0103 la 18&#8230;19 grade \u00een \u021binuturile vestice.<\/p>\n\n\n\n<p>\u00cen Dobrogea \u0219i B\u0103r\u0103gan g\u0103sim vreme frumoas\u0103, soare, dar \u0219i c\u00e2\u021biva nori sau cea\u021b\u0103 la \u00eenceputul zilei. V\u00e2ntul va sufla moderat \u00een Dobrogea, iar la amiaz\u0103 se ating 14 grade.<\/p>\n\n\n\n<h2 class=\"wp-block-heading\">Vremea \u00een Moldova<\/h2>\n\n\n\n<p>Mai sus, \u00een Moldova sudic\u0103 \u0219i \u00een nordul Munteniei, se anun\u021b\u0103 vreme foarte pl\u0103cut\u0103, \u00eens\u0103 \u0219i pe aici s-ar putea s\u0103 fie un pic de cea\u021b\u0103. V\u00e2ntul o s\u0103 sufle cu 40&#8230;45 km\/h, iar temperaturile scad u\u0219or.<\/p>\n\n\n\n<p>\u00cen nordul Moldovei \u0219i \u00een Bucovina, soarele str\u0103luce\u0219te pe tot parcursul zilei, iar v\u00e2ntul va avea \u0219i aici unele porniri. Mar\u021bi au fost 19 grade la Ia\u0219i, dar ast\u0103zi se r\u0103core\u0219te u\u0219or \u0219i vor fi \u00een jur de 16 grade la Suceava \u0219i Ia\u0219i.<\/p>\n\n\n\n<h2 class=\"wp-block-heading\">Vremea \u00een Transilvania<\/h2>\n\n\n\n<p>\u00cen nordul Transilvaniei \u0219i \u00een Maramure\u0219 g\u0103sim vreme pl\u0103cut\u0103 \u0219i temperaturi pu\u021bin mai sc\u0103zute dec\u00e2t mar\u021bi. V\u00e2ntul nu pune probleme \u0219i dup\u0103 pr\u00e2nz se ating 18 grade la Satu Mare.<\/p>\n\n\n\n<p>\u0218i \u00een \u021binuturile vestice se anun\u021b\u0103 o zi cu soare. Nu vedem norii deloc, iar la amiaz\u0103 vor fi tot 18 grade. V\u00e2ntul va avea unele intensific\u0103ri \u00een sudul Banatului.<\/p>\n\n\n\n<p>\u00cen Transilvania este frig \u00een orele dimine\u021bii, mai ales \u00een depresiuni. Vremea se \u00eenc\u0103lze\u0219te mai t\u00e2rziu \u0219i temperaturile ajung la valori agreabile, de p\u00e2n\u0103 la 17 grade la Sibiu \u0219i la Alba Iulia. Atmosfera se men\u021bine \u00eensorit\u0103 \u0219i nici v\u00e2ntul nu pune probleme.<\/p>\n\n\n\n<h2 class=\"wp-block-heading\">Vremea \u00een Oltenia<\/h2>\n\n\n\n<p>\u00cen Oltenia se anun\u021b\u0103 \u00eenc\u0103 o zi frumoas\u0103, cu cer curat. Temperaturile scad u\u0219or, dar tot va fi mai cald dec\u00e2t \u00een mod obi\u0219nuit la aceast\u0103 dat\u0103.<\/p>\n\n\n\n<p>\u0218i \u00een \u021binuturile sudice se anun\u021b\u0103 mult soare \u0219i temperaturi pl\u0103cute, \u00eens\u0103 acum diminea\u021ba mai sunt ceva \u00eennor\u0103ri \u0219i condi\u021bii de cea\u021b\u0103.<\/p>\n\n\n\n<h2 class=\"wp-block-heading\">Vremea \u00een Bucure\u0219ti<\/h2>\n\n\n\n<p>\u00cen Bucure\u0219ti, atmosfera se men\u021bine \u00eensorit\u0103 toat\u0103 ziua. O s\u0103 avem o amiaz\u0103 foarte pl\u0103cut\u0103, cu v\u00e2nt domol \u0219i temperaturi mai ridicate dec\u00e2t ar trebui. Se vor atinge 14 grade.<\/p>\n\n\n\n<p>Joi s-ar putea s\u0103 fie cea\u021b\u0103 diminea\u021ba, \u00eens\u0103 mai t\u00e2rziu apare soarele \u0219i vremea devine foarte pl\u0103cut\u0103. Se r\u0103core\u0219te u\u0219or, iar la amiaz\u0103 vor fi 11 grade.<\/p>\n\n\n\n<p>Vineri, \u00een primele ore mai apar ceva \u00eennor\u0103ri, dar mai t\u00e2rziu predomin\u0103 vremea frumoas\u0103 \u0219i se \u00eenc\u0103lze\u0219te u\u0219or. Maxima va ajunge la 15 grade.<\/p>\n\n\n\n<p>S\u00e2mb\u0103t\u0103 diminea\u021ba apar nori de joas\u0103 altitudine sau se va forma cea\u021b\u0103, dar mai t\u00e2rziu se arat\u0103 soarele, iar dup\u0103 pr\u00e2nz se ating 14 grade. \u00cen noaptea de s\u00e2mb\u0103t\u0103 spre duminic\u0103, minima va ajunge la 3 grade.<\/p>\n\n\n\n<h2 class=\"wp-block-heading\">Vremea la munte<\/h2>\n\n\n\n<p>La munte g\u0103sim vreme cald\u0103 pentru aceast\u0103 perioad\u0103. Norii apar destul de rar, iar \u00een majoritatea masivelor cerul r\u0103m\u00e2ne senin. V\u00e2ntul are intensific\u0103ri trec\u0103toare \u00een Mun\u021bii Banatului \u0219i ajunge la viteze de 45 km\/h.<\/p>\n\n\n\n<p>Joi se anun\u021b\u0103 \u00eenc\u0103 o zi cald\u0103, cu soare, dar \u0219i c\u00e2\u021biva nori inofensivi.<\/p>\n\n\n\n<p>Vineri, atmosfera va fi \u00eensorit\u0103 \u0219i v\u00e2ntul r\u0103m\u00e2ne activ, iar temperaturile continu\u0103 s\u0103 fie ridicate pentru luna martie.<\/p>\n\n\n\n<p>S\u00e2mb\u0103t\u0103 se anun\u021b\u0103 \u00eenc\u0103 o zi frumoas\u0103. Norii apar doar trec\u0103tor, iar v\u00e2ntul va avea intensific\u0103ri \u00een Mun\u021bii Banatului.<\/p>\n\n\n\n<p>Sursa:stirileprotv<\/p>\n","protected":false},"excerpt":{"rendered":"<p>Miercuri mai sunt ceva \u00eennor\u0103ri \u0219i condi\u021bii de cea\u021b\u0103 diminea\u021ba \u00een sudul \u0219i \u00een sud-estul Rom\u00e2niei. Apoi, vremea devine frumoas\u0103<\/p>\n","protected":false},"author":1,"featured_media":122656,"comment_status":"open","ping_status":"closed","sticky":false,"template":"","format":"standard","meta":{"spay_email":"","footnotes":"","jetpack_publicize_message":""},"categories":[6],"tags":[],"class_list":["post-134498","post","type-post","status-publish","format-standard","has-post-thumbnail","hentry","category-social"],"jetpack_featured_media_url":"https:\/\/i0.wp.com\/realitatearutiera.ro\/wp-content\/uploads\/2025\/03\/vremea-meteo-primavara-pom-copac-inflorit.jpeg?fit=1024%2C707&ssl=1","jetpack_publicize_connections":[],"jetpack_sharing_enabled":true,"jetpack_shortlink":"https:\/\/wp.me\/p61naM-yZk","jetpack-related-posts":[],"_links":{"self":[{"href":"https:\/\/realitatearutiera.ro\/index.php?rest_route=\/wp\/v2\/posts\/134498","targetHints":{"allow":["GET"]}}],"collection":[{"href":"https:\/\/realitatearutiera.ro\/index.php?rest_route=\/wp\/v2\/posts"}],"about":[{"href":"https:\/\/realitatearutiera.ro\/index.php?rest_route=\/wp\/v2\/types\/post"}],"author":[{"embeddable":true,"href":"https:\/\/realitatearutiera.ro\/index.php?rest_route=\/wp\/v2\/users\/1"}],"replies":[{"embeddable":true,"href":"https:\/\/realitatearutiera.ro\/index.php?rest_route=%2Fwp%2Fv2%2Fcomments&post=134498"}],"version-history":[{"count":1,"href":"https:\/\/realitatearutiera.ro\/index.php?rest_route=\/wp\/v2\/posts\/134498\/revisions"}],"predecessor-version":[{"id":134499,"href":"https:\/\/realitatearutiera.ro\/index.php?rest_route=\/wp\/v2\/posts\/134498\/revisions\/134499"}],"wp:featuredmedia":[{"embeddable":true,"href":"https:\/\/realitatearutiera.ro\/index.php?rest_route=\/wp\/v2\/media\/122656"}],"wp:attachment":[{"href":"https:\/\/realitatearutiera.ro\/index.php?rest_route=%2Fwp%2Fv2%2Fmedia&parent=134498"}],"wp:term":[{"taxonomy":"category","embeddable":true,"href":"https:\/\/realitatearutiera.ro\/index.php?rest_route=%2Fwp%2Fv2%2Fcategories&post=134498"},{"taxonomy":"post_tag","embeddable":true,"href":"https:\/\/realitatearutiera.ro\/index.php?rest_route=%2Fwp%2Fv2%2Ftags&post=134498"}],"curies":[{"name":"wp","href":"https:\/\/api.w.org\/{rel}","templated":true}]}}