{"id":134503,"date":"2026-03-11T09:09:55","date_gmt":"2026-03-11T07:09:55","guid":{"rendered":"https:\/\/realitatearutiera.ro\/?p=134503"},"modified":"2026-03-11T09:09:58","modified_gmt":"2026-03-11T07:09:58","slug":"octogenar-aproape-de-80-de-ani-oprit-de-politisti-dupa-ce-a-urcat-baut-la-volan","status":"publish","type":"post","link":"https:\/\/realitatearutiera.ro\/?p=134503","title":{"rendered":"Octogenar aproape de 80 de ani, oprit de poli\u021bi\u0219ti dup\u0103 ce a urcat b\u0103ut la volan"},"content":{"rendered":"\n<figure class=\"wp-block-image size-full is-resized\"><img loading=\"lazy\" decoding=\"async\" width=\"800\" height=\"538\" data-attachment-id=\"134504\" data-permalink=\"https:\/\/realitatearutiera.ro\/?attachment_id=134504\" data-orig-file=\"https:\/\/i1.wp.com\/realitatearutiera.ro\/wp-content\/uploads\/2026\/03\/image-70.png?fit=800%2C538&amp;ssl=1\" data-orig-size=\"800,538\" data-comments-opened=\"1\" data-image-meta=\"{&quot;aperture&quot;:&quot;0&quot;,&quot;credit&quot;:&quot;&quot;,&quot;camera&quot;:&quot;&quot;,&quot;caption&quot;:&quot;&quot;,&quot;created_timestamp&quot;:&quot;0&quot;,&quot;copyright&quot;:&quot;&quot;,&quot;focal_length&quot;:&quot;0&quot;,&quot;iso&quot;:&quot;0&quot;,&quot;shutter_speed&quot;:&quot;0&quot;,&quot;title&quot;:&quot;&quot;,&quot;orientation&quot;:&quot;0&quot;}\" data-image-title=\"image\" data-image-description=\"\" data-medium-file=\"https:\/\/i1.wp.com\/realitatearutiera.ro\/wp-content\/uploads\/2026\/03\/image-70.png?fit=300%2C202&amp;ssl=1\" data-large-file=\"https:\/\/i1.wp.com\/realitatearutiera.ro\/wp-content\/uploads\/2026\/03\/image-70.png?fit=800%2C538&amp;ssl=1\" src=\"https:\/\/i1.wp.com\/realitatearutiera.ro\/wp-content\/uploads\/2026\/03\/image-70.png?resize=800%2C538&#038;ssl=1\" alt=\"\" class=\"wp-image-134504\" style=\"width:440px;height:auto\" srcset=\"https:\/\/i1.wp.com\/realitatearutiera.ro\/wp-content\/uploads\/2026\/03\/image-70.png?w=800&amp;ssl=1 800w, https:\/\/i1.wp.com\/realitatearutiera.ro\/wp-content\/uploads\/2026\/03\/image-70.png?resize=300%2C202&amp;ssl=1 300w, https:\/\/i1.wp.com\/realitatearutiera.ro\/wp-content\/uploads\/2026\/03\/image-70.png?resize=768%2C516&amp;ssl=1 768w\" sizes=\"auto, (max-width: 800px) 100vw, 800px\" data-recalc-dims=\"1\" \/><\/figure>\n\n\n\n<p id=\"p-1\"><strong>Luni, poli\u021bi\u0219tii din cadrul Poli\u021biei Ora\u0219ului Darabani au oprit pentru control, pe strada 1 Decembrie, din localitatea Darabani, un autoturism condus de c\u0103tre un b\u0103rbat, de 78 de ani, din aceea\u0219i localitate.<\/strong><\/p>\n\n\n\n<p id=\"p-3\">\u00centruc\u00e2t emana halen\u0103 alcoolic\u0103 a fost testat cu aparatul etilotest, valoarea rezultat\u0103 fiind de 0,51 mg\/l alcool pur \u00een aerul expirat. Ulterior, acesta a fost condus la o unitate spitaliceasc\u0103 pentru recoltarea de probe biologice de s\u00e2nge, \u00een vederea stabilirii alcoolemiei.<\/p>\n\n\n\n<p id=\"p-5\">Poli\u021bi\u0219tii continu\u0103 cercet\u0103rile sub aspectul comiterii infrac\u021biunii de conducerea unui vehicul sub influen\u021ba b\u0103uturilor alcoolice.<\/p>\n\n\n\n<p>Sursa\/foto:botosani24<\/p>\n","protected":false},"excerpt":{"rendered":"<p>Luni, poli\u021bi\u0219tii din cadrul Poli\u021biei Ora\u0219ului Darabani au oprit pentru control, pe strada 1 Decembrie, din localitatea Darabani, un autoturism<\/p>\n","protected":false},"author":1,"featured_media":134504,"comment_status":"open","ping_status":"closed","sticky":false,"template":"","format":"standard","meta":{"spay_email":"","footnotes":"","jetpack_publicize_message":""},"categories":[6],"tags":[],"class_list":["post-134503","post","type-post","status-publish","format-standard","has-post-thumbnail","hentry","category-social"],"jetpack_featured_media_url":"https:\/\/i1.wp.com\/realitatearutiera.ro\/wp-content\/uploads\/2026\/03\/image-70.png?fit=800%2C538&ssl=1","jetpack_publicize_connections":[],"jetpack_sharing_enabled":true,"jetpack_shortlink":"https:\/\/wp.me\/p61naM-yZp","jetpack-related-posts":[],"_links":{"self":[{"href":"https:\/\/realitatearutiera.ro\/index.php?rest_route=\/wp\/v2\/posts\/134503","targetHints":{"allow":["GET"]}}],"collection":[{"href":"https:\/\/realitatearutiera.ro\/index.php?rest_route=\/wp\/v2\/posts"}],"about":[{"href":"https:\/\/realitatearutiera.ro\/index.php?rest_route=\/wp\/v2\/types\/post"}],"author":[{"embeddable":true,"href":"https:\/\/realitatearutiera.ro\/index.php?rest_route=\/wp\/v2\/users\/1"}],"replies":[{"embeddable":true,"href":"https:\/\/realitatearutiera.ro\/index.php?rest_route=%2Fwp%2Fv2%2Fcomments&post=134503"}],"version-history":[{"count":1,"href":"https:\/\/realitatearutiera.ro\/index.php?rest_route=\/wp\/v2\/posts\/134503\/revisions"}],"predecessor-version":[{"id":134505,"href":"https:\/\/realitatearutiera.ro\/index.php?rest_route=\/wp\/v2\/posts\/134503\/revisions\/134505"}],"wp:featuredmedia":[{"embeddable":true,"href":"https:\/\/realitatearutiera.ro\/index.php?rest_route=\/wp\/v2\/media\/134504"}],"wp:attachment":[{"href":"https:\/\/realitatearutiera.ro\/index.php?rest_route=%2Fwp%2Fv2%2Fmedia&parent=134503"}],"wp:term":[{"taxonomy":"category","embeddable":true,"href":"https:\/\/realitatearutiera.ro\/index.php?rest_route=%2Fwp%2Fv2%2Fcategories&post=134503"},{"taxonomy":"post_tag","embeddable":true,"href":"https:\/\/realitatearutiera.ro\/index.php?rest_route=%2Fwp%2Fv2%2Ftags&post=134503"}],"curies":[{"name":"wp","href":"https:\/\/api.w.org\/{rel}","templated":true}]}}