{"id":134509,"date":"2026-03-11T09:32:04","date_gmt":"2026-03-11T07:32:04","guid":{"rendered":"https:\/\/realitatearutiera.ro\/?p=134509"},"modified":"2026-03-11T09:32:24","modified_gmt":"2026-03-11T07:32:24","slug":"sofer-baut-accident-cu-un-autobuz-parcat","status":"publish","type":"post","link":"https:\/\/realitatearutiera.ro\/?p=134509","title":{"rendered":"\u0218ofer b\u0103ut, accident cu un autobuz parcat"},"content":{"rendered":"\n<p>Un \u015fofer care a consumat alcool \u00eenainte de a urca la volan a provocat un accident pe un drum jude\u0163ean din F\u0103urei, pe 9 martie.<\/p>\n\n\n\n<p>El a pierdut controlul volanului \u015fi a intrat \u00een coliziune cu un autobuz parcat pe partea carosabil\u0103.<\/p>\n\n\n\n<p>\u201eLa data de 9 martie, ora 19:05, pe DJ157, \u00een interiorul localit\u0103\u021bii F\u0103urei, poli\u021bi\u0219tii au fost sesiza\u021bi cu privire la producerea unui eveniment rutier.<\/p>\n\n\n\n<p>\u00cen urma cercet\u0103rilor desf\u0103\u0219urate de poli\u021bi\u0219ti a rezultat faptul c\u0103, \u00een timp ce un b\u0103rbat de 60 de ani, din F\u0103urei, conducea un autoturism pe DJ157, \u00een interiorul localit\u0103\u021bii F\u0103urei, av\u00e2nd direc\u021bia de deplasare dinspre localitatea Hoise\u0219ti c\u0103tre Bude\u0219ti, ar fi pierdut controlul asupra direc\u021biei de deplasare, intr\u00e2nd \u00een coliziune cu un autobuz, care era parcat pe partea carosabil\u0103.<\/p>\n\n\n\n<p>\u00cen urma impactului, conduc\u0103torul auto a suferit leziuni traumatice, fiindu-i acordate \u00eengrijiri medicale la fa\u021ba locului.<\/p>\n\n\n\n<p>Acesta a fost testat cu aparatul etilotest, rezult\u00e2nd o valoare de 0,87 mg\/l alcool pur \u00een aerul expirat.<\/p>\n\n\n\n<p>\u00cen cauz\u0103 a fost \u00eentocmit dosar penal sub aspectul s\u0103v\u00e2r\u0219irii infrac\u021biunii de v\u0103t\u0103mare corporal\u0103 din culp\u0103\u201d, au transmis reprezentan\u0163ii IPJ Neam\u0163.<\/p>\n\n\n\n<p>Sursa:monitorulneamt<\/p>\n","protected":false},"excerpt":{"rendered":"<p>Un \u015fofer care a consumat alcool \u00eenainte de a urca la volan a provocat un accident pe un drum jude\u0163ean<\/p>\n","protected":false},"author":1,"featured_media":113174,"comment_status":"open","ping_status":"closed","sticky":false,"template":"","format":"standard","meta":{"spay_email":"","footnotes":"","jetpack_publicize_message":""},"categories":[1],"tags":[],"class_list":["post-134509","post","type-post","status-publish","format-standard","has-post-thumbnail","hentry","category-uncategorized"],"jetpack_featured_media_url":"https:\/\/i0.wp.com\/realitatearutiera.ro\/wp-content\/uploads\/2024\/07\/semn-accident-850x560-1.jpg?fit=850%2C560&ssl=1","jetpack_publicize_connections":[],"jetpack_sharing_enabled":true,"jetpack_shortlink":"https:\/\/wp.me\/p61naM-yZv","jetpack-related-posts":[],"_links":{"self":[{"href":"https:\/\/realitatearutiera.ro\/index.php?rest_route=\/wp\/v2\/posts\/134509","targetHints":{"allow":["GET"]}}],"collection":[{"href":"https:\/\/realitatearutiera.ro\/index.php?rest_route=\/wp\/v2\/posts"}],"about":[{"href":"https:\/\/realitatearutiera.ro\/index.php?rest_route=\/wp\/v2\/types\/post"}],"author":[{"embeddable":true,"href":"https:\/\/realitatearutiera.ro\/index.php?rest_route=\/wp\/v2\/users\/1"}],"replies":[{"embeddable":true,"href":"https:\/\/realitatearutiera.ro\/index.php?rest_route=%2Fwp%2Fv2%2Fcomments&post=134509"}],"version-history":[{"count":1,"href":"https:\/\/realitatearutiera.ro\/index.php?rest_route=\/wp\/v2\/posts\/134509\/revisions"}],"predecessor-version":[{"id":134510,"href":"https:\/\/realitatearutiera.ro\/index.php?rest_route=\/wp\/v2\/posts\/134509\/revisions\/134510"}],"wp:featuredmedia":[{"embeddable":true,"href":"https:\/\/realitatearutiera.ro\/index.php?rest_route=\/wp\/v2\/media\/113174"}],"wp:attachment":[{"href":"https:\/\/realitatearutiera.ro\/index.php?rest_route=%2Fwp%2Fv2%2Fmedia&parent=134509"}],"wp:term":[{"taxonomy":"category","embeddable":true,"href":"https:\/\/realitatearutiera.ro\/index.php?rest_route=%2Fwp%2Fv2%2Fcategories&post=134509"},{"taxonomy":"post_tag","embeddable":true,"href":"https:\/\/realitatearutiera.ro\/index.php?rest_route=%2Fwp%2Fv2%2Ftags&post=134509"}],"curies":[{"name":"wp","href":"https:\/\/api.w.org\/{rel}","templated":true}]}}