{"id":134548,"date":"2026-03-12T08:36:48","date_gmt":"2026-03-12T06:36:48","guid":{"rendered":"https:\/\/realitatearutiera.ro\/?p=134548"},"modified":"2026-03-12T08:36:51","modified_gmt":"2026-03-12T06:36:51","slug":"cand-vor-putea-circula-soferii-pe-acest-tronson-din-a7","status":"publish","type":"post","link":"https:\/\/realitatearutiera.ro\/?p=134548","title":{"rendered":"C\u00e2nd vor putea circula \u0219oferii pe acest tronson din A7"},"content":{"rendered":"\n<figure class=\"wp-block-image size-full\"><img loading=\"lazy\" decoding=\"async\" width=\"640\" height=\"480\" data-attachment-id=\"134549\" data-permalink=\"https:\/\/realitatearutiera.ro\/?attachment_id=134549\" data-orig-file=\"https:\/\/i1.wp.com\/realitatearutiera.ro\/wp-content\/uploads\/2026\/03\/image-75.png?fit=640%2C480&amp;ssl=1\" data-orig-size=\"640,480\" data-comments-opened=\"1\" data-image-meta=\"{&quot;aperture&quot;:&quot;0&quot;,&quot;credit&quot;:&quot;&quot;,&quot;camera&quot;:&quot;&quot;,&quot;caption&quot;:&quot;&quot;,&quot;created_timestamp&quot;:&quot;0&quot;,&quot;copyright&quot;:&quot;&quot;,&quot;focal_length&quot;:&quot;0&quot;,&quot;iso&quot;:&quot;0&quot;,&quot;shutter_speed&quot;:&quot;0&quot;,&quot;title&quot;:&quot;&quot;,&quot;orientation&quot;:&quot;0&quot;}\" data-image-title=\"image\" data-image-description=\"\" data-medium-file=\"https:\/\/i1.wp.com\/realitatearutiera.ro\/wp-content\/uploads\/2026\/03\/image-75.png?fit=300%2C225&amp;ssl=1\" data-large-file=\"https:\/\/i1.wp.com\/realitatearutiera.ro\/wp-content\/uploads\/2026\/03\/image-75.png?fit=640%2C480&amp;ssl=1\" src=\"https:\/\/i1.wp.com\/realitatearutiera.ro\/wp-content\/uploads\/2026\/03\/image-75.png?resize=640%2C480&#038;ssl=1\" alt=\"\" class=\"wp-image-134549\" srcset=\"https:\/\/i1.wp.com\/realitatearutiera.ro\/wp-content\/uploads\/2026\/03\/image-75.png?w=640&amp;ssl=1 640w, https:\/\/i1.wp.com\/realitatearutiera.ro\/wp-content\/uploads\/2026\/03\/image-75.png?resize=300%2C225&amp;ssl=1 300w\" sizes=\"auto, (max-width: 640px) 100vw, 640px\" data-recalc-dims=\"1\" \/><\/figure>\n\n\n\n<p>Autostrada Moldovei prinde, u\u015for-u\u015for, vitez\u0103. \u00cen perioada urm\u0103toare se vor asfalta \u015fi ultimii kilometri ai lotului 2 din sec\u021biunea Foc\u0219ani &#8211; Bac\u0103u.<a href=\"https:\/\/observatornews.ro\/autori\/angela-bertea-id170.html\"><\/a><\/p>\n\n\n\n<p>Compania Na\u021bional\u0103 de Administrare a Infrastructurii Rutiere transmite c\u0103&nbsp;acum stadiul fizic al lucr\u0103rilor pe acest ultim sector dintre Adjud \u0219i R\u0103c\u0103ciuni a dep\u0103\u0219it 90% \u015fi se estimeaz\u0103 c\u0103&nbsp;circula\u021bia va fi deschis\u0103 p\u00e2n\u0103 la sf\u00e2r\u015fitul lunii august.<\/p>\n\n\n\n<p>Totodat\u0103, constructorul este mobilizat \u00een teren, pe acest segment de \u015fantier cu peste 350 de oameni \u015fi&nbsp;mai mult de 100 de utilaje.&nbsp;&nbsp;<\/p>\n\n\n\n<p>Odat\u0103&nbsp;cu asfaltarea respectivilor kilometri, se efectueaz\u0103 \u015fi alte lucr\u0103ri \u00een paralel, cum ar fi : turnarea unei pl\u0103ci de suprabetonare a unui pod, amenajarea unei parc\u0103ri, dar \u015fi a Centrului de \u00centre\u0163inere \u015fi Control.&nbsp;<\/p>\n\n\n\n<p>Primii 17 kilometri&nbsp;ai acestui lot&nbsp;(\u00eentre Domne\u0219ti \u0219i Adjud)&nbsp;au fost deschi\u015fi traficului anul trecut. P\u00e2n\u0103&nbsp;la sf\u00e2r\u015fitul verii urmeaz\u0103 \u015fi cei care sunt acum \u00een lucru. Construc\u0163ia Autostr\u0103zii Moldovei&nbsp;(A7)&nbsp;este finan\u021bat\u0103&nbsp;prin PNRR.<\/p>\n\n\n\n<p>Sursa:observatornews Foto:observatornews(google)<\/p>\n","protected":false},"excerpt":{"rendered":"<p>Autostrada Moldovei prinde, u\u015for-u\u015for, vitez\u0103. \u00cen perioada urm\u0103toare se vor asfalta \u015fi ultimii kilometri ai lotului 2 din sec\u021biunea Foc\u0219ani<\/p>\n","protected":false},"author":1,"featured_media":134549,"comment_status":"open","ping_status":"closed","sticky":false,"template":"","format":"standard","meta":{"spay_email":"","footnotes":"","jetpack_publicize_message":""},"categories":[82],"tags":[],"class_list":["post-134548","post","type-post","status-publish","format-standard","has-post-thumbnail","hentry","category-auto"],"jetpack_featured_media_url":"https:\/\/i1.wp.com\/realitatearutiera.ro\/wp-content\/uploads\/2026\/03\/image-75.png?fit=640%2C480&ssl=1","jetpack_publicize_connections":[],"jetpack_sharing_enabled":true,"jetpack_shortlink":"https:\/\/wp.me\/p61naM-z08","jetpack-related-posts":[],"_links":{"self":[{"href":"https:\/\/realitatearutiera.ro\/index.php?rest_route=\/wp\/v2\/posts\/134548","targetHints":{"allow":["GET"]}}],"collection":[{"href":"https:\/\/realitatearutiera.ro\/index.php?rest_route=\/wp\/v2\/posts"}],"about":[{"href":"https:\/\/realitatearutiera.ro\/index.php?rest_route=\/wp\/v2\/types\/post"}],"author":[{"embeddable":true,"href":"https:\/\/realitatearutiera.ro\/index.php?rest_route=\/wp\/v2\/users\/1"}],"replies":[{"embeddable":true,"href":"https:\/\/realitatearutiera.ro\/index.php?rest_route=%2Fwp%2Fv2%2Fcomments&post=134548"}],"version-history":[{"count":1,"href":"https:\/\/realitatearutiera.ro\/index.php?rest_route=\/wp\/v2\/posts\/134548\/revisions"}],"predecessor-version":[{"id":134550,"href":"https:\/\/realitatearutiera.ro\/index.php?rest_route=\/wp\/v2\/posts\/134548\/revisions\/134550"}],"wp:featuredmedia":[{"embeddable":true,"href":"https:\/\/realitatearutiera.ro\/index.php?rest_route=\/wp\/v2\/media\/134549"}],"wp:attachment":[{"href":"https:\/\/realitatearutiera.ro\/index.php?rest_route=%2Fwp%2Fv2%2Fmedia&parent=134548"}],"wp:term":[{"taxonomy":"category","embeddable":true,"href":"https:\/\/realitatearutiera.ro\/index.php?rest_route=%2Fwp%2Fv2%2Fcategories&post=134548"},{"taxonomy":"post_tag","embeddable":true,"href":"https:\/\/realitatearutiera.ro\/index.php?rest_route=%2Fwp%2Fv2%2Ftags&post=134548"}],"curies":[{"name":"wp","href":"https:\/\/api.w.org\/{rel}","templated":true}]}}