{"id":134556,"date":"2026-03-12T09:05:06","date_gmt":"2026-03-12T07:05:06","guid":{"rendered":"https:\/\/realitatearutiera.ro\/?p=134556"},"modified":"2026-03-12T09:05:08","modified_gmt":"2026-03-12T07:05:08","slug":"aiud-pieton-accidentat-pe-loc-marcat-si-semnalizat-corespunzator","status":"publish","type":"post","link":"https:\/\/realitatearutiera.ro\/?p=134556","title":{"rendered":"Aiud: pieton accidentat pe loc marcat \u0219i semnalizat corespunz\u0103tor"},"content":{"rendered":"\n<figure class=\"wp-block-image size-large\"><img loading=\"lazy\" decoding=\"async\" width=\"800\" height=\"450\" data-attachment-id=\"134557\" data-permalink=\"https:\/\/realitatearutiera.ro\/?attachment_id=134557\" data-orig-file=\"https:\/\/i1.wp.com\/realitatearutiera.ro\/wp-content\/uploads\/2026\/03\/image-77.png?fit=1200%2C675&amp;ssl=1\" data-orig-size=\"1200,675\" data-comments-opened=\"1\" data-image-meta=\"{&quot;aperture&quot;:&quot;0&quot;,&quot;credit&quot;:&quot;&quot;,&quot;camera&quot;:&quot;&quot;,&quot;caption&quot;:&quot;&quot;,&quot;created_timestamp&quot;:&quot;0&quot;,&quot;copyright&quot;:&quot;&quot;,&quot;focal_length&quot;:&quot;0&quot;,&quot;iso&quot;:&quot;0&quot;,&quot;shutter_speed&quot;:&quot;0&quot;,&quot;title&quot;:&quot;&quot;,&quot;orientation&quot;:&quot;0&quot;}\" data-image-title=\"image\" data-image-description=\"\" data-medium-file=\"https:\/\/i1.wp.com\/realitatearutiera.ro\/wp-content\/uploads\/2026\/03\/image-77.png?fit=300%2C169&amp;ssl=1\" data-large-file=\"https:\/\/i1.wp.com\/realitatearutiera.ro\/wp-content\/uploads\/2026\/03\/image-77.png?fit=800%2C450&amp;ssl=1\" src=\"https:\/\/i0.wp.com\/realitatearutiera.ro\/wp-content\/uploads\/2026\/03\/image-77-1024x576.png?resize=800%2C450&#038;ssl=1\" alt=\"\" class=\"wp-image-134557\" srcset=\"https:\/\/i1.wp.com\/realitatearutiera.ro\/wp-content\/uploads\/2026\/03\/image-77.png?resize=1024%2C576&amp;ssl=1 1024w, https:\/\/i1.wp.com\/realitatearutiera.ro\/wp-content\/uploads\/2026\/03\/image-77.png?resize=300%2C169&amp;ssl=1 300w, https:\/\/i1.wp.com\/realitatearutiera.ro\/wp-content\/uploads\/2026\/03\/image-77.png?resize=768%2C432&amp;ssl=1 768w, https:\/\/i1.wp.com\/realitatearutiera.ro\/wp-content\/uploads\/2026\/03\/image-77.png?w=1200&amp;ssl=1 1200w\" sizes=\"auto, (max-width: 800px) 100vw, 800px\" data-recalc-dims=\"1\" \/><\/figure>\n\n\n\n<p id=\"p-1\"><strong>Un pieton a fost accidentat, pe o strad\u0103 din Aiud, au anun\u021bat miercuri, reprezentan\u021bii IPJ Alba.<\/strong><\/p>\n\n\n\n<p id=\"p-2\">Traficul rutier este \u00eengreunat pe strada Ion Creang\u0103 din municipiul Aiud, din cauza unui eveniment rutier.<\/p>\n\n\n\n<p id=\"p-3\">Din primele date un pieton ar fi fost surprins \u0219i accidentat de un autoturism \u0219i ar fi suferit leziuni corporale u\u0219oare\u201d au precizat poli\u021bi\u0219tii.<\/p>\n\n\n\n<p id=\"p-4\"><strong>UPDATE IPJ Alba:<\/strong>&nbsp;Un b\u0103rbat, \u00een v\u00e2rst\u0103 de 73 de ani, din municipiul Aiud, \u00een timp ce era angajat \u00een traversarea str\u0103zii prin loc marcat \u0219i semnalizat corespunz\u0103tor, a fost surprins \u0219i accidentat de un autoturism condus de o femeie, \u00een v\u00e2rst\u0103 de 60 de ani, din municipiul Aiud.<\/p>\n\n\n\n<p id=\"p-5\">\u00cen urma evenimentului rutier, b\u0103rbatul, \u00een v\u00e2rst\u0103 de 73 de ani, a suferit leziuni corporale, fiind transportat la spital pentru a-i fi acordate \u00eengrijiri medicale.<\/p>\n\n\n\n<p id=\"p-6\">Conduc\u0103toarea auto a fost testat\u0103 cu aparatul etilotest, rezultatul fiind negativ.<\/p>\n\n\n\n<p id=\"p-7\">Cercet\u0103rile sunt continuate sub aspectul s\u0103v\u00e2r\u0219irii infrac\u021biunii de v\u0103t\u0103mare corporal\u0103 din culp\u0103 \u00een vederea stabilirii \u00eemprejur\u0103rilor \u00een care s-a petrecut evenimentul rutier.<\/p>\n\n\n\n<p id=\"p-8\">Sursa: alba24    Foto: Arhiv\u0103<\/p>\n","protected":false},"excerpt":{"rendered":"<p>Un pieton a fost accidentat, pe o strad\u0103 din Aiud, au anun\u021bat miercuri, reprezentan\u021bii IPJ Alba. Traficul rutier este \u00eengreunat<\/p>\n","protected":false},"author":1,"featured_media":121916,"comment_status":"open","ping_status":"closed","sticky":false,"template":"","format":"standard","meta":{"spay_email":"","footnotes":"","jetpack_publicize_message":""},"categories":[1],"tags":[],"class_list":["post-134556","post","type-post","status-publish","format-standard","has-post-thumbnail","hentry","category-uncategorized"],"jetpack_featured_media_url":"https:\/\/i2.wp.com\/realitatearutiera.ro\/wp-content\/uploads\/2025\/03\/accident-rutier-cu-victima.jpg?fit=1191%2C568&ssl=1","jetpack_publicize_connections":[],"jetpack_sharing_enabled":true,"jetpack_shortlink":"https:\/\/wp.me\/p61naM-z0g","jetpack-related-posts":[],"_links":{"self":[{"href":"https:\/\/realitatearutiera.ro\/index.php?rest_route=\/wp\/v2\/posts\/134556","targetHints":{"allow":["GET"]}}],"collection":[{"href":"https:\/\/realitatearutiera.ro\/index.php?rest_route=\/wp\/v2\/posts"}],"about":[{"href":"https:\/\/realitatearutiera.ro\/index.php?rest_route=\/wp\/v2\/types\/post"}],"author":[{"embeddable":true,"href":"https:\/\/realitatearutiera.ro\/index.php?rest_route=\/wp\/v2\/users\/1"}],"replies":[{"embeddable":true,"href":"https:\/\/realitatearutiera.ro\/index.php?rest_route=%2Fwp%2Fv2%2Fcomments&post=134556"}],"version-history":[{"count":1,"href":"https:\/\/realitatearutiera.ro\/index.php?rest_route=\/wp\/v2\/posts\/134556\/revisions"}],"predecessor-version":[{"id":134558,"href":"https:\/\/realitatearutiera.ro\/index.php?rest_route=\/wp\/v2\/posts\/134556\/revisions\/134558"}],"wp:featuredmedia":[{"embeddable":true,"href":"https:\/\/realitatearutiera.ro\/index.php?rest_route=\/wp\/v2\/media\/121916"}],"wp:attachment":[{"href":"https:\/\/realitatearutiera.ro\/index.php?rest_route=%2Fwp%2Fv2%2Fmedia&parent=134556"}],"wp:term":[{"taxonomy":"category","embeddable":true,"href":"https:\/\/realitatearutiera.ro\/index.php?rest_route=%2Fwp%2Fv2%2Fcategories&post=134556"},{"taxonomy":"post_tag","embeddable":true,"href":"https:\/\/realitatearutiera.ro\/index.php?rest_route=%2Fwp%2Fv2%2Ftags&post=134556"}],"curies":[{"name":"wp","href":"https:\/\/api.w.org\/{rel}","templated":true}]}}