{"id":134559,"date":"2026-03-12T09:13:45","date_gmt":"2026-03-12T07:13:45","guid":{"rendered":"https:\/\/realitatearutiera.ro\/?p=134559"},"modified":"2026-03-12T09:13:47","modified_gmt":"2026-03-12T07:13:47","slug":"vremea-367","status":"publish","type":"post","link":"https:\/\/realitatearutiera.ro\/?p=134559","title":{"rendered":"Vremea"},"content":{"rendered":"\n<p>Ziua de joi \u00eencepe cu nori de joas\u0103 altitudine sau cea\u021b\u0103 \u00een jum\u0103tatea sud-estic\u0103, dar amiaza aduce soare \u0219i vreme bun\u0103 peste tot. \u00cen regiunile vestice, \u00een centru \u0219i \u00een nord o s\u0103 fie mult mai cald dec\u00e2t \u00een mod obi\u0219nuit.&nbsp;<\/p>\n\n\n\n<p>\u00cen rest temperaturile coboar\u0103 spre normal. Vor fi 10 grade pe litoral \u0219i 19 grade \u00een vestul Rom\u00e2niei.<\/p>\n\n\n\n<h2 class=\"wp-block-heading\"><strong>Vremea \u00een \u021bar\u0103<\/strong><\/h2>\n\n\n\n<p>Vedem cum arat\u0103 vremea \u00een fiecare regiune \u0219i \u00eencepem cu Dobrogea \u0219i cu B\u0103r\u0103ganul. Pe-aici s-a l\u0103sat cea\u021ba la \u00eenceputul zilei, dar la amiaz\u0103 ar trebui s\u0103 avem soare, vreme bun\u0103 \u0219i temperaturi de p\u00e2n\u0103 la 13 grade. Jude\u021bul Tulcea se afl\u0103, p\u00e2n\u0103 la ora 09:30, sub cod galben de cea\u021b\u0103 dens\u0103 \u0219i vizibilitate redus\u0103.<\/p>\n\n\n\n<p>O situa\u021bie similar\u0103 g\u0103sim \u0219i mai sus, \u00een Moldova sudic\u0103 \u0219i \u00een nordul Munteniei: ceva \u00eennor\u0103ri \u0219i cea\u021b\u0103 \u00een prima parte a zilei, atmosfer\u0103 \u00eensorit\u0103 mai t\u00e2rziu. Maximele, \u00een sc\u0103dere fa\u021b\u0103 de miercuri, se opresc pe la 12 grade.<\/p>\n\n\n\n<p>\u00cen jum\u0103tatea nordic\u0103 a Moldovei \u0219i \u00een Bucovina avem aproape aceea\u0219i situa\u021bie. Ziua \u00eencepe cu nori de joas\u0103 altitudine \u0219i cea\u021b\u0103, dar apoi vedem \u0219i soarele. \u0218i pe-aici se mai r\u0103ce\u0219te pu\u021bin \u0219i vor fi cel mult 13 grade.<\/p>\n\n\n\n<p>\u00cen nordul Transilvaniei \u0219i \u00een Maramure\u0219 g\u0103sim tot vreme frumoas\u0103. Norii apar sporadic \u0219i nu vorbim deloc de precipita\u021bii. Maximele se men\u021bin la valori peste normalul perioadei \u0219i ajung la 18 grade pe la Satu Mare.<\/p>\n\n\n\n<p>Cel mai cald o s\u0103 fie, \u00eens\u0103, \u00een \u021binuturile vestice, pe unde se vor \u00eenregistra \u00een jur de 19 grade. Soarele str\u0103luce\u0219te pe tot parcursul zilei \u0219i nu sunt alte fenomene care s\u0103 ne strice ziua.<\/p>\n\n\n\n<p>\u00cen Transilvania avem o diminea\u021b\u0103 foarte rece \u00een depresiuni, pe unde temperaturile au cobor\u00e2t peste noapte p\u00e2n\u0103 aproape de pragul gerului. Soarele \u00eenc\u0103lze\u0219te atmosfera, iar la amiaz\u0103, \u00een vestul provinciei se ating \u00een jur de 17 grade.&nbsp;<\/p>\n\n\n\n<p>\u00cen Oltenia avem pu\u021bin\u0103 cea\u021b\u0103 \u00een primele ore, dar la orele pr\u00e2nzului avem soare \u0219i vreme bun\u0103 \u00een toat\u0103 regiunea. Maximele se men\u021bin la valori peste normalul perioadei \u0219i ajung la 16 grade pe la Drobeta Turnu-Severin.<\/p>\n\n\n\n<p>Cam la fel va fi vremea \u0219i \u00een \u021binuturile sudice: cea\u021b\u0103 sau nori de joas\u0103 altitudine diminea\u021b\u0103 \u0219i atmosfer\u0103 \u00eensorit\u0103 dup\u0103 aceea. Pe-aici temperaturile mai scad pu\u021bin \u0219i vor fi cel mult 12 grade. P\u00e2n\u0103 la ora 09:30 jude\u021bul Teleorman se afl\u0103 sub Cod galben de cea\u021b\u0103 dens\u0103 \u0219i vizibilitate redus\u0103.<\/p>\n\n\n\n<h2 class=\"wp-block-heading\"><strong>Vremea \u00een Bucure\u0219ti<\/strong><\/h2>\n\n\n\n<p>\u00cen Bucure\u0219ti ziua \u00eencepe cu nori jo\u0219i sau cea\u021b\u0103. Apoi iese soarele, dar, chiar \u0219i-a\u0219a, se mai r\u0103ce\u0219te fa\u021b\u0103 de ieri \u0219i maxima se opre\u0219te la 11 grade. La noapte revin condi\u021biile de cea\u021b\u0103, iar temperatura coboar\u0103 p\u00e2n\u0103 la 1 grad.<\/p>\n\n\n\n<h2 class=\"wp-block-heading\"><strong>Vremea la munte<\/strong><\/h2>\n\n\n\n<p>La munte g\u0103sim vreme cald\u0103 pentru mijlocul lunii martie. Norii apar destul de rar, \u00eens\u0103 nu vorbim deloc de precipita\u021bii. \u00cen ansamblu se anun\u021b\u0103 o zi frumoas\u0103, cu atmosfer\u0103 \u00eensorit\u0103, v\u00e2nt activ \u00een unele masive \u0219i temperaturi peste mediile perioadei \u00een majoritatea sta\u021biunilor.<\/p>\n\n\n\n<p>Sursa:stirileprotv<\/p>\n","protected":false},"excerpt":{"rendered":"<p>Ziua de joi \u00eencepe cu nori de joas\u0103 altitudine sau cea\u021b\u0103 \u00een jum\u0103tatea sud-estic\u0103, dar amiaza aduce soare \u0219i vreme<\/p>\n","protected":false},"author":1,"featured_media":98444,"comment_status":"open","ping_status":"closed","sticky":false,"template":"","format":"standard","meta":{"spay_email":"","footnotes":"","jetpack_publicize_message":""},"categories":[6],"tags":[],"class_list":["post-134559","post","type-post","status-publish","format-standard","has-post-thumbnail","hentry","category-social"],"jetpack_featured_media_url":"https:\/\/i1.wp.com\/realitatearutiera.ro\/wp-content\/uploads\/2023\/05\/meteo-vremea-1-1024x379-1.jpg?fit=1024%2C379&ssl=1","jetpack_publicize_connections":[],"jetpack_sharing_enabled":true,"jetpack_shortlink":"https:\/\/wp.me\/p61naM-z0j","jetpack-related-posts":[],"_links":{"self":[{"href":"https:\/\/realitatearutiera.ro\/index.php?rest_route=\/wp\/v2\/posts\/134559","targetHints":{"allow":["GET"]}}],"collection":[{"href":"https:\/\/realitatearutiera.ro\/index.php?rest_route=\/wp\/v2\/posts"}],"about":[{"href":"https:\/\/realitatearutiera.ro\/index.php?rest_route=\/wp\/v2\/types\/post"}],"author":[{"embeddable":true,"href":"https:\/\/realitatearutiera.ro\/index.php?rest_route=\/wp\/v2\/users\/1"}],"replies":[{"embeddable":true,"href":"https:\/\/realitatearutiera.ro\/index.php?rest_route=%2Fwp%2Fv2%2Fcomments&post=134559"}],"version-history":[{"count":1,"href":"https:\/\/realitatearutiera.ro\/index.php?rest_route=\/wp\/v2\/posts\/134559\/revisions"}],"predecessor-version":[{"id":134560,"href":"https:\/\/realitatearutiera.ro\/index.php?rest_route=\/wp\/v2\/posts\/134559\/revisions\/134560"}],"wp:featuredmedia":[{"embeddable":true,"href":"https:\/\/realitatearutiera.ro\/index.php?rest_route=\/wp\/v2\/media\/98444"}],"wp:attachment":[{"href":"https:\/\/realitatearutiera.ro\/index.php?rest_route=%2Fwp%2Fv2%2Fmedia&parent=134559"}],"wp:term":[{"taxonomy":"category","embeddable":true,"href":"https:\/\/realitatearutiera.ro\/index.php?rest_route=%2Fwp%2Fv2%2Fcategories&post=134559"},{"taxonomy":"post_tag","embeddable":true,"href":"https:\/\/realitatearutiera.ro\/index.php?rest_route=%2Fwp%2Fv2%2Ftags&post=134559"}],"curies":[{"name":"wp","href":"https:\/\/api.w.org\/{rel}","templated":true}]}}