{"id":134561,"date":"2026-03-12T09:23:15","date_gmt":"2026-03-12T07:23:15","guid":{"rendered":"https:\/\/realitatearutiera.ro\/?p=134561"},"modified":"2026-03-12T09:23:18","modified_gmt":"2026-03-12T07:23:18","slug":"ce-amenzi-risca-soferii-si-in-ce-cazuri-se-suspenda-permisul","status":"publish","type":"post","link":"https:\/\/realitatearutiera.ro\/?p=134561","title":{"rendered":"Ce amenzi risc\u0103 \u0219oferii \u0219i \u00een ce cazuri se suspend\u0103 permisul"},"content":{"rendered":"\n<figure class=\"wp-block-image size-full is-resized\"><img loading=\"lazy\" decoding=\"async\" width=\"800\" height=\"600\" data-attachment-id=\"134562\" data-permalink=\"https:\/\/realitatearutiera.ro\/?attachment_id=134562\" data-orig-file=\"https:\/\/i2.wp.com\/realitatearutiera.ro\/wp-content\/uploads\/2026\/03\/image-78.png?fit=1024%2C768&amp;ssl=1\" data-orig-size=\"1024,768\" data-comments-opened=\"1\" data-image-meta=\"{&quot;aperture&quot;:&quot;0&quot;,&quot;credit&quot;:&quot;&quot;,&quot;camera&quot;:&quot;&quot;,&quot;caption&quot;:&quot;&quot;,&quot;created_timestamp&quot;:&quot;0&quot;,&quot;copyright&quot;:&quot;&quot;,&quot;focal_length&quot;:&quot;0&quot;,&quot;iso&quot;:&quot;0&quot;,&quot;shutter_speed&quot;:&quot;0&quot;,&quot;title&quot;:&quot;&quot;,&quot;orientation&quot;:&quot;0&quot;}\" data-image-title=\"image\" data-image-description=\"\" data-medium-file=\"https:\/\/i2.wp.com\/realitatearutiera.ro\/wp-content\/uploads\/2026\/03\/image-78.png?fit=300%2C225&amp;ssl=1\" data-large-file=\"https:\/\/i2.wp.com\/realitatearutiera.ro\/wp-content\/uploads\/2026\/03\/image-78.png?fit=800%2C600&amp;ssl=1\" src=\"https:\/\/i2.wp.com\/realitatearutiera.ro\/wp-content\/uploads\/2026\/03\/image-78.png?resize=800%2C600&#038;ssl=1\" alt=\"\" class=\"wp-image-134562\" style=\"width:414px;height:auto\" srcset=\"https:\/\/i2.wp.com\/realitatearutiera.ro\/wp-content\/uploads\/2026\/03\/image-78.png?w=1024&amp;ssl=1 1024w, https:\/\/i2.wp.com\/realitatearutiera.ro\/wp-content\/uploads\/2026\/03\/image-78.png?resize=300%2C225&amp;ssl=1 300w, https:\/\/i2.wp.com\/realitatearutiera.ro\/wp-content\/uploads\/2026\/03\/image-78.png?resize=768%2C576&amp;ssl=1 768w\" sizes=\"auto, (max-width: 800px) 100vw, 800px\" data-recalc-dims=\"1\" \/><\/figure>\n\n\n\n<p id=\"p-1\"><strong>Noi sanc\u021biuni \u00een Codul Rutier.&nbsp;<\/strong><strong>Potrivit unui proiect care se afl\u0103 pe masa Guvernului, se preg\u0103tesc noi sanc\u021biuni pentru \u0219oferi. Astfel, \u00een&nbsp;<\/strong><strong>Codul rutier<\/strong><strong>&nbsp;ar putea s\u0103 apar\u0103 noi situa\u0163ii pentru care \u0219oferii risc\u0103&nbsp;<\/strong><strong>amenzi<\/strong><strong>&nbsp;care pornesc de la circa 400 de lei \u0219i ajung la c\u00e2teva mii de lei, scrie&nbsp;<a href=\"https:\/\/alba24.ro\/noi-sanctiuni-in-codul-rutier-ce-amenzi-risca-soferii-si-in-ce-cazuri-se-suspenda-permisul-1124262.html\">alba24.ro<\/a>.&nbsp;<\/strong><\/p>\n\n\n\n<p id=\"p-2\"><strong>Printre faptele care vor fi sanc\u021bionate cu amenzi se num\u0103r\u0103 oprirea sau sta\u021bionarea neregulamentar\u0103 \u0219i nerespectarea regulilor privind circula\u021bia pe banda de autobuz.&nbsp;<\/strong><\/p>\n\n\n\n<p id=\"p-3\">Proiectul de ordonan\u021b\u0103 de urgen\u021b\u0103 a Guvernului privind unele m\u0103suri din domeniul siguran\u021bei \u0219i educa\u021biei rutiere, precum \u0219i pentru modificarea \u0219i completarea unor acte normative a fost publicat \u00een dezbatere \u00een luna noiembrie 2025.<\/p>\n\n\n\n<p id=\"p-4\">O form\u0103 actualizat\u0103 a&nbsp;<a href=\"https:\/\/webapp.mai.gov.ro\/frontend\/documente_transparenta\/773_1772800715_proiect%20OUG_05.03.2026.pdf\" target=\"_blank\" rel=\"noreferrer noopener\">proiectului normativ<\/a>&nbsp;a fost publicat\u0103 pe 5 martie 2026.<\/p>\n\n\n\n<p id=\"p-5\">Potrivit Codului rutier, valorile amenzilor sunt structurate \u00een 5 clase de sanc\u021biuni, de la 2 la 100 de puncte-amend\u0103.&nbsp;\u00cen prezent, valoarea punctului de amend\u0103 rutier\u0103 este de 202,5 lei. Aceast\u0103 valoare reprezint\u0103 5% din salariul minim brut pe economie. \u00cencep\u00e2nd cu 1 iulie 2026, punctul de amend\u0103 este programat s\u0103 creasc\u0103 la 216,2 lei.<\/p>\n\n\n\n<h3 class=\"wp-block-heading\"><strong>Noi sanc\u021biuni \u00een Codul Rutier. F<\/strong>apte sanc\u021bionate cu amend\u0103 de 405 sau 607,5 lei<\/h3>\n\n\n\n<p id=\"p-6\">Proiectul prevede completarea articolului 99 alineatul (1) din Codul Rutier, prin introducerea unor noi contraven\u021bii. Astfel, urm\u0103toarele fapte s\u0103v\u00e2r\u0219ite de c\u0103tre persoanele fizice vor&nbsp;fi sanc\u021bionate cu amenda prev\u0103zut\u0103 \u00een clasa I de sanc\u021biuni, respectiv cu 2 sau 3 puncte-amend\u0103 (405 lei sau 607,5 lei):<\/p>\n\n\n\n<ul class=\"wp-block-list\">\n<li><strong>circula\u021bia pe un sector de drum pe care accesul este interzis;<\/strong><\/li>\n\n\n\n<li><strong>oprirea neregulamentar\u0103<\/strong>.<\/li>\n<\/ul>\n\n\n\n<h3 class=\"wp-block-heading\">Noi sanc\u021biuni pentru \u0219oferi. Amenzi de 810 lei sau 1.012,5 lei pentru anumite fapte<\/h3>\n\n\n\n<p id=\"p-7\">De asemnea, proiectul de ordonan\u021b\u0103 prevede completarea articolul 100 alineatul (1) din Codul rutier. Noi fapte s\u0103v\u00e2r\u0219ite de c\u0103tre persoanele fizice vor fi sanc\u021bionate cu amenda prev\u0103zut\u0103 \u00een clasa a II-a de sanc\u021biuni, respectiv cu 4 sau 5 puncte-amend\u0103 (810 sau 1.012,5 lei).<\/p>\n\n\n\n<p id=\"p-8\">Este vorba despre:<\/p>\n\n\n\n<ul class=\"wp-block-list\">\n<li><strong>sta\u021bionarea neregulamentar\u0103;<\/strong><\/li>\n\n\n\n<li><strong>neprezentarea vehiculului la sediul unit\u0103\u021bii de poli\u021bie pentru verific\u0103ri suplimentare<\/strong>\u00a0\u00een condi\u021biile art. 79 alin. (4).<\/li>\n<\/ul>\n\n\n\n<h3 class=\"wp-block-heading\">Fapte sanc\u021bionate cu amend\u0103 de la 1.215 lei la 1.620 lei<\/h3>\n\n\n\n<p id=\"p-9\">Se propune introducerea a dou\u0103 noi fapte care urmeaz\u0103 s\u0103 fie sanc\u021bionate cu amenda prev\u0103zut\u0103 \u00een clasa a III-a de sanc\u021biuni, respectiv \u00eentre 6 \u0219i 8 puncte-amend\u0103 (\u00eentre 1.215 \u0219i 1.620 de lei).<\/p>\n\n\n\n<p id=\"p-10\">Este vorba despre:<\/p>\n\n\n\n<ul class=\"wp-block-list\">\n<li><strong>nerespectarea regulilor privind circula\u021bia pe banda destinat\u0103 transportului public de persoane<\/strong>;<\/li>\n\n\n\n<li><strong>nerespectarea semnalelor personalului autorit\u0103\u021bilor publice<\/strong>, aflat \u00een \u00eendeplinirea atribu\u021biilor de serviciu, care execut\u0103 misiuni de asigurare sau de restabilire a ordinii publice ori care execut\u0103 interven\u021bia \u00een situa\u021bii de urgen\u021b\u0103.<\/li>\n<\/ul>\n\n\n\n<p id=\"p-11\">De asemenea, cu aceea\u0219i amend\u0103 va fi sanc\u021bionat\u0103 fapta de nerespectare a regulilor de circula\u021bie la trecerea unei coloane oficiale sau a unei coloane militare ori intercalarea \u00eentr-o astfel de coloan\u0103. \u00cen plus, \u00een aceast\u0103 situa\u021bie \u0219oferii se vor alege \u0219i cu permisul suspendat pentru o perioad\u0103 de 60 de zile.<\/p>\n\n\n\n<h3 class=\"wp-block-heading\">Noi sanc\u021biuni \u00een Codul Rutier: Fapte sanc\u021bionate cu amend\u0103 de la 1.822,5 lei la 4.050 lei<\/h3>\n\n\n\n<p id=\"p-12\">Proiectul prevede modificarea punctelor 14 \u0219i 17 de la articolul&nbsp;102 alineatul (1) din Codul rutier.<\/p>\n\n\n\n<p id=\"p-13\">Astfel, vor constitui contraven\u021bii \u0219i se vor sanc\u021biona cu amenda prev\u0103zut\u0103 \u00een clasa a IV-a de sanc\u021biuni, respectiv de la 9 la 20 puncte-amend\u0103 (de la 1.822,5 lei la 4.050 lei):<\/p>\n\n\n\n<ul class=\"wp-block-list\">\n<li><strong>nerespectarea obliga\u021biei de a comunica poli\u021biei rutiere sau poli\u021biei locale<\/strong>, dup\u0103 caz,\u00a0<strong>a datelor de identificare ale persoanei c\u0103reia i-a \u00eencredin\u021bat vehiculul pentru a-l conduce<\/strong>\u00a0pe drumurile publice \u00een condi\u021biile prev\u0103zute la alin. (1) \u0219i (2) ale art. 39;<\/li>\n\n\n\n<li><strong>nerespectarea interdic\u021biilor referitoare la circula\u021bia pe autostr\u0103zi \u0219i drumuri expres.<\/strong><\/li>\n<\/ul>\n\n\n\n<h3 class=\"wp-block-heading\">Fapte sanc\u021bionate cu amend\u0103&nbsp;de la 1.822,5 lei la 4.050 lei \u0219i suspendarea permisului pentru 90 de zile<\/h3>\n\n\n\n<p id=\"p-14\">Proiectul introduce noi fapte care vor constitui contraven\u021bie \u0219i se vor sanc\u021biona cu amenda prev\u0103zut\u0103 \u00een clasa a IV-a de sanc\u021biuni, respectiv de la 9 la 20 puncte-amend\u0103 (de la 1.822,5 lei la 4.050 lei).<\/p>\n\n\n\n<p id=\"p-15\">Este vorba despre:<\/p>\n\n\n\n<ul class=\"wp-block-list\">\n<li>conducerea unui vehicul pe drumurile publice cu nerespectarea restric\u021biilor prev\u0103zute la art. 24 alin. (2-2), respectiv reglement\u0103rile cu privire la codurile armonizate la nivelul Uniunii Europene, precum \u0219i codurile stabilite la nivel na\u021bional care sunt \u00eenscrise \u00een permisul de conducere.<\/li>\n\n\n\n<li>conducerea pe drumurile publice a unui vehicul al c\u0103rui sistem de evacuare a gazelor \u0219i\/sau de reducere a zgomotului este neomologat, are montate dispozitive sau accesorii neomologate ori asupra c\u0103ruia s-a intervenit prin fixarea defectuoas\u0103, \u00eenlocuirea, eliminarea, perforarea, obturarea unor elemente componente sau modificarea neautorizat\u0103 a caracteristicilor constructive ale acestuia.<\/li>\n<\/ul>\n\n\n\n<p id=\"p-16\">\u00cen plus, \u0219oferii&nbsp;se vor alege \u0219i cu permisul suspendat, pentru o perioad\u0103 de 90 de zile.<\/p>\n\n\n\n<h3 class=\"wp-block-heading\">Fapte sanc\u021bionate cu amend\u0103 \u00eentre 4.252,5 lei \u0219i 20.250 lei<\/h3>\n\n\n\n<p id=\"p-17\">Proiectul prevede introducerea unor fapte s\u0103v\u00e2r\u0219ite de c\u0103tre persoanele juridice, care vor constitui contraven\u021bii \u0219i se vor sanc\u021biona cu amenda prev\u0103zut\u0103 \u00een clasa a V-a de sanc\u021biuni,&nbsp;respectiv \u00eentre 21 \u0219i 100 puncte-amend\u0103 (\u00eentre 4.252,5 lei \u0219i 20.250 lei):<\/p>\n\n\n\n<ul class=\"wp-block-list\">\n<li>nerespectarea obliga\u021biei prev\u0103zute la art. 80 alin. (1) &#8211; respectiv obliga\u021bia proprietarului, de\u021bin\u0103torului mandatat sau conduc\u0103torului auto al c\u0103rui autovehicul \u0219i tractor agricol sau forestier, remorc\u0103 ori tramvai a fost avariat \u00een alte \u00eemprejur\u0103ri dec\u00e2t \u00eentr-un accident de circula\u021bie &#8211; de a se prezenta \u00een 24 de ore de la constatare la unitatea de poli\u021bie pe raza c\u0103reia s-a produs evenimentul, pentru \u00eentocmirea documentelor de constatare.<\/li>\n\n\n\n<li>ne\u00eendeplinirea de c\u0103tre administratorul drumului public a obliga\u021biilor prev\u0103zute la art. 30 alin (13) &#8211; respectiv obliga\u021bia administratorului drumului public de a analiza,\u00a0cel<br>pu\u021bin o dat\u0103 pe an, necesitatea amplas\u0103rii, \u00een zona marcajului trecerii pentru pietoni, de semafoare cu comanda manual\u0103 a cererii de verde, care se poate face direct de c\u0103tre pietoni, \u00een interiorul municipiilor \u0219i ora\u0219elor, pe sectoarele de drum cu circula\u021bie \u00een ambele sensuri, prev\u0103zute cu cel pu\u021bin dou\u0103 benzi pe sens.\u00a0\u00cen situa\u021bia \u00een care sectoarele de drum sunt prev\u0103zute numai cu o band\u0103 pe sens, administratorul drumului public este obligat s\u0103 analizeze, cel pu\u021bin o dat\u0103 pe an, necesitatea amenaj\u0103rii de treceri de pietoni supra\u00een\u0103l\u021bate, conform standardelor \u00een vigoare. Rapoartele de analiz\u0103 se vor publica pe site-urile proprii.<\/li>\n<\/ul>\n\n\n\n<h3 class=\"wp-block-heading\">Noi reglement\u0103ri privind constatarea nerespect\u0103rii regimului legal de vitez\u0103<\/h3>\n\n\n\n<p id=\"p-18\">Potrivit proiectului, constatarea nerespect\u0103rii regimului legal de vitez\u0103 se va putea face \u0219i prin calcularea vitezei medii de deplasare a unui vehicul pe un anumit sector de drum, care se determin\u0103 ca raport dintre distan\u021ba parcurs\u0103 de vehicul pe sectorul de drum \u0219i timpul efectiv de parcurgere \u00eenregistrat de mijloacele tehnice omologate \u0219i verificate metrologic, consemn\u00e2ndu-se aceasta \u00een procesul-verbal de constatare a contraven\u021biei.<\/p>\n\n\n\n<p>Sursa:botosani24<\/p>\n","protected":false},"excerpt":{"rendered":"<p>Noi sanc\u021biuni \u00een Codul Rutier.&nbsp;Potrivit unui proiect care se afl\u0103 pe masa Guvernului, se preg\u0103tesc noi sanc\u021biuni pentru \u0219oferi. Astfel,<\/p>\n","protected":false},"author":1,"featured_media":108046,"comment_status":"open","ping_status":"closed","sticky":false,"template":"","format":"standard","meta":{"spay_email":"","footnotes":"","jetpack_publicize_message":""},"categories":[82],"tags":[],"class_list":["post-134561","post","type-post","status-publish","format-standard","has-post-thumbnail","hentry","category-auto"],"jetpack_featured_media_url":"https:\/\/i0.wp.com\/realitatearutiera.ro\/wp-content\/uploads\/2024\/02\/masini-politie-politia-2-3ldz.jpg?fit=1224%2C816&ssl=1","jetpack_publicize_connections":[],"jetpack_sharing_enabled":true,"jetpack_shortlink":"https:\/\/wp.me\/p61naM-z0l","jetpack-related-posts":[],"_links":{"self":[{"href":"https:\/\/realitatearutiera.ro\/index.php?rest_route=\/wp\/v2\/posts\/134561","targetHints":{"allow":["GET"]}}],"collection":[{"href":"https:\/\/realitatearutiera.ro\/index.php?rest_route=\/wp\/v2\/posts"}],"about":[{"href":"https:\/\/realitatearutiera.ro\/index.php?rest_route=\/wp\/v2\/types\/post"}],"author":[{"embeddable":true,"href":"https:\/\/realitatearutiera.ro\/index.php?rest_route=\/wp\/v2\/users\/1"}],"replies":[{"embeddable":true,"href":"https:\/\/realitatearutiera.ro\/index.php?rest_route=%2Fwp%2Fv2%2Fcomments&post=134561"}],"version-history":[{"count":1,"href":"https:\/\/realitatearutiera.ro\/index.php?rest_route=\/wp\/v2\/posts\/134561\/revisions"}],"predecessor-version":[{"id":134563,"href":"https:\/\/realitatearutiera.ro\/index.php?rest_route=\/wp\/v2\/posts\/134561\/revisions\/134563"}],"wp:featuredmedia":[{"embeddable":true,"href":"https:\/\/realitatearutiera.ro\/index.php?rest_route=\/wp\/v2\/media\/108046"}],"wp:attachment":[{"href":"https:\/\/realitatearutiera.ro\/index.php?rest_route=%2Fwp%2Fv2%2Fmedia&parent=134561"}],"wp:term":[{"taxonomy":"category","embeddable":true,"href":"https:\/\/realitatearutiera.ro\/index.php?rest_route=%2Fwp%2Fv2%2Fcategories&post=134561"},{"taxonomy":"post_tag","embeddable":true,"href":"https:\/\/realitatearutiera.ro\/index.php?rest_route=%2Fwp%2Fv2%2Ftags&post=134561"}],"curies":[{"name":"wp","href":"https:\/\/api.w.org\/{rel}","templated":true}]}}