{"id":134564,"date":"2026-03-12T09:30:52","date_gmt":"2026-03-12T07:30:52","guid":{"rendered":"https:\/\/realitatearutiera.ro\/?p=134564"},"modified":"2026-03-12T09:31:04","modified_gmt":"2026-03-12T07:31:04","slug":"stiri-de-ultima-ora-despre-programul-rabla-2026","status":"publish","type":"post","link":"https:\/\/realitatearutiera.ro\/?p=134564","title":{"rendered":"\u0218tiri de ultim\u0103 or\u0103 despre Programul Rabla 2026"},"content":{"rendered":"\n<figure class=\"wp-block-image size-large is-resized\"><img loading=\"lazy\" decoding=\"async\" width=\"800\" height=\"450\" data-attachment-id=\"134565\" data-permalink=\"https:\/\/realitatearutiera.ro\/?attachment_id=134565\" data-orig-file=\"https:\/\/i2.wp.com\/realitatearutiera.ro\/wp-content\/uploads\/2026\/03\/image-79.png?fit=1200%2C675&amp;ssl=1\" data-orig-size=\"1200,675\" data-comments-opened=\"1\" data-image-meta=\"{&quot;aperture&quot;:&quot;0&quot;,&quot;credit&quot;:&quot;&quot;,&quot;camera&quot;:&quot;&quot;,&quot;caption&quot;:&quot;&quot;,&quot;created_timestamp&quot;:&quot;0&quot;,&quot;copyright&quot;:&quot;&quot;,&quot;focal_length&quot;:&quot;0&quot;,&quot;iso&quot;:&quot;0&quot;,&quot;shutter_speed&quot;:&quot;0&quot;,&quot;title&quot;:&quot;&quot;,&quot;orientation&quot;:&quot;0&quot;}\" data-image-title=\"image\" data-image-description=\"\" data-medium-file=\"https:\/\/i2.wp.com\/realitatearutiera.ro\/wp-content\/uploads\/2026\/03\/image-79.png?fit=300%2C169&amp;ssl=1\" data-large-file=\"https:\/\/i2.wp.com\/realitatearutiera.ro\/wp-content\/uploads\/2026\/03\/image-79.png?fit=800%2C450&amp;ssl=1\" src=\"https:\/\/i0.wp.com\/realitatearutiera.ro\/wp-content\/uploads\/2026\/03\/image-79-1024x576.png?resize=800%2C450&#038;ssl=1\" alt=\"\" class=\"wp-image-134565\" style=\"width:550px;height:auto\" srcset=\"https:\/\/i2.wp.com\/realitatearutiera.ro\/wp-content\/uploads\/2026\/03\/image-79.png?resize=1024%2C576&amp;ssl=1 1024w, https:\/\/i2.wp.com\/realitatearutiera.ro\/wp-content\/uploads\/2026\/03\/image-79.png?resize=300%2C169&amp;ssl=1 300w, https:\/\/i2.wp.com\/realitatearutiera.ro\/wp-content\/uploads\/2026\/03\/image-79.png?resize=768%2C432&amp;ssl=1 768w, https:\/\/i2.wp.com\/realitatearutiera.ro\/wp-content\/uploads\/2026\/03\/image-79.png?w=1200&amp;ssl=1 1200w\" sizes=\"auto, (max-width: 800px) 100vw, 800px\" data-recalc-dims=\"1\" \/><\/figure>\n\n\n\n<p>Ministrul Mediului a anun\u021bat ce se \u00eent\u00e2mpl\u0103 cu Programul Rabla 2026 \u0219i a explicat, conform&nbsp;<a href=\"https:\/\/www.digi24.ro\/stiri\/ce-se-intampla-cu-programul-rabla-in-2026-diana-buzoianu-prioritatea-zero-sunt-proiectele-deja-incepute-3670725\" target=\"_blank\" rel=\"noreferrer noopener\">digi24.ro<\/a>, c\u00e2nd ar putea fi luat\u0103 decizia final\u0103 privind finan\u021barea achizi\u021biilor de ma\u0219ini mai pu\u021bin poluante.<\/p>\n\n\n\n<p>Ministrul Mediului, Diana Buzoianu, a explicat pentru sursa citat\u0103 c\u0103 negocierile cu Ministerul Finan\u021belor vor \u00eencepe imediat dup\u0103 aprobarea bugetului na\u021bional pentru a vedea ce proiecte vor fi demarate \u00een 2026.<\/p>\n\n\n\n<p>Abia atunci autorit\u0103\u021bile vor putea vedea dac\u0103 exist\u0103 bani disponibili pentru continuarea programului de casare a ma\u0219inilor vechi.<\/p>\n\n\n\n<p>Oficialul estimeaz\u0103 c\u0103 o decizie clar\u0103 ar putea fi luat\u0103 la aproximativ dou\u0103 s\u0103pt\u0103m\u00e2ni dup\u0103 adoptarea legii bugetului.<\/p>\n\n\n\n<h2 class=\"wp-block-heading\">C\u00e2nd se decide dac\u0103 Programul Rabla 2026 va primi finan\u021bare?<\/h2>\n\n\n\n<p>\u00cen acest moment, sunt prioritizate proiectele deja \u00eencepute, \u00een special cele transferate din Planul Na\u021bional de Redresare \u0219i Rezilien\u021b\u0103 (PNRR).<\/p>\n\n\n\n<p><a href=\"https:\/\/www.promotor.ro\/stiri-auto\/criteriile-de-eligibilitate-in-programul-rabla-2025-cand-incepe-cum-te-inscrii-acte-necesare-cati-bani-primesti-si-ce-poti-cumpara-cu-ei-19422618\">Programul Rabla<\/a>&nbsp;r\u0103m\u00e2ne \u00eens\u0103 unul dintre proiectele importante analizate pentru 2026. Totul depinde de plafonul final aprobat pentru bugetul AFM.<\/p>\n\n\n\n<p>\u201e<em><strong>\u00cen momentul \u00een care vom avea bugetul na\u021bional vom putea s\u0103 \u00eencepem negocierile cu Ministerul Finan\u021belor cu privire la bugetul AFM-ului, care este o lege separat\u0103, dar care trebuie s\u0103 fie adoptat\u0103 dup\u0103 ce se adopt\u0103 legea bugetului na\u021bional<\/strong><\/em>\u201d, a explicat Buzoianu.<\/p>\n\n\n\n<p>Potrivit acesteia, lipsa bugetului na\u021bional a blocat deja mai multe proiecte importante.<\/p>\n\n\n\n<h2 class=\"wp-block-heading\">Ministrul Mediului: \u201e\u00cen dou\u0103 s\u0103pt\u0103m\u00e2ni\u2026\u201d<\/h2>\n\n\n\n<p>Decizia final\u0103 va depinde \u0219i de capacitatea Ministerului Finan\u021belor de a aloca fonduri suplimentare f\u0103r\u0103 a afecta deficitul bugetar.<\/p>\n\n\n\n<p>Potrivit ministrului, o concluzie privind lansarea Programului Rabla 2026 ar putea fi luat\u0103 rapid, odat\u0103 ce bugetul de stat va fi adoptat.<\/p>\n\n\n\n<p>\u201e<em><strong>Eu sper s\u0103 avem dup\u0103 dou\u0103 s\u0103pt\u0103m\u00e2ni de la aprobarea bugetului na\u021bional o limit\u0103 maximal\u0103 discutat\u0103, negociat\u0103 \u0219i aprobat\u0103 cu Ministerul Finan\u021belor pentru AFM. Deci \u00een dou\u0103 s\u0103pt\u0103m\u00e2ni de la momentul \u00een care avem bugetul na\u021bional aprobat<\/strong><\/em>\u201d, a declarat ministrul, conform sursei citate.<\/p>\n\n\n\n<p>Guvernul a publicat recent proiectul de buget pe 2026, dar care nu con\u021bine nicio referire la Programul&nbsp;<a href=\"https:\/\/www.promotor.ro\/stiri-auto\/decembrie-incepe-o-noua-sesiune-rabla-2025-cati-bani-primesti-pentru-o-masina-noua-19440076\">Rabla<\/a>. Dac\u0103 va fi adoptat \u00een cursul lunii martie, \u00eenseamn\u0103 c\u0103 cel t\u00e2rziu \u00een aprilie vom afla ce se \u00eent\u00e2mpl\u0103 cu Programul Rabla.<\/p>\n\n\n\n<h2 class=\"wp-block-heading\">C\u00e2\u021bi bani a dat statul \u00een 2025 pentru Programul Rabla<\/h2>\n\n\n\n<p>Bugetul total alocat de Asocia\u021bia Fondului de Mediu (AFM) pentru persoanele fizice \u00een 2025 a fost de 200 de milioane de lei.<\/p>\n\n\n\n<p>Ini\u021bial, au fost aloca\u021bi 80 de milioane lei pentru achizi\u021bionarea de ma\u0219ini cu motor pe benzin\u0103, GPL sau hibrid \u0219i 120 de milioane lei pentru autovehicule plug-in hibrid sau pur&nbsp;<a href=\"https:\/\/www.promotor.ro\/stiri-auto\/rabla-2025-scade-voucherul-pentru-electrice-cum-se-impart-ecotichetele-rabla-2025-intre-electrice-hibride-si-termice-19412426\">electrice<\/a>.<\/p>\n\n\n\n<p>Valoarea unui ecotichet acordat \u00een cadrul programului Rabla Auto 2025 a fost de:<\/p>\n\n\n\n<ul class=\"wp-block-list\">\n<li>18.500 lei pentru un vehicul electric 100% sau cu pil\u0103 de combustie cu hidrogen;<\/li>\n\n\n\n<li>15.000 lei pentru un vehicul plugin hibrid;<\/li>\n\n\n\n<li>15.000 lei pentru o motociclet\u0103 electric\u0103;<\/li>\n\n\n\n<li>12.000 lei pentru un vehicul cu sistem de propulsie hibrid;<\/li>\n\n\n\n<li>10.000 lei pentru un vehicul cu motor pe benzin\u0103 (inclusiv GPL\/GNC);<\/li>\n\n\n\n<li>10.000 lei pentru o motociclet\u0103.<\/li>\n<\/ul>\n\n\n\n<p>Deoarece interesul pentru achizi\u021bionarea de ma\u0219ini electrice a fost sc\u0103zut, AFM a organizat sesiuni suplimentare. Fondurile au fost redistribuite pentru ma\u0219ini cu motoare clasice sau hibrid.<\/p>\n\n\n\n<p>Sursa:promotor Foto:promotor<\/p>\n\n\n\n<p><\/p>\n","protected":false},"excerpt":{"rendered":"<p>Ministrul Mediului a anun\u021bat ce se \u00eent\u00e2mpl\u0103 cu Programul Rabla 2026 \u0219i a explicat, conform&nbsp;digi24.ro, c\u00e2nd ar putea fi luat\u0103<\/p>\n","protected":false},"author":1,"featured_media":134565,"comment_status":"open","ping_status":"closed","sticky":false,"template":"","format":"standard","meta":{"spay_email":"","footnotes":"","jetpack_publicize_message":""},"categories":[82],"tags":[],"class_list":["post-134564","post","type-post","status-publish","format-standard","has-post-thumbnail","hentry","category-auto"],"jetpack_featured_media_url":"https:\/\/i2.wp.com\/realitatearutiera.ro\/wp-content\/uploads\/2026\/03\/image-79.png?fit=1200%2C675&ssl=1","jetpack_publicize_connections":[],"jetpack_sharing_enabled":true,"jetpack_shortlink":"https:\/\/wp.me\/p61naM-z0o","jetpack-related-posts":[],"_links":{"self":[{"href":"https:\/\/realitatearutiera.ro\/index.php?rest_route=\/wp\/v2\/posts\/134564","targetHints":{"allow":["GET"]}}],"collection":[{"href":"https:\/\/realitatearutiera.ro\/index.php?rest_route=\/wp\/v2\/posts"}],"about":[{"href":"https:\/\/realitatearutiera.ro\/index.php?rest_route=\/wp\/v2\/types\/post"}],"author":[{"embeddable":true,"href":"https:\/\/realitatearutiera.ro\/index.php?rest_route=\/wp\/v2\/users\/1"}],"replies":[{"embeddable":true,"href":"https:\/\/realitatearutiera.ro\/index.php?rest_route=%2Fwp%2Fv2%2Fcomments&post=134564"}],"version-history":[{"count":1,"href":"https:\/\/realitatearutiera.ro\/index.php?rest_route=\/wp\/v2\/posts\/134564\/revisions"}],"predecessor-version":[{"id":134566,"href":"https:\/\/realitatearutiera.ro\/index.php?rest_route=\/wp\/v2\/posts\/134564\/revisions\/134566"}],"wp:featuredmedia":[{"embeddable":true,"href":"https:\/\/realitatearutiera.ro\/index.php?rest_route=\/wp\/v2\/media\/134565"}],"wp:attachment":[{"href":"https:\/\/realitatearutiera.ro\/index.php?rest_route=%2Fwp%2Fv2%2Fmedia&parent=134564"}],"wp:term":[{"taxonomy":"category","embeddable":true,"href":"https:\/\/realitatearutiera.ro\/index.php?rest_route=%2Fwp%2Fv2%2Fcategories&post=134564"},{"taxonomy":"post_tag","embeddable":true,"href":"https:\/\/realitatearutiera.ro\/index.php?rest_route=%2Fwp%2Fv2%2Ftags&post=134564"}],"curies":[{"name":"wp","href":"https:\/\/api.w.org\/{rel}","templated":true}]}}