{"id":134567,"date":"2026-03-12T09:56:42","date_gmt":"2026-03-12T07:56:42","guid":{"rendered":"https:\/\/realitatearutiera.ro\/?p=134567"},"modified":"2026-03-12T09:56:45","modified_gmt":"2026-03-12T07:56:45","slug":"judetul-braila-circulatie-oprita-pe-dn-23-din-cauza-unui-accident","status":"publish","type":"post","link":"https:\/\/realitatearutiera.ro\/?p=134567","title":{"rendered":"JUDE\u021aUL BR\u0102ILA: CIRCULA\u021aIE OPRIT\u0102 PE DN 23, DIN CAUZA UNUI ACCIDENT"},"content":{"rendered":"\n<p><strong>Ora:&nbsp;<\/strong>09:40<\/p>\n\n\n\n<p><strong>Centrul INFOTRAFIC din Inspectoratul General al Poli\u021biei Rom\u00e2ne&nbsp;<\/strong>informeaz\u0103 c\u0103 traficul este oprit pe DN 23 Br\u0103ila &#8211; Foc\u0219ani, \u00een zona localit\u0103\u021bii Sili\u0219tea, jude\u021bul Br\u0103ila, dup\u0103 ce un autoturism \u0219i un utilaj agricol au fost implicate \u00eentr-un accident. \u00cen urma coliziunii, trei persoane au fost r\u0103nite, fiind transportate la spital.<\/p>\n\n\n\n<p>Se estimeaz\u0103 reluarea circula\u021biei dup\u0103 ora 10.30.<\/p>\n","protected":false},"excerpt":{"rendered":"<p>Ora:&nbsp;09:40 Centrul INFOTRAFIC din Inspectoratul General al Poli\u021biei Rom\u00e2ne&nbsp;informeaz\u0103 c\u0103 traficul este oprit pe DN 23 Br\u0103ila &#8211; Foc\u0219ani, \u00een<\/p>\n","protected":false},"author":1,"featured_media":101639,"comment_status":"open","ping_status":"closed","sticky":false,"template":"","format":"standard","meta":{"spay_email":"","footnotes":"","jetpack_publicize_message":""},"categories":[54],"tags":[],"class_list":["post-134567","post","type-post","status-publish","format-standard","has-post-thumbnail","hentry","category-informatii-rutiere"],"jetpack_featured_media_url":"https:\/\/i0.wp.com\/realitatearutiera.ro\/wp-content\/uploads\/2023\/08\/infotrafic-e1535778443522.jpg?fit=332%2C231&ssl=1","jetpack_publicize_connections":[],"jetpack_sharing_enabled":true,"jetpack_shortlink":"https:\/\/wp.me\/p61naM-z0r","jetpack-related-posts":[],"_links":{"self":[{"href":"https:\/\/realitatearutiera.ro\/index.php?rest_route=\/wp\/v2\/posts\/134567","targetHints":{"allow":["GET"]}}],"collection":[{"href":"https:\/\/realitatearutiera.ro\/index.php?rest_route=\/wp\/v2\/posts"}],"about":[{"href":"https:\/\/realitatearutiera.ro\/index.php?rest_route=\/wp\/v2\/types\/post"}],"author":[{"embeddable":true,"href":"https:\/\/realitatearutiera.ro\/index.php?rest_route=\/wp\/v2\/users\/1"}],"replies":[{"embeddable":true,"href":"https:\/\/realitatearutiera.ro\/index.php?rest_route=%2Fwp%2Fv2%2Fcomments&post=134567"}],"version-history":[{"count":1,"href":"https:\/\/realitatearutiera.ro\/index.php?rest_route=\/wp\/v2\/posts\/134567\/revisions"}],"predecessor-version":[{"id":134568,"href":"https:\/\/realitatearutiera.ro\/index.php?rest_route=\/wp\/v2\/posts\/134567\/revisions\/134568"}],"wp:featuredmedia":[{"embeddable":true,"href":"https:\/\/realitatearutiera.ro\/index.php?rest_route=\/wp\/v2\/media\/101639"}],"wp:attachment":[{"href":"https:\/\/realitatearutiera.ro\/index.php?rest_route=%2Fwp%2Fv2%2Fmedia&parent=134567"}],"wp:term":[{"taxonomy":"category","embeddable":true,"href":"https:\/\/realitatearutiera.ro\/index.php?rest_route=%2Fwp%2Fv2%2Fcategories&post=134567"},{"taxonomy":"post_tag","embeddable":true,"href":"https:\/\/realitatearutiera.ro\/index.php?rest_route=%2Fwp%2Fv2%2Ftags&post=134567"}],"curies":[{"name":"wp","href":"https:\/\/api.w.org\/{rel}","templated":true}]}}