{"id":134569,"date":"2026-03-12T10:01:41","date_gmt":"2026-03-12T08:01:41","guid":{"rendered":"https:\/\/realitatearutiera.ro\/?p=134569"},"modified":"2026-03-12T10:01:43","modified_gmt":"2026-03-12T08:01:43","slug":"granicesti-doua-persoane-au-fost-ranite-dupa-ce-masina-cu-care-circulau-a-fost-lovita-de-un-tir","status":"publish","type":"post","link":"https:\/\/realitatearutiera.ro\/?p=134569","title":{"rendered":"Gr\u0103nice\u0219ti: dou\u0103 persoane au fost r\u0103nite dup\u0103 ce ma\u0219ina cu care circulau a fost lovit\u0103 de un tir"},"content":{"rendered":"\n<figure class=\"wp-block-image size-full is-resized\"><img loading=\"lazy\" decoding=\"async\" width=\"800\" height=\"477\" data-attachment-id=\"134570\" data-permalink=\"https:\/\/realitatearutiera.ro\/?attachment_id=134570\" data-orig-file=\"https:\/\/i0.wp.com\/realitatearutiera.ro\/wp-content\/uploads\/2026\/03\/image-80.png?fit=960%2C572&amp;ssl=1\" data-orig-size=\"960,572\" data-comments-opened=\"1\" data-image-meta=\"{&quot;aperture&quot;:&quot;0&quot;,&quot;credit&quot;:&quot;&quot;,&quot;camera&quot;:&quot;&quot;,&quot;caption&quot;:&quot;&quot;,&quot;created_timestamp&quot;:&quot;0&quot;,&quot;copyright&quot;:&quot;&quot;,&quot;focal_length&quot;:&quot;0&quot;,&quot;iso&quot;:&quot;0&quot;,&quot;shutter_speed&quot;:&quot;0&quot;,&quot;title&quot;:&quot;&quot;,&quot;orientation&quot;:&quot;0&quot;}\" data-image-title=\"image\" data-image-description=\"\" data-medium-file=\"https:\/\/i0.wp.com\/realitatearutiera.ro\/wp-content\/uploads\/2026\/03\/image-80.png?fit=300%2C179&amp;ssl=1\" data-large-file=\"https:\/\/i0.wp.com\/realitatearutiera.ro\/wp-content\/uploads\/2026\/03\/image-80.png?fit=800%2C477&amp;ssl=1\" src=\"https:\/\/i0.wp.com\/realitatearutiera.ro\/wp-content\/uploads\/2026\/03\/image-80.png?resize=800%2C477&#038;ssl=1\" alt=\"\" class=\"wp-image-134570\" style=\"width:501px;height:auto\" srcset=\"https:\/\/i0.wp.com\/realitatearutiera.ro\/wp-content\/uploads\/2026\/03\/image-80.png?w=960&amp;ssl=1 960w, https:\/\/i0.wp.com\/realitatearutiera.ro\/wp-content\/uploads\/2026\/03\/image-80.png?resize=300%2C179&amp;ssl=1 300w, https:\/\/i0.wp.com\/realitatearutiera.ro\/wp-content\/uploads\/2026\/03\/image-80.png?resize=768%2C458&amp;ssl=1 768w\" sizes=\"auto, (max-width: 800px) 100vw, 800px\" data-recalc-dims=\"1\" \/><\/figure>\n\n\n\n<p>O femeie \u00een v\u00e2rst\u0103 de 25 de ani \u00eens\u0103rcinat\u0103 \u0219i socrul ei, de 77 de ani, din satul Gr\u0103nice\u0219ti, au ajuns miercuri la amiaz\u0103 la spital dup\u0103 ce ma\u0219ina cu care circulau, un VW Tiguan, a fost lovit\u0103 puternic de un tir.<\/p>\n\n\n\n<p>Accidentul a avut loc pe drumul european 85, chiar \u00een Gr\u0103nice\u0219ti, iar cauzele accidentului \u00eenc\u0103 sunt \u00een investigare.<\/p>\n\n\n\n<p>Autoturismul \u00een care se aflau Elvira Cubcinschi \u0219i socrul ei, Gheorghe Cubcinschi, \u0219i care circula dinspre Suceava spre Siret a f\u0103cut la st\u00e2nga, pe linie continu\u0103, ocazie cu care a fost lovit de tirul care circula \u00een acela\u0219i sens \u0219i la volanul c\u0103ruia se afla un b\u0103rbat de 38 de ani, din Chiajna.<\/p>\n\n\n\n<p>Acum, poli\u021bi\u0219tii trebuie s\u0103 stabileasc\u0103 cine este vinovat sau dac\u0103 este vorba de o culp\u0103 comun\u0103.<\/p>\n\n\n\n<p>Cele trei persoane implicate \u00een accident erau con\u0219tiente \u0219i cooperante, iar dup\u0103 ce au fost investigate medical la fa\u021ba locului, dou\u0103 din ele au fost transportate la Unitatea Primire Urgen\u021be a Spitalului Clinic Jude\u021bean Suceava pentru \u00eengrijiri de specialitate.<\/p>\n\n\n\n<p>\u201dEchipajul SAJ tip B2 a preluat de la accidentul de la Gr\u0103nice\u0219ti o pacient\u0103 de aproximativ 25 de ani \u00eens\u0103rcinat\u0103, policontuzionat\u0103, dar stabil\u0103 hemodinamic \u0219i respirator.<\/p>\n\n\n\n<p>Echipajul de prim ajutor a preluat un pacient de aproximativ 77 de ani, policontuzionat, dar stabil\u201d, a declarat medicul Dan Teodorovici, purt\u0103torul de cuv\u00e2nt al Serviciului de Ambulan\u021b\u0103 al Jude\u021bului Suceava.<\/p>\n\n\n\n<p>La fa\u021ba locului au fost mobilizate o autospecial\u0103 cu accesorii pentru descarcerare \u0219i o ambulan\u021b\u0103 SMURD \u0219i o ambulan\u021b\u0103 apar\u021bin\u00e2nd Serviciului de Ambulan\u021b\u0103 Jude\u021bean.<\/p>\n\n\n\n<p>Sursa:monitorulsv<\/p>\n\n\n\n<p><\/p>\n","protected":false},"excerpt":{"rendered":"<p>O femeie \u00een v\u00e2rst\u0103 de 25 de ani \u00eens\u0103rcinat\u0103 \u0219i socrul ei, de 77 de ani, din satul Gr\u0103nice\u0219ti, au<\/p>\n","protected":false},"author":1,"featured_media":99387,"comment_status":"open","ping_status":"closed","sticky":false,"template":"","format":"standard","meta":{"spay_email":"","footnotes":"","jetpack_publicize_message":""},"categories":[1],"tags":[],"class_list":["post-134569","post","type-post","status-publish","format-standard","has-post-thumbnail","hentry","category-uncategorized"],"jetpack_featured_media_url":"https:\/\/i0.wp.com\/realitatearutiera.ro\/wp-content\/uploads\/2023\/05\/accident-ambulanta-poza-buna_b920cdfaf1.jpg?fit=1920%2C1080&ssl=1","jetpack_publicize_connections":[],"jetpack_sharing_enabled":true,"jetpack_shortlink":"https:\/\/wp.me\/p61naM-z0t","jetpack-related-posts":[],"_links":{"self":[{"href":"https:\/\/realitatearutiera.ro\/index.php?rest_route=\/wp\/v2\/posts\/134569","targetHints":{"allow":["GET"]}}],"collection":[{"href":"https:\/\/realitatearutiera.ro\/index.php?rest_route=\/wp\/v2\/posts"}],"about":[{"href":"https:\/\/realitatearutiera.ro\/index.php?rest_route=\/wp\/v2\/types\/post"}],"author":[{"embeddable":true,"href":"https:\/\/realitatearutiera.ro\/index.php?rest_route=\/wp\/v2\/users\/1"}],"replies":[{"embeddable":true,"href":"https:\/\/realitatearutiera.ro\/index.php?rest_route=%2Fwp%2Fv2%2Fcomments&post=134569"}],"version-history":[{"count":1,"href":"https:\/\/realitatearutiera.ro\/index.php?rest_route=\/wp\/v2\/posts\/134569\/revisions"}],"predecessor-version":[{"id":134571,"href":"https:\/\/realitatearutiera.ro\/index.php?rest_route=\/wp\/v2\/posts\/134569\/revisions\/134571"}],"wp:featuredmedia":[{"embeddable":true,"href":"https:\/\/realitatearutiera.ro\/index.php?rest_route=\/wp\/v2\/media\/99387"}],"wp:attachment":[{"href":"https:\/\/realitatearutiera.ro\/index.php?rest_route=%2Fwp%2Fv2%2Fmedia&parent=134569"}],"wp:term":[{"taxonomy":"category","embeddable":true,"href":"https:\/\/realitatearutiera.ro\/index.php?rest_route=%2Fwp%2Fv2%2Fcategories&post=134569"},{"taxonomy":"post_tag","embeddable":true,"href":"https:\/\/realitatearutiera.ro\/index.php?rest_route=%2Fwp%2Fv2%2Ftags&post=134569"}],"curies":[{"name":"wp","href":"https:\/\/api.w.org\/{rel}","templated":true}]}}