{"id":134592,"date":"2026-03-12T11:10:28","date_gmt":"2026-03-12T09:10:28","guid":{"rendered":"https:\/\/realitatearutiera.ro\/?p=134592"},"modified":"2026-03-12T11:10:49","modified_gmt":"2026-03-12T09:10:49","slug":"restrictii-de-circulatie-in-ploiesti","status":"publish","type":"post","link":"https:\/\/realitatearutiera.ro\/?p=134592","title":{"rendered":"Restric\u021bii de circula\u021bie \u00een Ploie\u0219ti"},"content":{"rendered":"\n<p><em>Circula\u021bia rutier\u0103 va fi \u00eenchis\u0103, \u00een urm\u0103toarele dou\u0103 zile, pe anumite tronsoane. M\u0103sura a fost luat\u0103 pentru a permite efectuarea lucr\u0103rilor de repara\u021biile.<\/em><\/p>\n\n\n\n<p><strong>Restric\u021biile de circula\u021bia de pe str. V\u0103leni vor fi valabile joi \u0219i vineri, urm\u00e2nd s\u0103 fie instituite temporar, pe anumite tronsoane ale arterei rutiere.<\/strong><\/p>\n\n\n\n<figure class=\"wp-block-image size-full is-resized\"><img loading=\"lazy\" decoding=\"async\" width=\"747\" height=\"400\" data-attachment-id=\"134593\" data-permalink=\"https:\/\/realitatearutiera.ro\/?attachment_id=134593\" data-orig-file=\"https:\/\/i2.wp.com\/realitatearutiera.ro\/wp-content\/uploads\/2026\/03\/image-82.png?fit=747%2C400&amp;ssl=1\" data-orig-size=\"747,400\" data-comments-opened=\"1\" data-image-meta=\"{&quot;aperture&quot;:&quot;0&quot;,&quot;credit&quot;:&quot;&quot;,&quot;camera&quot;:&quot;&quot;,&quot;caption&quot;:&quot;&quot;,&quot;created_timestamp&quot;:&quot;0&quot;,&quot;copyright&quot;:&quot;&quot;,&quot;focal_length&quot;:&quot;0&quot;,&quot;iso&quot;:&quot;0&quot;,&quot;shutter_speed&quot;:&quot;0&quot;,&quot;title&quot;:&quot;&quot;,&quot;orientation&quot;:&quot;0&quot;}\" data-image-title=\"image\" data-image-description=\"\" data-medium-file=\"https:\/\/i2.wp.com\/realitatearutiera.ro\/wp-content\/uploads\/2026\/03\/image-82.png?fit=300%2C161&amp;ssl=1\" data-large-file=\"https:\/\/i2.wp.com\/realitatearutiera.ro\/wp-content\/uploads\/2026\/03\/image-82.png?fit=747%2C400&amp;ssl=1\" src=\"https:\/\/i2.wp.com\/realitatearutiera.ro\/wp-content\/uploads\/2026\/03\/image-82.png?resize=747%2C400&#038;ssl=1\" alt=\"\" class=\"wp-image-134593\" style=\"width:417px;height:auto\" srcset=\"https:\/\/i2.wp.com\/realitatearutiera.ro\/wp-content\/uploads\/2026\/03\/image-82.png?w=747&amp;ssl=1 747w, https:\/\/i2.wp.com\/realitatearutiera.ro\/wp-content\/uploads\/2026\/03\/image-82.png?resize=300%2C161&amp;ssl=1 300w\" sizes=\"auto, (max-width: 747px) 100vw, 747px\" data-recalc-dims=\"1\" \/><\/figure>\n\n\n\n<h3 class=\"wp-block-heading\">Prim\u0103ria Municipiului Ploie\u0219ti deruleaz\u0103, etapizat, \u00een perioada 12-13 martie, lucr\u0103ri de repara\u021bii la covorul asfaltic pe strada V\u0103leni, pe tronsoane, astfel:<\/h3>\n\n\n\n<p>\u2022 &nbsp; &nbsp;\u00eentre intersec\u021bia cu strada Gh. Doja \u0219i strada G\u0103geni \u2013 joi, 12 martie a.c., \u00eencep\u00e2nd cu ora 08.00;<br>\u2022 &nbsp; &nbsp;\u00eentre strada G\u0103geni \u0219i str. Alexandru Dep\u0103r\u0103\u021beanu &#8211; vineri, 13 martie a.c., \u00eencep\u00e2nd cu ora 08.00.<\/p>\n\n\n\n<p>\u201ePentru desf\u0103\u0219urarea \u00een condi\u021bii de siguran\u021b\u0103 a lucr\u0103rilor, circula\u021bia rutier\u0103 va fi \u00eenchis\u0103 total pe aceste tronsoane, conform programului precizat mai sus\u201d, au anun\u021bat reprezentan\u021bii Prim\u0103riei.<\/p>\n\n\n\n<p>Interven\u021biile au \u00eenceput \u00eenc\u0103 de ast\u0103zi, cu decopertarea care a \u00eengreunat traficul \u00een zon\u0103.<\/p>\n\n\n\n<p>Lucr\u0103rile sunt incluse \u00een programul de repara\u021bii str\u0103zi derulat de municipalitate \u00een aceast\u0103 prim\u0103var\u0103.<\/p>\n\n\n\n<p>Sursa:telegrama<\/p>\n","protected":false},"excerpt":{"rendered":"<p>Circula\u021bia rutier\u0103 va fi \u00eenchis\u0103, \u00een urm\u0103toarele dou\u0103 zile, pe anumite tronsoane. M\u0103sura a fost luat\u0103 pentru a permite efectuarea<\/p>\n","protected":false},"author":1,"featured_media":118446,"comment_status":"open","ping_status":"closed","sticky":false,"template":"","format":"standard","meta":{"spay_email":"","footnotes":"","jetpack_publicize_message":""},"categories":[54],"tags":[],"class_list":["post-134592","post","type-post","status-publish","format-standard","has-post-thumbnail","hentry","category-informatii-rutiere"],"jetpack_featured_media_url":"https:\/\/i0.wp.com\/realitatearutiera.ro\/wp-content\/uploads\/2024\/11\/restrictii_trafic-00a8356c.jpeg?fit=900%2C500&ssl=1","jetpack_publicize_connections":[],"jetpack_sharing_enabled":true,"jetpack_shortlink":"https:\/\/wp.me\/p61naM-z0Q","jetpack-related-posts":[],"_links":{"self":[{"href":"https:\/\/realitatearutiera.ro\/index.php?rest_route=\/wp\/v2\/posts\/134592","targetHints":{"allow":["GET"]}}],"collection":[{"href":"https:\/\/realitatearutiera.ro\/index.php?rest_route=\/wp\/v2\/posts"}],"about":[{"href":"https:\/\/realitatearutiera.ro\/index.php?rest_route=\/wp\/v2\/types\/post"}],"author":[{"embeddable":true,"href":"https:\/\/realitatearutiera.ro\/index.php?rest_route=\/wp\/v2\/users\/1"}],"replies":[{"embeddable":true,"href":"https:\/\/realitatearutiera.ro\/index.php?rest_route=%2Fwp%2Fv2%2Fcomments&post=134592"}],"version-history":[{"count":2,"href":"https:\/\/realitatearutiera.ro\/index.php?rest_route=\/wp\/v2\/posts\/134592\/revisions"}],"predecessor-version":[{"id":134595,"href":"https:\/\/realitatearutiera.ro\/index.php?rest_route=\/wp\/v2\/posts\/134592\/revisions\/134595"}],"wp:featuredmedia":[{"embeddable":true,"href":"https:\/\/realitatearutiera.ro\/index.php?rest_route=\/wp\/v2\/media\/118446"}],"wp:attachment":[{"href":"https:\/\/realitatearutiera.ro\/index.php?rest_route=%2Fwp%2Fv2%2Fmedia&parent=134592"}],"wp:term":[{"taxonomy":"category","embeddable":true,"href":"https:\/\/realitatearutiera.ro\/index.php?rest_route=%2Fwp%2Fv2%2Fcategories&post=134592"},{"taxonomy":"post_tag","embeddable":true,"href":"https:\/\/realitatearutiera.ro\/index.php?rest_route=%2Fwp%2Fv2%2Ftags&post=134592"}],"curies":[{"name":"wp","href":"https:\/\/api.w.org\/{rel}","templated":true}]}}