{"id":134610,"date":"2026-03-13T09:15:27","date_gmt":"2026-03-13T07:15:27","guid":{"rendered":"https:\/\/realitatearutiera.ro\/?p=134610"},"modified":"2026-03-13T09:15:30","modified_gmt":"2026-03-13T07:15:30","slug":"dumbraveni-suceava-autoturism-izbit-de-un-tir-doua-victime-transportate-la-spital","status":"publish","type":"post","link":"https:\/\/realitatearutiera.ro\/?p=134610","title":{"rendered":"Dumbr\u0103veni-Suceava: autoturism izbit de un TIR, dou\u0103 victime transportate la spital"},"content":{"rendered":"\n<figure class=\"wp-block-image size-full is-resized\"><img loading=\"lazy\" decoding=\"async\" width=\"800\" height=\"600\" data-attachment-id=\"134611\" data-permalink=\"https:\/\/realitatearutiera.ro\/?attachment_id=134611\" data-orig-file=\"https:\/\/i1.wp.com\/realitatearutiera.ro\/wp-content\/uploads\/2026\/03\/image-85.png?fit=1024%2C768&amp;ssl=1\" data-orig-size=\"1024,768\" data-comments-opened=\"1\" data-image-meta=\"{&quot;aperture&quot;:&quot;0&quot;,&quot;credit&quot;:&quot;&quot;,&quot;camera&quot;:&quot;&quot;,&quot;caption&quot;:&quot;&quot;,&quot;created_timestamp&quot;:&quot;0&quot;,&quot;copyright&quot;:&quot;&quot;,&quot;focal_length&quot;:&quot;0&quot;,&quot;iso&quot;:&quot;0&quot;,&quot;shutter_speed&quot;:&quot;0&quot;,&quot;title&quot;:&quot;&quot;,&quot;orientation&quot;:&quot;0&quot;}\" data-image-title=\"image\" data-image-description=\"\" data-medium-file=\"https:\/\/i1.wp.com\/realitatearutiera.ro\/wp-content\/uploads\/2026\/03\/image-85.png?fit=300%2C225&amp;ssl=1\" data-large-file=\"https:\/\/i1.wp.com\/realitatearutiera.ro\/wp-content\/uploads\/2026\/03\/image-85.png?fit=800%2C600&amp;ssl=1\" src=\"https:\/\/i1.wp.com\/realitatearutiera.ro\/wp-content\/uploads\/2026\/03\/image-85.png?resize=800%2C600&#038;ssl=1\" alt=\"\" class=\"wp-image-134611\" style=\"width:473px;height:auto\" srcset=\"https:\/\/i1.wp.com\/realitatearutiera.ro\/wp-content\/uploads\/2026\/03\/image-85.png?w=1024&amp;ssl=1 1024w, https:\/\/i1.wp.com\/realitatearutiera.ro\/wp-content\/uploads\/2026\/03\/image-85.png?resize=300%2C225&amp;ssl=1 300w, https:\/\/i1.wp.com\/realitatearutiera.ro\/wp-content\/uploads\/2026\/03\/image-85.png?resize=768%2C576&amp;ssl=1 768w\" sizes=\"auto, (max-width: 800px) 100vw, 800px\" data-recalc-dims=\"1\" \/><\/figure>\n\n\n\n<p id=\"p-1\">P<strong>otrivit slt Louana Popovici din cadrul ISU Suceava, pentru gestionarea interven\u021biei au fost mobilizate de urgen\u021b\u0103 o autospecial\u0103 cu accesorii pentru descarcerare din cadrul Inspectoratului pentru Situa\u021bii de Urgen\u021b\u0103 \u201eBucovina\u201d \u0219i o ambulan\u021b\u0103 SMURD, cu sprijinul a dou\u0103 echipaje ale Serviciului de Ambulan\u021b\u0103 Jude\u021bean Suceava. Echipajele au ajuns prompt la fa\u021ba locului \u0219i au evaluat situa\u021bia, scrie\u00a0<a href=\"https:\/\/www.newsbucovina.ro\/actualitate\/433829\/accident-rutier-in-dumbraveni-coliziune-intre-un-autoturism-si-un-autotren-doua-persoane-transportate-la-spital\">newsbucovina.ro<\/a>.<\/strong><\/p>\n\n\n\n<p id=\"p-2\">\u00cen accident au fost implicate trei persoane, toate con\u0219tiente \u0219i cooperante la sosirea salvatorilor. Dup\u0103 evaluarea medical\u0103 efectuat\u0103 la fa\u021ba locului, dou\u0103 dintre victime au necesitat transport la Unitatea de Primiri Urgen\u021be a Spitalului Jude\u021bean de Urgen\u021b\u0103 Suceava pentru investiga\u021bii suplimentare \u0219i \u00eengrijiri de specialitate. Cea de-a treia persoan\u0103 nu a necesitat transport la spital.<\/p>\n\n\n\n<p id=\"p-3\">Cauzele \u0219i circumstan\u021bele exacte \u00een care s-a produs coliziunea sunt cercetate de poli\u021bi\u0219tii rutieri din cadrul Inspectoratului de Poli\u021bie Jude\u021bean Suceava.<\/p>\n\n\n\n<p>Sursa:botosani24<\/p>\n","protected":false},"excerpt":{"rendered":"<p>Potrivit slt Louana Popovici din cadrul ISU Suceava, pentru gestionarea interven\u021biei au fost mobilizate de urgen\u021b\u0103 o autospecial\u0103 cu accesorii<\/p>\n","protected":false},"author":1,"featured_media":99387,"comment_status":"open","ping_status":"closed","sticky":false,"template":"","format":"standard","meta":{"spay_email":"","footnotes":"","jetpack_publicize_message":""},"categories":[1],"tags":[],"class_list":["post-134610","post","type-post","status-publish","format-standard","has-post-thumbnail","hentry","category-uncategorized"],"jetpack_featured_media_url":"https:\/\/i0.wp.com\/realitatearutiera.ro\/wp-content\/uploads\/2023\/05\/accident-ambulanta-poza-buna_b920cdfaf1.jpg?fit=1920%2C1080&ssl=1","jetpack_publicize_connections":[],"jetpack_sharing_enabled":true,"jetpack_shortlink":"https:\/\/wp.me\/p61naM-z18","jetpack-related-posts":[],"_links":{"self":[{"href":"https:\/\/realitatearutiera.ro\/index.php?rest_route=\/wp\/v2\/posts\/134610","targetHints":{"allow":["GET"]}}],"collection":[{"href":"https:\/\/realitatearutiera.ro\/index.php?rest_route=\/wp\/v2\/posts"}],"about":[{"href":"https:\/\/realitatearutiera.ro\/index.php?rest_route=\/wp\/v2\/types\/post"}],"author":[{"embeddable":true,"href":"https:\/\/realitatearutiera.ro\/index.php?rest_route=\/wp\/v2\/users\/1"}],"replies":[{"embeddable":true,"href":"https:\/\/realitatearutiera.ro\/index.php?rest_route=%2Fwp%2Fv2%2Fcomments&post=134610"}],"version-history":[{"count":1,"href":"https:\/\/realitatearutiera.ro\/index.php?rest_route=\/wp\/v2\/posts\/134610\/revisions"}],"predecessor-version":[{"id":134612,"href":"https:\/\/realitatearutiera.ro\/index.php?rest_route=\/wp\/v2\/posts\/134610\/revisions\/134612"}],"wp:featuredmedia":[{"embeddable":true,"href":"https:\/\/realitatearutiera.ro\/index.php?rest_route=\/wp\/v2\/media\/99387"}],"wp:attachment":[{"href":"https:\/\/realitatearutiera.ro\/index.php?rest_route=%2Fwp%2Fv2%2Fmedia&parent=134610"}],"wp:term":[{"taxonomy":"category","embeddable":true,"href":"https:\/\/realitatearutiera.ro\/index.php?rest_route=%2Fwp%2Fv2%2Fcategories&post=134610"},{"taxonomy":"post_tag","embeddable":true,"href":"https:\/\/realitatearutiera.ro\/index.php?rest_route=%2Fwp%2Fv2%2Ftags&post=134610"}],"curies":[{"name":"wp","href":"https:\/\/api.w.org\/{rel}","templated":true}]}}