{"id":134613,"date":"2026-03-13T09:21:08","date_gmt":"2026-03-13T07:21:08","guid":{"rendered":"https:\/\/realitatearutiera.ro\/?p=134613"},"modified":"2026-03-13T09:21:10","modified_gmt":"2026-03-13T07:21:10","slug":"scena-socanta-in-trafic-la-alba-iulia-o-femeie-batuta-de-un-sofer-nervos","status":"publish","type":"post","link":"https:\/\/realitatearutiera.ro\/?p=134613","title":{"rendered":"Scen\u0103 \u0219ocant\u0103 \u00een trafic, la Alba Iulia: o femeie b\u0103tut\u0103 de un \u0219ofer nervos"},"content":{"rendered":"\n<p id=\"p-1\"><strong>Un b\u0103rbat din Alba Iulia a fost re\u021binut pentru 24 de ore, de c\u0103tre poli\u021bi\u0219ti, dup\u0103 ce a b\u0103tut o femeie \u00een trafic. Mai exact dup\u0103 o ne\u00een\u021belegere \u00een trafic a cobor\u00e2t din autoturismul pe care \u00eel conducea, \u0219i ar fi lovit-o pe femeie \u00een zona fe\u021bei.&nbsp;<\/strong><\/p>\n\n\n\n<p id=\"p-2\">Fapta s-a petrecut la un semafor de pe Bulevardul Revolu\u021biei 1989, joi, 12 martie \u00een jurul orei 12.00. Cazul a fost comunicat de reprezentan\u021bii IPJ Alba \u00een buletinul de pres\u0103 din 13 martie.<\/p>\n\n\n\n<p id=\"p-3\">Este vorba despre un b\u0103rbat de 54 de ani, din Alba Iulia, care acum s-a ales cu un dosar penal pentru s\u0103v\u00e2r\u0219irea infrac\u021biunii de lovirea sau alte violen\u021be.<\/p>\n\n\n\n<p>Video <a href=\"https:\/\/alba24.ro\/video-violenta-in-trafic-la-alba-iulia-o-femeie-a-fost-batuta-la-un-semafor-de-un-sofer-nervos-dupa-o-neintelegere-1124747.html\">aici<\/a><\/p>\n\n\n\n<p id=\"p-5\">Acesta s-ar fi dat jos din autoturism \u0219i s-ar fi \u00eendreptat spre autoturismul femeii \u0219i i-ar fi aplicat o lovitur\u0103 \u00een zona fe\u021bei, au transmis reprezentan\u021bii IPJ Alba.<\/p>\n\n\n\n<p>Sursa:alba24<\/p>\n","protected":false},"excerpt":{"rendered":"<p>Un b\u0103rbat din Alba Iulia a fost re\u021binut pentru 24 de ore, de c\u0103tre poli\u021bi\u0219ti, dup\u0103 ce a b\u0103tut o<\/p>\n","protected":false},"author":1,"featured_media":108046,"comment_status":"open","ping_status":"closed","sticky":false,"template":"","format":"standard","meta":{"spay_email":"","footnotes":"","jetpack_publicize_message":""},"categories":[6],"tags":[],"class_list":["post-134613","post","type-post","status-publish","format-standard","has-post-thumbnail","hentry","category-social"],"jetpack_featured_media_url":"https:\/\/i0.wp.com\/realitatearutiera.ro\/wp-content\/uploads\/2024\/02\/masini-politie-politia-2-3ldz.jpg?fit=1224%2C816&ssl=1","jetpack_publicize_connections":[],"jetpack_sharing_enabled":true,"jetpack_shortlink":"https:\/\/wp.me\/p61naM-z1b","jetpack-related-posts":[],"_links":{"self":[{"href":"https:\/\/realitatearutiera.ro\/index.php?rest_route=\/wp\/v2\/posts\/134613","targetHints":{"allow":["GET"]}}],"collection":[{"href":"https:\/\/realitatearutiera.ro\/index.php?rest_route=\/wp\/v2\/posts"}],"about":[{"href":"https:\/\/realitatearutiera.ro\/index.php?rest_route=\/wp\/v2\/types\/post"}],"author":[{"embeddable":true,"href":"https:\/\/realitatearutiera.ro\/index.php?rest_route=\/wp\/v2\/users\/1"}],"replies":[{"embeddable":true,"href":"https:\/\/realitatearutiera.ro\/index.php?rest_route=%2Fwp%2Fv2%2Fcomments&post=134613"}],"version-history":[{"count":1,"href":"https:\/\/realitatearutiera.ro\/index.php?rest_route=\/wp\/v2\/posts\/134613\/revisions"}],"predecessor-version":[{"id":134614,"href":"https:\/\/realitatearutiera.ro\/index.php?rest_route=\/wp\/v2\/posts\/134613\/revisions\/134614"}],"wp:featuredmedia":[{"embeddable":true,"href":"https:\/\/realitatearutiera.ro\/index.php?rest_route=\/wp\/v2\/media\/108046"}],"wp:attachment":[{"href":"https:\/\/realitatearutiera.ro\/index.php?rest_route=%2Fwp%2Fv2%2Fmedia&parent=134613"}],"wp:term":[{"taxonomy":"category","embeddable":true,"href":"https:\/\/realitatearutiera.ro\/index.php?rest_route=%2Fwp%2Fv2%2Fcategories&post=134613"},{"taxonomy":"post_tag","embeddable":true,"href":"https:\/\/realitatearutiera.ro\/index.php?rest_route=%2Fwp%2Fv2%2Ftags&post=134613"}],"curies":[{"name":"wp","href":"https:\/\/api.w.org\/{rel}","templated":true}]}}