{"id":134617,"date":"2026-03-13T09:43:31","date_gmt":"2026-03-13T07:43:31","guid":{"rendered":"https:\/\/realitatearutiera.ro\/?p=134617"},"modified":"2026-03-13T09:43:33","modified_gmt":"2026-03-13T07:43:33","slug":"reguli-noi-pentru-radierea-masinilor","status":"publish","type":"post","link":"https:\/\/realitatearutiera.ro\/?p=134617","title":{"rendered":"Reguli noi pentru radierea ma\u0219inilor"},"content":{"rendered":"\n<p>Radierea autovehiculelor se face dup\u0103 reguli noi \u00een Rom\u00e2nia, dup\u0103 intrarea \u00een vigoare a OUG 7\/2026. Proprietarii nu mai pot finaliza procedura dac\u0103 nu fac dovada c\u0103 \u0219i-au achitat toate datoriile la bugetul local.<\/p>\n\n\n\n<p>Din cuprinsul articolului<\/p>\n\n\n\n<ul id=\"menuTabela\" class=\"wp-block-list\">\n<li><a href=\"https:\/\/www.capital.ro\/reguli-noi-pentru-radierea-masinilor-proprietarii-pot-fi-blocati-de-primarie-conditia-pe-care-trebuie-sa-o-indeplineasca.html#radierea-autovehiculelor-este-conditionata-de-plata-tuturor-datoriilor-catre-bugetul-local\">Radierea autovehiculelor este condi\u021bionat\u0103 de plata tuturor datoriilor c\u0103tre bugetul local<\/a><\/li>\n\n\n\n<li><a href=\"https:\/\/www.capital.ro\/reguli-noi-pentru-radierea-masinilor-proprietarii-pot-fi-blocati-de-primarie-conditia-pe-care-trebuie-sa-o-indeplineasca.html#in-ce-situatii-este-necesara-plata-datoriilor-inainte-de-radierea-vehiculului\">\u00cen ce situa\u021bii este necesar\u0103 plata datoriilor \u00eenainte de radierea vehiculului<\/a><\/li>\n\n\n\n<li><a href=\"https:\/\/www.capital.ro\/reguli-noi-pentru-radierea-masinilor-proprietarii-pot-fi-blocati-de-primarie-conditia-pe-care-trebuie-sa-o-indeplineasca.html#reinmatricularea-unui-vehicul-radiat-implica-plata-impozitului-pentru-intreg-anul-fiscal\">Re\u00eenmatricularea unui vehicul radiat implic\u0103 plata impozitului pentru \u00eentreg anul fiscal<\/a><\/li>\n\n\n\n<li><a href=\"https:\/\/www.capital.ro\/reguli-noi-pentru-radierea-masinilor-proprietarii-pot-fi-blocati-de-primarie-conditia-pe-care-trebuie-sa-o-indeplineasca.html#ordonanta-introduce-si-alte-reguli-privind-datoriile-catre-bugetul-local\">Ordonan\u021ba introduce \u0219i alte reguli privind datoriile c\u0103tre bugetul local<\/a><\/li>\n<\/ul>\n\n\n\n<h2 class=\"wp-block-heading\" id=\"radierea-autovehiculelor-este-conditionata-de-plata-tuturor-datoriilor-catre-bugetul-local\"><a href=\"https:\/\/www.capital.ro\/reguli-noi-pentru-radierea-masinilor-proprietarii-pot-fi-blocati-de-primarie-conditia-pe-care-trebuie-sa-o-indeplineasca.html#radierea-autovehiculelor-este-conditionata-de-plata-tuturor-datoriilor-catre-bugetul-local\">Radierea autovehiculelor este condi\u021bionat\u0103 de plata tuturor datoriilor c\u0103tre bugetul local<\/a><\/h2>\n\n\n\n<p>Noile reguli privind radierea autovehiculelor au intrat \u00een vigoare la finalul lunii februarie, odat\u0103 cu adoptarea&nbsp;<a href=\"https:\/\/legislatie.just.ro\/Public\/DetaliiDocument\/307573\" target=\"_blank\" rel=\"noreferrer noopener\">OUG 7\/2026<\/a>. Actul normativ stabile\u0219te c\u0103 radierea unui mijloc de transport nu mai poate fi f\u0103cut\u0103 dac\u0103 proprietarul are datorii la autorit\u0103\u021bile locale.<\/p>\n\n\n\n<p>Pentru a scoate din circula\u021bie un vehicul, proprietarul trebuie s\u0103 depun\u0103 la&nbsp;<a href=\"https:\/\/www.capital.ro\/anaf-schimba-regulile-romanii-care-nu-vor-mai-fi-asaltati-de-fisc-nu-ne-intereseaza-sa-mergem-in-control-la-ei.html\">autoritatea fiscal\u0103<\/a>&nbsp;din localitatea de domiciliu o declara\u021bie de radiere. Pe l\u00e2ng\u0103 acest document, el trebuie s\u0103 prezinte \u0219i dovada c\u0103 nu are datorii la bugetul local.<\/p>\n\n\n\n<p>Concret, proprietarul trebuie s\u0103 \u00ee\u0219i achite toate taxele \u0219i impozitele locale restante. De asemenea, este obligatorie plata amenzilor contraven\u021bionale primite anterior.<\/p>\n\n\n\n<p>Noua regul\u0103 se aplic\u0103 \u00een toate situa\u021biile prev\u0103zute de legisla\u021bia rutier\u0103 privind radierea vehiculelor.<\/p>\n\n\n\n<h3 class=\"wp-block-heading\" id=\"in-ce-situatii-este-necesara-plata-datoriilor-inainte-de-radierea-vehiculului\"><a href=\"https:\/\/www.capital.ro\/reguli-noi-pentru-radierea-masinilor-proprietarii-pot-fi-blocati-de-primarie-conditia-pe-care-trebuie-sa-o-indeplineasca.html#in-ce-situatii-este-necesara-plata-datoriilor-inainte-de-radierea-vehiculului\">\u00cen ce situa\u021bii este necesar\u0103 plata datoriilor \u00eenainte de radierea vehiculului<\/a><\/h3>\n\n\n\n<p>Plata tuturor obliga\u021biilor c\u0103tre&nbsp;<a href=\"https:\/\/www.capital.ro\/sistem-de-salarizare-unica-in-romania-ilie-bolojan-cere-ca-noua-formula-sa-fie-gata-pana-la-vara-e-angajament-in-pnrr.html\">bugetul local<\/a>&nbsp;este obligatorie \u00een mai multe situa\u021bii prev\u0103zute de lege. Una dintre aceste situa\u021bii este retragerea din circula\u021bie a vehiculului, atunci c\u00e2nd proprietarul face dovada depozit\u0103rii acestuia \u00eentr-un spa\u021biu adecvat. Regula se aplic\u0103 \u0219i \u00een cazul \u00een care proprietarul prezint\u0103 dovada dezmembr\u0103rii sau cas\u0103rii vehiculului.<\/p>\n\n\n\n<p>De asemenea, plata datoriilor este necesar\u0103 atunci c\u00e2nd ma\u0219ina este predat\u0103 unei unit\u0103\u021bi specializate pentru dezmembrare.<\/p>\n\n\n\n<p>Aceea\u0219i condi\u021bie se aplic\u0103 atunci c\u00e2nd proprietarul dore\u0219te s\u0103 scoat\u0103 vehiculul din Rom\u00e2nia pentru a-l \u00eenmatricula \u00eentr-un alt stat.<\/p>\n\n\n\n<p>Radierea poate fi solicitat\u0103 \u0219i \u00een cazul \u00een care vehiculul a fost furat. Regula este valabil\u0103 \u0219i \u00een situa\u021bia \u00een care proprietarul dore\u0219te s\u0103 transfere dreptul de proprietate c\u0103tre o alt\u0103 persoan\u0103.<\/p>\n\n\n\n<p>Cererea de radiere trebuie depus\u0103 de persoana care figureaz\u0103 ca proprietar \u00een ultimul certificat de \u00eenmatriculare.<\/p>\n\n\n\n<figure class=\"wp-block-image\" id=\"attachment_1607093\"><a href=\"https:\/\/i1.wp.com\/media.capital.ro\/wp-content\/uploads\/2026\/02\/Masini-soferi-2.jpg?ssl=1\"><img decoding=\"async\" src=\"https:\/\/i1.wp.com\/media.capital.ro\/wp-content\/uploads\/2026\/02\/Masini-soferi-2.jpg?w=800&#038;ssl=1\" alt=\"Ma\u0219ini, \u0219oferi, trafic pe DN1\" class=\"wp-image-1607093\" data-recalc-dims=\"1\"\/><\/a><figcaption class=\"wp-element-caption\">SURSA FOTO: Dreamstime \u2013 Ma\u0219ini, \u0219oferi<\/figcaption><\/figure>\n\n\n\n<h3 class=\"wp-block-heading\" id=\"reinmatricularea-unui-vehicul-radiat-implica-plata-impozitului-pentru-intreg-anul-fiscal\"><a href=\"https:\/\/www.capital.ro\/reguli-noi-pentru-radierea-masinilor-proprietarii-pot-fi-blocati-de-primarie-conditia-pe-care-trebuie-sa-o-indeplineasca.html#reinmatricularea-unui-vehicul-radiat-implica-plata-impozitului-pentru-intreg-anul-fiscal\">Re\u00eenmatricularea unui vehicul radiat implic\u0103 plata impozitului pentru \u00eentreg anul fiscal<\/a><\/h3>\n\n\n\n<p>Ordonan\u021ba introduce \u0219i o regul\u0103 nou\u0103 pentru situa\u021biile \u00een care vehiculul este re\u00eenmatriculat. Dac\u0103 un contribuabil solicit\u0103 radierea unui autovehicul \u00een cursul unui an fiscal \u0219i \u00eel re\u00eenmatriculeaz\u0103 \u00een anul urm\u0103tor, el datoreaz\u0103 impozitul pentru \u00eentregul an \u00een care are loc re\u00eenmatricularea.<\/p>\n\n\n\n<p>Procedura de radiere urmeaz\u0103 \u00een continuare regulile generale stabilite anterior.<\/p>\n\n\n\n<p>Proprietarul trebuie s\u0103 depun\u0103 declara\u021bia de radiere la organul fiscal competent \u00een termen de 30 de zile de la data radierii. Dup\u0103 finalizarea procedurii, impozitul pentru vehicul nu mai este datorat \u00eencep\u00e2nd cu 1 ianuarie a anului urm\u0103tor.<\/p>\n\n\n\n<h4 class=\"wp-block-heading\" id=\"ordonanta-introduce-si-alte-reguli-privind-datoriile-catre-bugetul-local\"><a href=\"https:\/\/www.capital.ro\/reguli-noi-pentru-radierea-masinilor-proprietarii-pot-fi-blocati-de-primarie-conditia-pe-care-trebuie-sa-o-indeplineasca.html#ordonanta-introduce-si-alte-reguli-privind-datoriile-catre-bugetul-local\">Ordonan\u021ba introduce \u0219i alte reguli privind datoriile c\u0103tre bugetul local<\/a><\/h4>\n\n\n\n<p>OUG 7\/2026 prevede \u0219i alte m\u0103suri legate de plata obliga\u021biilor c\u0103tre bugetul local. Actul normativ stabile\u0219te c\u0103 proprietarii trebuie s\u0103 achite toate datoriile \u00eenainte de radierea vehiculelor la cerere.<\/p>\n\n\n\n<p>\u00cen plus, ordonan\u021ba introduce \u0219i alte restric\u021bii legate de neachitarea obliga\u021biilor fiscale.<\/p>\n\n\n\n<p>\u00cencep\u00e2nd din toamna viitoare, \u0219oferii risc\u0103 suspendarea permisului de conducere dac\u0103 nu \u00ee\u0219i pl\u0103tesc amenzile rutiere.<\/p>\n\n\n\n<p>De asemenea, tranzac\u021biile cu autovehicule sau imobile vor fi condi\u021bionate de lipsa datoriilor la bugetul local. Aceast\u0103 regul\u0103 se va aplica at\u00e2t v\u00e2nz\u0103torului, c\u00e2t \u0219i cump\u0103r\u0103torului.<\/p>\n\n\n\n<p>Sursa:capital  Sursa foto: Dreamstime <\/p>\n\n\n\n<p><\/p>\n","protected":false},"excerpt":{"rendered":"<p>Radierea autovehiculelor se face dup\u0103 reguli noi \u00een Rom\u00e2nia, dup\u0103 intrarea \u00een vigoare a OUG 7\/2026. Proprietarii nu mai pot<\/p>\n","protected":false},"author":1,"featured_media":134618,"comment_status":"open","ping_status":"closed","sticky":false,"template":"","format":"standard","meta":{"spay_email":"","footnotes":"","jetpack_publicize_message":""},"categories":[6],"tags":[],"class_list":["post-134617","post","type-post","status-publish","format-standard","has-post-thumbnail","hentry","category-social"],"jetpack_featured_media_url":"https:\/\/realitatearutiera.ro\/wp-content\/uploads\/2026\/03\/Masini-soferi-2-2048x1152-1.webp","jetpack_publicize_connections":[],"jetpack_sharing_enabled":true,"jetpack_shortlink":"https:\/\/wp.me\/p61naM-z1f","jetpack-related-posts":[],"_links":{"self":[{"href":"https:\/\/realitatearutiera.ro\/index.php?rest_route=\/wp\/v2\/posts\/134617","targetHints":{"allow":["GET"]}}],"collection":[{"href":"https:\/\/realitatearutiera.ro\/index.php?rest_route=\/wp\/v2\/posts"}],"about":[{"href":"https:\/\/realitatearutiera.ro\/index.php?rest_route=\/wp\/v2\/types\/post"}],"author":[{"embeddable":true,"href":"https:\/\/realitatearutiera.ro\/index.php?rest_route=\/wp\/v2\/users\/1"}],"replies":[{"embeddable":true,"href":"https:\/\/realitatearutiera.ro\/index.php?rest_route=%2Fwp%2Fv2%2Fcomments&post=134617"}],"version-history":[{"count":1,"href":"https:\/\/realitatearutiera.ro\/index.php?rest_route=\/wp\/v2\/posts\/134617\/revisions"}],"predecessor-version":[{"id":134619,"href":"https:\/\/realitatearutiera.ro\/index.php?rest_route=\/wp\/v2\/posts\/134617\/revisions\/134619"}],"wp:featuredmedia":[{"embeddable":true,"href":"https:\/\/realitatearutiera.ro\/index.php?rest_route=\/wp\/v2\/media\/134618"}],"wp:attachment":[{"href":"https:\/\/realitatearutiera.ro\/index.php?rest_route=%2Fwp%2Fv2%2Fmedia&parent=134617"}],"wp:term":[{"taxonomy":"category","embeddable":true,"href":"https:\/\/realitatearutiera.ro\/index.php?rest_route=%2Fwp%2Fv2%2Fcategories&post=134617"},{"taxonomy":"post_tag","embeddable":true,"href":"https:\/\/realitatearutiera.ro\/index.php?rest_route=%2Fwp%2Fv2%2Ftags&post=134617"}],"curies":[{"name":"wp","href":"https:\/\/api.w.org\/{rel}","templated":true}]}}