{"id":134624,"date":"2026-03-13T10:38:44","date_gmt":"2026-03-13T08:38:44","guid":{"rendered":"https:\/\/realitatearutiera.ro\/?p=134624"},"modified":"2026-03-13T10:39:00","modified_gmt":"2026-03-13T08:39:00","slug":"o-camioneta-condusa-de-un-tanar-din-bucuresti-a-lovit-din-plin-o-masina-care-stationa-pe-marginea-unui-drum","status":"publish","type":"post","link":"https:\/\/realitatearutiera.ro\/?p=134624","title":{"rendered":"O camionet\u0103 condus\u0103 de un t\u00e2n\u0103r din Bucure\u0219ti a lovit din plin o ma\u0219in\u0103 care sta\u021biona pe marginea unui drum"},"content":{"rendered":"\n<figure class=\"wp-block-image size-large is-resized\"><img loading=\"lazy\" decoding=\"async\" width=\"800\" height=\"450\" data-attachment-id=\"134625\" data-permalink=\"https:\/\/realitatearutiera.ro\/?attachment_id=134625\" data-orig-file=\"https:\/\/i1.wp.com\/realitatearutiera.ro\/wp-content\/uploads\/2026\/03\/image-86.png?fit=1280%2C720&amp;ssl=1\" data-orig-size=\"1280,720\" data-comments-opened=\"1\" data-image-meta=\"{&quot;aperture&quot;:&quot;0&quot;,&quot;credit&quot;:&quot;&quot;,&quot;camera&quot;:&quot;&quot;,&quot;caption&quot;:&quot;&quot;,&quot;created_timestamp&quot;:&quot;0&quot;,&quot;copyright&quot;:&quot;&quot;,&quot;focal_length&quot;:&quot;0&quot;,&quot;iso&quot;:&quot;0&quot;,&quot;shutter_speed&quot;:&quot;0&quot;,&quot;title&quot;:&quot;&quot;,&quot;orientation&quot;:&quot;0&quot;}\" data-image-title=\"image\" data-image-description=\"\" data-medium-file=\"https:\/\/i1.wp.com\/realitatearutiera.ro\/wp-content\/uploads\/2026\/03\/image-86.png?fit=300%2C169&amp;ssl=1\" data-large-file=\"https:\/\/i1.wp.com\/realitatearutiera.ro\/wp-content\/uploads\/2026\/03\/image-86.png?fit=800%2C450&amp;ssl=1\" src=\"https:\/\/i1.wp.com\/realitatearutiera.ro\/wp-content\/uploads\/2026\/03\/image-86-1024x576.png?resize=800%2C450&#038;ssl=1\" alt=\"\" class=\"wp-image-134625\" style=\"width:473px;height:auto\" srcset=\"https:\/\/i1.wp.com\/realitatearutiera.ro\/wp-content\/uploads\/2026\/03\/image-86.png?resize=1024%2C576&amp;ssl=1 1024w, https:\/\/i1.wp.com\/realitatearutiera.ro\/wp-content\/uploads\/2026\/03\/image-86.png?resize=300%2C169&amp;ssl=1 300w, https:\/\/i1.wp.com\/realitatearutiera.ro\/wp-content\/uploads\/2026\/03\/image-86.png?resize=768%2C432&amp;ssl=1 768w, https:\/\/i1.wp.com\/realitatearutiera.ro\/wp-content\/uploads\/2026\/03\/image-86.png?w=1280&amp;ssl=1 1280w\" sizes=\"auto, (max-width: 800px) 100vw, 800px\" data-recalc-dims=\"1\" \/><\/figure>\n\n\n\n<p>Accident surprins de camerele de monitorizare a traficului pe drumul expres care leag\u0103 Craiova de Pite\u0219ti.<\/p>\n\n\n\n<p>O camionet\u0103 condus\u0103 de un t\u00e2n\u0103r de 25 de ani din Bucure\u0219ti a intrat \u00een plin \u00eentr-o ma\u0219in\u0103 care sta\u021biona la marginea drumului de mare vitez\u0103.<\/p>\n\n\n\n<p>\u0218oferul autoturismului, un b\u0103rbat de 60 de ani, a fost transportat la spital.<\/p>\n\n\n\n<p>Cel\u0103lalt conduc\u0103tor auto s-a ales cu dosar penal pentru v\u0103t\u0103mare corporal\u0103. Circula\u021bia pe sensul de mers Craiova \u2013 Pite\u0219ti a fost blocat\u0103 aproximativ dou\u0103 ore.<\/p>\n\n\n\n<p>Sursa:stirileprotv<\/p>\n\n\n\n<p><\/p>\n","protected":false},"excerpt":{"rendered":"<p>Accident surprins de camerele de monitorizare a traficului pe drumul expres care leag\u0103 Craiova de Pite\u0219ti. O camionet\u0103 condus\u0103 de<\/p>\n","protected":false},"author":1,"featured_media":116078,"comment_status":"open","ping_status":"closed","sticky":false,"template":"","format":"standard","meta":{"spay_email":"","footnotes":"","jetpack_publicize_message":""},"categories":[1],"tags":[],"class_list":["post-134624","post","type-post","status-publish","format-standard","has-post-thumbnail","hentry","category-uncategorized"],"jetpack_featured_media_url":"https:\/\/i1.wp.com\/realitatearutiera.ro\/wp-content\/uploads\/2024\/09\/accident.jpg?fit=630%2C365&ssl=1","jetpack_publicize_connections":[],"jetpack_sharing_enabled":true,"jetpack_shortlink":"https:\/\/wp.me\/p61naM-z1m","jetpack-related-posts":[],"_links":{"self":[{"href":"https:\/\/realitatearutiera.ro\/index.php?rest_route=\/wp\/v2\/posts\/134624","targetHints":{"allow":["GET"]}}],"collection":[{"href":"https:\/\/realitatearutiera.ro\/index.php?rest_route=\/wp\/v2\/posts"}],"about":[{"href":"https:\/\/realitatearutiera.ro\/index.php?rest_route=\/wp\/v2\/types\/post"}],"author":[{"embeddable":true,"href":"https:\/\/realitatearutiera.ro\/index.php?rest_route=\/wp\/v2\/users\/1"}],"replies":[{"embeddable":true,"href":"https:\/\/realitatearutiera.ro\/index.php?rest_route=%2Fwp%2Fv2%2Fcomments&post=134624"}],"version-history":[{"count":1,"href":"https:\/\/realitatearutiera.ro\/index.php?rest_route=\/wp\/v2\/posts\/134624\/revisions"}],"predecessor-version":[{"id":134626,"href":"https:\/\/realitatearutiera.ro\/index.php?rest_route=\/wp\/v2\/posts\/134624\/revisions\/134626"}],"wp:featuredmedia":[{"embeddable":true,"href":"https:\/\/realitatearutiera.ro\/index.php?rest_route=\/wp\/v2\/media\/116078"}],"wp:attachment":[{"href":"https:\/\/realitatearutiera.ro\/index.php?rest_route=%2Fwp%2Fv2%2Fmedia&parent=134624"}],"wp:term":[{"taxonomy":"category","embeddable":true,"href":"https:\/\/realitatearutiera.ro\/index.php?rest_route=%2Fwp%2Fv2%2Fcategories&post=134624"},{"taxonomy":"post_tag","embeddable":true,"href":"https:\/\/realitatearutiera.ro\/index.php?rest_route=%2Fwp%2Fv2%2Ftags&post=134624"}],"curies":[{"name":"wp","href":"https:\/\/api.w.org\/{rel}","templated":true}]}}