{"id":134637,"date":"2026-03-13T11:14:36","date_gmt":"2026-03-13T09:14:36","guid":{"rendered":"https:\/\/realitatearutiera.ro\/?p=134637"},"modified":"2026-03-13T11:14:39","modified_gmt":"2026-03-13T09:14:39","slug":"vremea-368","status":"publish","type":"post","link":"https:\/\/realitatearutiera.ro\/?p=134637","title":{"rendered":"Vremea"},"content":{"rendered":"\n<p>Ziua de vineri a \u00eenceput cu \u00eennor\u0103ri \u0219i un pic de cea\u021b\u0103 \u00een sudul \u0219i \u00een estul \u021b\u0103rii, dar vremea devine pl\u0103cut\u0103 \u00een scurt timp. Se \u00eensenineaz\u0103 \u00een majoritatea zonelor \u0219i se face mai cald dec\u00e2t ar trebui.<\/p>\n\n\n\n<p>Maximele pleac\u0103 de la 8 grade \u00een sudul litoralului \u0219i ajung pe la 19&#8230;20 de grade \u00een vestul \u0219i \u00een nord-vestul Rom\u00e2niei. V\u00e2ntul devine mai insistent \u00een sudul Banatului, \u00een nordul Moldovei \u0219i \u00een zonele \u00eenalte de munte.<\/p>\n\n\n\n<p>\u00cen Dobrogea \u0219i B\u0103r\u0103gan g\u0103sim soare, vreme bun\u0103, dar \u0219i pu\u021bin\u0103 cea\u021b\u0103 acum, diminea\u021ba, \u00een zona B\u0103r\u0103ganului. La fel ca joi, pe litoral temperaturile sunt mai modeste \u0219i nu trec de 10 grade. \u00cen rest se \u00eenc\u0103lze\u0219te fa\u021b\u0103 de ziua trecut\u0103 \u0219i se vor atinge 16 grade.<\/p>\n\n\n\n<h2 class=\"wp-block-heading\">Vremea \u00een Moldova<\/h2>\n\n\n\n<p>Mai sus, \u00een Moldova sudic\u0103 \u0219i \u00een nordul Munteniei urmeaz\u0103 o zi frumoas\u0103, cu soare, c\u00e2\u021biva nori \u0219i un v\u00e2nt destul de lini\u0219tit. Maximele c\u00e2\u0219tig\u0103 vreo 3 grade fa\u021b\u0103 de joi. Vor ajunge pe la 15&#8230;.16 grade, de\u0219i acum ar trebui s\u0103 fie cel mult 11 grade.<\/p>\n\n\n\n<p>\u00cen jum\u0103tatea nordic\u0103 a Moldovei \u0219i \u00een Bucovina avem o diminea\u021b\u0103 cam rece, cu temperaturi negative, dar \u0219i un pic de cea\u021b\u0103 \u00een unele zone. Apoi soarele \u00eenc\u0103lze\u0219te treptat atmosfera. V\u00e2ntul adie pl\u0103cut \u0219i se face mai cald dec\u00e2t \u00een mod obi\u0219nuit. La Ia\u0219i se vor atinge 17 grade.<\/p>\n\n\n\n<h2 class=\"wp-block-heading\">Vremea \u00een Transilvania<\/h2>\n\n\n\n<p>\u00cen nordul Transilvaniei \u0219i \u00een Maramure\u0219 cerul r\u0103m\u00e2ne senin toat\u0103 ziua \u0219i se \u00eenc\u0103lze\u0219te sim\u021bitor. Temperaturile dep\u0103\u0219esc cu mult valorile normale pentru aceast\u0103 perioad\u0103. Ajung pe la 19, poate 20 de grade.<\/p>\n\n\n\n<p>Cel mai cald o s\u0103 fie, \u00eens\u0103, \u00een \u021binuturile vestice, pe unde se vor \u00eenregistra \u00een jur de 19 grade. Soarele str\u0103luce\u0219te pe tot parcursul zilei \u0219i nu sunt alte fenomene care s\u0103 ne strice ziua.<\/p>\n\n\n\n<p>\u00cen Transilvania avem o diminea\u021b\u0103 foarte rece \u00een depresiuni. Tot acum, la \u00eenceputul zilei, s-a l\u0103sat cea\u021ba \u00een unele zone &#8211; fenomen care poate s\u0103 dureze c\u00e2teva ore bune. La amiaz\u0103, \u00een vestul provinciei ar trebui s\u0103 se ating\u0103 \u00een jur de 17 grade.<\/p>\n\n\n\n<h2 class=\"wp-block-heading\">Vremea \u00een Oltenia<\/h2>\n\n\n\n<p>\u0218i \u00een Oltenia avem cea\u021b\u0103 \u00een primele ore, dar mai t\u00e2rziu iese soarele \u0219i \u00een aceast\u0103 regiune. Maximele se men\u021bin la valori peste normalul perioadei \u0219i ajung la 16 grade pe la Drobeta-Turnu Severin.<\/p>\n\n\n\n<p>Cam la fel va fi vremea \u0219i \u00een \u021binuturile sudice: cea\u021b\u0103 sau nori de joas\u0103 altitudine p\u00e2n\u0103 spre orele pr\u00e2nzului \u0219i atmosfer\u0103 \u00eensorit\u0103 dup\u0103 aceea. Pe-aici temperaturile mai scad pu\u021bin \u0219i vor fi cel mult 12 grade.<\/p>\n\n\n\n<h2 class=\"wp-block-heading\">Vremea \u00een Bucure\u0219ti<\/h2>\n\n\n\n<p>\u00cen Bucure\u0219ti avem o diminea\u021b\u0103 cam mohor\u00e2t\u0103, cu cea\u021b\u0103, dar nu foarte dens\u0103. Cerul se degajeaz\u0103 mai t\u00e2rziu. Atmosfera devine pl\u0103cut\u0103 \u0219i se face mai cald dec\u00e2t joi. Se vor atinge 15 grade.<\/p>\n\n\n\n<p>\u0218i s\u00e2mb\u0103t\u0103 e posibil s\u0103 fie cea\u021b\u0103 la \u00eenceputul zilei. Apoi se arat\u0103 soarele \u0219i o s\u0103 avem o amiaz\u0103 \u00eensorit\u0103, cu un pic de v\u00e2nt \u0219i o maxim\u0103 de 13 grade.<\/p>\n\n\n\n<p>Duminic\u0103 temperaturile coboar\u0103 spre normal \u0219i se vor \u00eenregistra \u00een jur de 11 grade. Va fi mai \u00eennorat \u0219i cea\u021ba ar putea s\u0103 revin\u0103 \u00een prima parte a zilei.<\/p>\n\n\n\n<p>Luni se \u00eempr\u0103\u0219tie norii. O s\u0103 avem o zi pl\u0103cut\u0103, cu soare, v\u00e2nt domol \u0219i temperaturi \u00een cre\u0219tere. Maxima ajunge pe la 15 grade.<\/p>\n\n\n\n<h2 class=\"wp-block-heading\">Vremea la munte<\/h2>\n\n\n\n<p>La munte continu\u0103 vremea frumoas\u0103. E drept c\u0103 diminea\u021ba este cam frig, dar atmosfera se \u00eenc\u0103lze\u0219te dup\u0103 orele pr\u00e2nzului. Temperaturile ajung la valori ridicate pentru aceast\u0103 perioad\u0103, iar v\u00e2ntul devine mai insistent \u00een Mun\u021bii Banatului. Acolo 50 km\/h.<\/p>\n\n\n\n<p>S\u00e2mb\u0103t\u0103 soarele str\u0103luce\u0219te \u00een toat\u0103 zona montan\u0103. V\u00e2ntul se \u00eente\u021be\u0219te \u00een Mun\u021bii Banatului, iar temperaturile se men\u021bin ridicate pentru mijlocul lunii martie.<\/p>\n\n\n\n<p>Duminic\u0103 avem atmosfer\u0103 cu soare \u00een toat\u0103 zona montan\u0103. R\u0103m\u00e2nem cu vremea cald\u0103, iar v\u00e2ntul mai are unele intensific\u0103ri \u00een Mun\u021bii Banatului.<\/p>\n\n\n\n<p>Luni &#8211; \u00eenc\u0103 o zi frumoas\u0103 \u0219i cald\u0103. Norii apar sporadic, se domole\u0219te \u0219i v\u00e2ntul, iar temperaturile din sta\u021biuni ajung din nou la valori peste mediile perioadei.<\/p>\n\n\n\n<p>Sursa:stirileprotv<\/p>\n","protected":false},"excerpt":{"rendered":"<p>Ziua de vineri a \u00eenceput cu \u00eennor\u0103ri \u0219i un pic de cea\u021b\u0103 \u00een sudul \u0219i \u00een estul \u021b\u0103rii, dar vremea<\/p>\n","protected":false},"author":1,"featured_media":95784,"comment_status":"open","ping_status":"closed","sticky":false,"template":"","format":"standard","meta":{"spay_email":"","footnotes":"","jetpack_publicize_message":""},"categories":[6],"tags":[],"class_list":["post-134637","post","type-post","status-publish","format-standard","has-post-thumbnail","hentry","category-social"],"jetpack_featured_media_url":"https:\/\/realitatearutiera.ro\/wp-content\/uploads\/2023\/02\/meteo-vremea-1-1024x379-1.webp","jetpack_publicize_connections":[],"jetpack_sharing_enabled":true,"jetpack_shortlink":"https:\/\/wp.me\/p61naM-z1z","jetpack-related-posts":[],"_links":{"self":[{"href":"https:\/\/realitatearutiera.ro\/index.php?rest_route=\/wp\/v2\/posts\/134637","targetHints":{"allow":["GET"]}}],"collection":[{"href":"https:\/\/realitatearutiera.ro\/index.php?rest_route=\/wp\/v2\/posts"}],"about":[{"href":"https:\/\/realitatearutiera.ro\/index.php?rest_route=\/wp\/v2\/types\/post"}],"author":[{"embeddable":true,"href":"https:\/\/realitatearutiera.ro\/index.php?rest_route=\/wp\/v2\/users\/1"}],"replies":[{"embeddable":true,"href":"https:\/\/realitatearutiera.ro\/index.php?rest_route=%2Fwp%2Fv2%2Fcomments&post=134637"}],"version-history":[{"count":1,"href":"https:\/\/realitatearutiera.ro\/index.php?rest_route=\/wp\/v2\/posts\/134637\/revisions"}],"predecessor-version":[{"id":134638,"href":"https:\/\/realitatearutiera.ro\/index.php?rest_route=\/wp\/v2\/posts\/134637\/revisions\/134638"}],"wp:featuredmedia":[{"embeddable":true,"href":"https:\/\/realitatearutiera.ro\/index.php?rest_route=\/wp\/v2\/media\/95784"}],"wp:attachment":[{"href":"https:\/\/realitatearutiera.ro\/index.php?rest_route=%2Fwp%2Fv2%2Fmedia&parent=134637"}],"wp:term":[{"taxonomy":"category","embeddable":true,"href":"https:\/\/realitatearutiera.ro\/index.php?rest_route=%2Fwp%2Fv2%2Fcategories&post=134637"},{"taxonomy":"post_tag","embeddable":true,"href":"https:\/\/realitatearutiera.ro\/index.php?rest_route=%2Fwp%2Fv2%2Ftags&post=134637"}],"curies":[{"name":"wp","href":"https:\/\/api.w.org\/{rel}","templated":true}]}}