{"id":134639,"date":"2026-03-13T11:18:29","date_gmt":"2026-03-13T09:18:29","guid":{"rendered":"https:\/\/realitatearutiera.ro\/?p=134639"},"modified":"2026-03-13T11:18:33","modified_gmt":"2026-03-13T09:18:33","slug":"impact-intre-doua-masini-pe-strada-vasile-goldis-la-alba-iulia","status":"publish","type":"post","link":"https:\/\/realitatearutiera.ro\/?p=134639","title":{"rendered":"Impact \u00eentre dou\u0103 ma\u0219ini \u00a0pe strada Vasile Goldi\u0219, la Alba Iulia"},"content":{"rendered":"\n<figure class=\"wp-block-image size-large\"><img loading=\"lazy\" decoding=\"async\" width=\"800\" height=\"600\" data-attachment-id=\"134640\" data-permalink=\"https:\/\/realitatearutiera.ro\/?attachment_id=134640\" data-orig-file=\"https:\/\/i2.wp.com\/realitatearutiera.ro\/wp-content\/uploads\/2026\/03\/image-92.png?fit=1200%2C900&amp;ssl=1\" data-orig-size=\"1200,900\" data-comments-opened=\"1\" data-image-meta=\"{&quot;aperture&quot;:&quot;0&quot;,&quot;credit&quot;:&quot;&quot;,&quot;camera&quot;:&quot;&quot;,&quot;caption&quot;:&quot;&quot;,&quot;created_timestamp&quot;:&quot;0&quot;,&quot;copyright&quot;:&quot;&quot;,&quot;focal_length&quot;:&quot;0&quot;,&quot;iso&quot;:&quot;0&quot;,&quot;shutter_speed&quot;:&quot;0&quot;,&quot;title&quot;:&quot;&quot;,&quot;orientation&quot;:&quot;0&quot;}\" data-image-title=\"image\" data-image-description=\"\" data-medium-file=\"https:\/\/i2.wp.com\/realitatearutiera.ro\/wp-content\/uploads\/2026\/03\/image-92.png?fit=300%2C225&amp;ssl=1\" data-large-file=\"https:\/\/i2.wp.com\/realitatearutiera.ro\/wp-content\/uploads\/2026\/03\/image-92.png?fit=800%2C600&amp;ssl=1\" src=\"https:\/\/i2.wp.com\/realitatearutiera.ro\/wp-content\/uploads\/2026\/03\/image-92-1024x768.png?resize=800%2C600&#038;ssl=1\" alt=\"\" class=\"wp-image-134640\" srcset=\"https:\/\/i2.wp.com\/realitatearutiera.ro\/wp-content\/uploads\/2026\/03\/image-92.png?resize=1024%2C768&amp;ssl=1 1024w, https:\/\/i2.wp.com\/realitatearutiera.ro\/wp-content\/uploads\/2026\/03\/image-92.png?resize=300%2C225&amp;ssl=1 300w, https:\/\/i2.wp.com\/realitatearutiera.ro\/wp-content\/uploads\/2026\/03\/image-92.png?resize=768%2C576&amp;ssl=1 768w, https:\/\/i2.wp.com\/realitatearutiera.ro\/wp-content\/uploads\/2026\/03\/image-92.png?w=1200&amp;ssl=1 1200w\" sizes=\"auto, (max-width: 800px) 100vw, 800px\" data-recalc-dims=\"1\" \/><\/figure>\n\n\n\n<p id=\"p-1\"><strong>Un accident rutier s-a produs vineri diminea\u021ba, \u00een jurul orei 10:45, pe strada Vasile Goldi\u0219 din Alba Iulia.&nbsp;<\/strong><\/p>\n\n\n\n<p id=\"p-2\">Potrivit ISU Alba,&nbsp;Deta\u0219amentul de pompieri Alba Iulia intervine pentru asigurarea m\u0103surilor specifice la un accident rutier produs \u00een municipiul Alba Iulia, strada Vasile Goldi\u0219.<\/p>\n\n\n<div class=\"wp-block-image\">\n<figure class=\"aligncenter\"><img decoding=\"async\" src=\"https:\/\/i2.wp.com\/alba24.ro\/wp-content\/uploads\/2026\/03\/WhatsApp-Image-2026-03-13-at-10.58.44-1-e1773392734488.jpeg?w=800&#038;ssl=1\" alt=\"\" class=\"wp-image-1124777\" data-recalc-dims=\"1\"\/><\/figure>\n<\/div>\n\n\n<p id=\"p-4\">\u00cen accident ar fi dou\u0103 ma\u0219ini implicate, f\u0103r\u0103 persoane \u00eencarcerate.<\/p>\n\n\n\n<p id=\"p-5\">Salvatorii intervin o autospecial\u0103 de stingere cu ap\u0103 \u0219i spum\u0103 \u0219i o ambulan\u021b\u0103 SAJ.<\/p>\n\n\n<div class=\"wp-block-image\">\n<figure class=\"aligncenter\"><img decoding=\"async\" src=\"https:\/\/i0.wp.com\/alba24.ro\/wp-content\/uploads\/2026\/03\/WhatsApp-Image-2026-03-13-at-10.58.42-e1773392685396.jpeg?w=800&#038;ssl=1\" alt=\"\" class=\"wp-image-1124776\" data-recalc-dims=\"1\"\/><\/figure>\n<\/div>\n\n\n<p id=\"p-7\">Potrivit IPJ Alba, traficul rutier este \u00eengreunat pe strada Vasile Goldi\u0219 din municipiul Alba Iulia, din cauza unui eveniment rutier \u00een care, din primele date, sunt implicate dou\u0103 autoturisme.<\/p>\n\n\n<div class=\"wp-block-image\">\n<figure class=\"aligncenter\"><img decoding=\"async\" src=\"https:\/\/i0.wp.com\/alba24.ro\/wp-content\/uploads\/2026\/03\/WhatsApp-Image-2026-03-13-at-10.58.44-e1773392654511.jpeg?w=800&#038;ssl=1\" alt=\"\" class=\"wp-image-1124779\" data-recalc-dims=\"1\"\/><\/figure>\n<\/div>\n\n\n<p id=\"p-9\">foto: ISU Alba<\/p>\n\n\n\n<p>Sursa:alba24<\/p>\n\n\n\n<p><\/p>\n","protected":false},"excerpt":{"rendered":"<p>Un accident rutier s-a produs vineri diminea\u021ba, \u00een jurul orei 10:45, pe strada Vasile Goldi\u0219 din Alba Iulia.&nbsp; Potrivit ISU<\/p>\n","protected":false},"author":1,"featured_media":128782,"comment_status":"open","ping_status":"closed","sticky":false,"template":"","format":"standard","meta":{"spay_email":"","footnotes":"","jetpack_publicize_message":""},"categories":[1],"tags":[],"class_list":["post-134639","post","type-post","status-publish","format-standard","has-post-thumbnail","hentry","category-uncategorized"],"jetpack_featured_media_url":"https:\/\/realitatearutiera.ro\/wp-content\/uploads\/2025\/09\/accident-generic.webp","jetpack_publicize_connections":[],"jetpack_sharing_enabled":true,"jetpack_shortlink":"https:\/\/wp.me\/p61naM-z1B","jetpack-related-posts":[],"_links":{"self":[{"href":"https:\/\/realitatearutiera.ro\/index.php?rest_route=\/wp\/v2\/posts\/134639","targetHints":{"allow":["GET"]}}],"collection":[{"href":"https:\/\/realitatearutiera.ro\/index.php?rest_route=\/wp\/v2\/posts"}],"about":[{"href":"https:\/\/realitatearutiera.ro\/index.php?rest_route=\/wp\/v2\/types\/post"}],"author":[{"embeddable":true,"href":"https:\/\/realitatearutiera.ro\/index.php?rest_route=\/wp\/v2\/users\/1"}],"replies":[{"embeddable":true,"href":"https:\/\/realitatearutiera.ro\/index.php?rest_route=%2Fwp%2Fv2%2Fcomments&post=134639"}],"version-history":[{"count":1,"href":"https:\/\/realitatearutiera.ro\/index.php?rest_route=\/wp\/v2\/posts\/134639\/revisions"}],"predecessor-version":[{"id":134641,"href":"https:\/\/realitatearutiera.ro\/index.php?rest_route=\/wp\/v2\/posts\/134639\/revisions\/134641"}],"wp:featuredmedia":[{"embeddable":true,"href":"https:\/\/realitatearutiera.ro\/index.php?rest_route=\/wp\/v2\/media\/128782"}],"wp:attachment":[{"href":"https:\/\/realitatearutiera.ro\/index.php?rest_route=%2Fwp%2Fv2%2Fmedia&parent=134639"}],"wp:term":[{"taxonomy":"category","embeddable":true,"href":"https:\/\/realitatearutiera.ro\/index.php?rest_route=%2Fwp%2Fv2%2Fcategories&post=134639"},{"taxonomy":"post_tag","embeddable":true,"href":"https:\/\/realitatearutiera.ro\/index.php?rest_route=%2Fwp%2Fv2%2Ftags&post=134639"}],"curies":[{"name":"wp","href":"https:\/\/api.w.org\/{rel}","templated":true}]}}