{"id":134651,"date":"2026-03-13T11:53:15","date_gmt":"2026-03-13T09:53:15","guid":{"rendered":"https:\/\/realitatearutiera.ro\/?p=134651"},"modified":"2026-03-13T11:53:17","modified_gmt":"2026-03-13T09:53:17","slug":"mai-multe-motociclete-au-fost-distruse-in-sectorul-6-autorul-prins-in-flagrant","status":"publish","type":"post","link":"https:\/\/realitatearutiera.ro\/?p=134651","title":{"rendered":"Mai multe motociclete au fost distruse \u00een Sectorul 6. Autorul, prins \u00een flagrant"},"content":{"rendered":"\n<figure class=\"wp-block-image size-large\"><img loading=\"lazy\" decoding=\"async\" width=\"800\" height=\"450\" data-attachment-id=\"134652\" data-permalink=\"https:\/\/realitatearutiera.ro\/?attachment_id=134652\" data-orig-file=\"https:\/\/i0.wp.com\/realitatearutiera.ro\/wp-content\/uploads\/2026\/03\/image-94.png?fit=1200%2C675&amp;ssl=1\" data-orig-size=\"1200,675\" data-comments-opened=\"1\" data-image-meta=\"{&quot;aperture&quot;:&quot;0&quot;,&quot;credit&quot;:&quot;&quot;,&quot;camera&quot;:&quot;&quot;,&quot;caption&quot;:&quot;&quot;,&quot;created_timestamp&quot;:&quot;0&quot;,&quot;copyright&quot;:&quot;&quot;,&quot;focal_length&quot;:&quot;0&quot;,&quot;iso&quot;:&quot;0&quot;,&quot;shutter_speed&quot;:&quot;0&quot;,&quot;title&quot;:&quot;&quot;,&quot;orientation&quot;:&quot;0&quot;}\" data-image-title=\"image\" data-image-description=\"\" data-medium-file=\"https:\/\/i0.wp.com\/realitatearutiera.ro\/wp-content\/uploads\/2026\/03\/image-94.png?fit=300%2C169&amp;ssl=1\" data-large-file=\"https:\/\/i0.wp.com\/realitatearutiera.ro\/wp-content\/uploads\/2026\/03\/image-94.png?fit=800%2C450&amp;ssl=1\" src=\"https:\/\/i0.wp.com\/realitatearutiera.ro\/wp-content\/uploads\/2026\/03\/image-94-1024x576.png?resize=800%2C450&#038;ssl=1\" alt=\"\" class=\"wp-image-134652\" srcset=\"https:\/\/i0.wp.com\/realitatearutiera.ro\/wp-content\/uploads\/2026\/03\/image-94.png?resize=1024%2C576&amp;ssl=1 1024w, https:\/\/i0.wp.com\/realitatearutiera.ro\/wp-content\/uploads\/2026\/03\/image-94.png?resize=300%2C169&amp;ssl=1 300w, https:\/\/i0.wp.com\/realitatearutiera.ro\/wp-content\/uploads\/2026\/03\/image-94.png?resize=768%2C432&amp;ssl=1 768w, https:\/\/i0.wp.com\/realitatearutiera.ro\/wp-content\/uploads\/2026\/03\/image-94.png?w=1200&amp;ssl=1 1200w\" sizes=\"auto, (max-width: 800px) 100vw, 800px\" data-recalc-dims=\"1\" \/><\/figure>\n\n\n\n<p>Motociclete distruse \u00een Sectorul 6 \u00een trei nop\u021bi la r\u00e2nd \u2013 autorul, un b\u0103rbat de 61 de ani, a fost prins \u00een flagrant la ora 3.40 \u0219i re\u021binut pentru 24 de ore. Poli\u021bi\u0219tii Sec\u021biei 21 \u00eel cerceteaz\u0103 pentru mai multe infrac\u021biuni de distrugere, transmite Mediafax.<\/p>\n\n\n\n<p>Primele sesiz\u0103ri au ajuns la Sec\u021bia 21 Poli\u021bie pe 8 martie 2026. Alte apeluri au urmat pe 10 \u0219i 11 martie. Mai multe persoane au reclamat c\u0103 motocicletele \u0219i mopedele lor au fost dobor\u00e2te la sol \u0219i prezentau distrugeri la nivelul caroseriei.<\/p>\n\n\n\n<p>Poli\u021bi\u0219tii s-au deplasat de urgen\u021b\u0103 la fa\u021ba locului \u00een toate cazurile \u0219i au confirmat aspectele sesizate. Ace\u0219tia au demarat imediat verific\u0103rile pentru identificarea autorului.<\/p>\n\n\n\n<p>\u00cen noaptea de 11 spre 12 martie 2026, \u00een jurul orei 3.40, poli\u021bi\u0219tii l-au surprins \u00een flagrant pe autor. B\u0103rbatul a provocat distrugeri prin d\u0103r\u00e2marea mai multor motociclete aflate la diferite adrese din Sectorul 6.<\/p>\n\n\n\n<p>Acesta a fost imobilizat cu respectarea procedurilor legale \u0219i condus la sediul sec\u021biei pentru audieri. \u00cen baza probatoriului administrat, b\u0103rbatul de 61 de ani a fost re\u021binut pentru 24 de ore.<\/p>\n\n\n\n<p>Cercet\u0103rile sunt continuate de Sec\u021bia 21 Poli\u021bie sub supravegherea Parchetului de pe l\u00e2ng\u0103 Judec\u0103toria Sectorului 6. B\u0103rbatul urmeaz\u0103 s\u0103 fie prezentat magistra\u021bilor cu propunere legal\u0103 pentru mai multe infrac\u021biuni de distrugere.<\/p>\n\n\n\n<p>Sursa:promotor<\/p>\n","protected":false},"excerpt":{"rendered":"<p>Motociclete distruse \u00een Sectorul 6 \u00een trei nop\u021bi la r\u00e2nd \u2013 autorul, un b\u0103rbat de 61 de ani, a fost<\/p>\n","protected":false},"author":1,"featured_media":108046,"comment_status":"open","ping_status":"closed","sticky":false,"template":"","format":"standard","meta":{"spay_email":"","footnotes":"","jetpack_publicize_message":""},"categories":[82],"tags":[],"class_list":["post-134651","post","type-post","status-publish","format-standard","has-post-thumbnail","hentry","category-auto"],"jetpack_featured_media_url":"https:\/\/i0.wp.com\/realitatearutiera.ro\/wp-content\/uploads\/2024\/02\/masini-politie-politia-2-3ldz.jpg?fit=1224%2C816&ssl=1","jetpack_publicize_connections":[],"jetpack_sharing_enabled":true,"jetpack_shortlink":"https:\/\/wp.me\/p61naM-z1N","jetpack-related-posts":[],"_links":{"self":[{"href":"https:\/\/realitatearutiera.ro\/index.php?rest_route=\/wp\/v2\/posts\/134651","targetHints":{"allow":["GET"]}}],"collection":[{"href":"https:\/\/realitatearutiera.ro\/index.php?rest_route=\/wp\/v2\/posts"}],"about":[{"href":"https:\/\/realitatearutiera.ro\/index.php?rest_route=\/wp\/v2\/types\/post"}],"author":[{"embeddable":true,"href":"https:\/\/realitatearutiera.ro\/index.php?rest_route=\/wp\/v2\/users\/1"}],"replies":[{"embeddable":true,"href":"https:\/\/realitatearutiera.ro\/index.php?rest_route=%2Fwp%2Fv2%2Fcomments&post=134651"}],"version-history":[{"count":1,"href":"https:\/\/realitatearutiera.ro\/index.php?rest_route=\/wp\/v2\/posts\/134651\/revisions"}],"predecessor-version":[{"id":134653,"href":"https:\/\/realitatearutiera.ro\/index.php?rest_route=\/wp\/v2\/posts\/134651\/revisions\/134653"}],"wp:featuredmedia":[{"embeddable":true,"href":"https:\/\/realitatearutiera.ro\/index.php?rest_route=\/wp\/v2\/media\/108046"}],"wp:attachment":[{"href":"https:\/\/realitatearutiera.ro\/index.php?rest_route=%2Fwp%2Fv2%2Fmedia&parent=134651"}],"wp:term":[{"taxonomy":"category","embeddable":true,"href":"https:\/\/realitatearutiera.ro\/index.php?rest_route=%2Fwp%2Fv2%2Fcategories&post=134651"},{"taxonomy":"post_tag","embeddable":true,"href":"https:\/\/realitatearutiera.ro\/index.php?rest_route=%2Fwp%2Fv2%2Ftags&post=134651"}],"curies":[{"name":"wp","href":"https:\/\/api.w.org\/{rel}","templated":true}]}}