{"id":134761,"date":"2026-03-17T11:15:50","date_gmt":"2026-03-17T09:15:50","guid":{"rendered":"https:\/\/realitatearutiera.ro\/?p=134761"},"modified":"2026-03-17T11:15:52","modified_gmt":"2026-03-17T09:15:52","slug":"soferi-inconstienti-pe-soselele-din-judetul-neamt-amenzi-si-dosare-penale-dupa-actiunea-brigazii-rutiere","status":"publish","type":"post","link":"https:\/\/realitatearutiera.ro\/?p=134761","title":{"rendered":"\u0218oferi incon\u0219tien\u021bi pe \u0219oselele din jude\u021bul Neam\u021b: amenzi \u0219i dosare penale dup\u0103 ac\u021biunea Brig\u0103zii Rutiere"},"content":{"rendered":"\n<p><strong>Dosar penal pentru trei incon\u0219tien\u021bi la volan. Au fost prin\u0219i \u00een trafic de poli\u021bi\u0219ti conduc\u00e2nd f\u0103r\u0103 a de\u021bine permis auto sau sub influen\u021ba alcoolului.<\/strong><\/p>\n\n\n\n<p>La data de 14 martie a.c., \u00een jurul orei 09:45, poli\u021bi\u0219tii Compartimentului Rutier Bicaz, fiind \u00een exercitarea atribu\u021biilor de serviciu, pe DC 137, \u00een localitatea Bicaz Chei, au oprit pentru control un autoturism, ce se deplasa din direc\u021bia Ivane\u0219 c\u0103tre Bicaz Chei.<\/p>\n\n\n\n<p>La volanul autoturismului a fost identificat un t\u00e2n\u0103r de 23 de ani, din Moldoveni.<\/p>\n\n\n\n<p>\u00cen urma verific\u0103rilor efectuate de poli\u021bi\u0219ti a rezultat c\u0103 acesta nu de\u021bine permis de conducere pentru nicio categorie de vehicule, iar autoturismul i-a fost \u00eencredin\u021bat pentru conducerea pe drumurile publice de un b\u0103rbat de 39 de ani.<\/p>\n\n\n\n<p>\u00cen cauz\u0103 s-a \u00eentocmit dosar penal privind comiterea infrac\u021biunii de conducerea unui vehicul f\u0103r\u0103 permis de conducere \u0219i \u00eencredin\u021barea unui autoturism spre a a fi condus de o persoan\u0103, despre care cunoa\u0219te c\u0103 nu de\u021bine permis de conducere.<\/p>\n\n\n\n<h4 class=\"wp-block-heading\" id=\"la-volan-dar-cu-permisul-anulat\">La volan, dar cu permisul anulat<\/h4>\n\n\n\n<p>La data de 14 martie a.c., ora 16:40, poli\u021bi\u0219tii din cadrul Serviciului Rutier&nbsp;<a href=\"https:\/\/monitorulneamt.ro\/\">Neam\u021b<\/a>&nbsp;au oprit pe DN 15 D, \u00een localitatea Dulce\u0219ti, un autoturism condus de un b\u0103rbat de 40 de ani, din Bac\u0103u, ce se deplasa cu viteza de 81 km\/h.<\/p>\n\n\n\n<p>\u00cen urma verific\u0103rilor efectuat s-a stabilit faptul c\u0103 b\u0103rbatul are permisul de conducere anulat. \u00cen cauz\u0103 s-a \u00eentocmit dosar penal sub aspectul s\u0103v\u00e2r\u0219irii infrac\u021biunii de conducerea unui vehicul f\u0103r\u0103 permis de conducere.<\/p>\n\n\n\n<h4 class=\"wp-block-heading\" id=\"baut-la-volan-in-miez-de-noapte\">B\u0103ut la volan \u00een miez de noapte<\/h4>\n\n\n\n<p>\u00cen noaptea de 15 martie a.c., ora 00:20, poli\u021bi\u0219tii din cadrul Biroului Rutier Piatra-Neam\u021b, \u00een timp ce se aflau \u00een exercitarea atribu\u021biilor de serviciu, pe strada Progresului, din Piatra-Neam\u021b, au efectuat semnal regulamentar de oprire al unui condus de un b\u0103rbat de 56 de ani, din aceea\u0219i localitate.<\/p>\n\n\n\n<p>Acesta a fost testat cu aparatul etilotest, rezultatul indic\u00e2nd valoarea de 0,65 mg\/l alcool pur \u00een aerul expirat. A fost \u00eentocmit dosar penal sub aspectul s\u0103v\u00e2r\u0219ii infrac\u021biunii de conducerea unui vehicul sub influen\u021ba alcoolului.<\/p>\n\n\n\n<p>Sursa:monitorulneamt<\/p>\n\n\n\n<p><\/p>\n","protected":false},"excerpt":{"rendered":"<p>Dosar penal pentru trei incon\u0219tien\u021bi la volan. Au fost prin\u0219i \u00een trafic de poli\u021bi\u0219ti conduc\u00e2nd f\u0103r\u0103 a de\u021bine permis auto<\/p>\n","protected":false},"author":1,"featured_media":108489,"comment_status":"open","ping_status":"closed","sticky":false,"template":"","format":"standard","meta":{"spay_email":"","footnotes":"","jetpack_publicize_message":""},"categories":[6],"tags":[],"class_list":["post-134761","post","type-post","status-publish","format-standard","has-post-thumbnail","hentry","category-social"],"jetpack_featured_media_url":"https:\/\/realitatearutiera.ro\/wp-content\/uploads\/2024\/02\/politia-rutiera-0-jpg.webp","jetpack_publicize_connections":[],"jetpack_sharing_enabled":true,"jetpack_shortlink":"https:\/\/wp.me\/p61naM-z3z","jetpack-related-posts":[],"_links":{"self":[{"href":"https:\/\/realitatearutiera.ro\/index.php?rest_route=\/wp\/v2\/posts\/134761","targetHints":{"allow":["GET"]}}],"collection":[{"href":"https:\/\/realitatearutiera.ro\/index.php?rest_route=\/wp\/v2\/posts"}],"about":[{"href":"https:\/\/realitatearutiera.ro\/index.php?rest_route=\/wp\/v2\/types\/post"}],"author":[{"embeddable":true,"href":"https:\/\/realitatearutiera.ro\/index.php?rest_route=\/wp\/v2\/users\/1"}],"replies":[{"embeddable":true,"href":"https:\/\/realitatearutiera.ro\/index.php?rest_route=%2Fwp%2Fv2%2Fcomments&post=134761"}],"version-history":[{"count":1,"href":"https:\/\/realitatearutiera.ro\/index.php?rest_route=\/wp\/v2\/posts\/134761\/revisions"}],"predecessor-version":[{"id":134762,"href":"https:\/\/realitatearutiera.ro\/index.php?rest_route=\/wp\/v2\/posts\/134761\/revisions\/134762"}],"wp:featuredmedia":[{"embeddable":true,"href":"https:\/\/realitatearutiera.ro\/index.php?rest_route=\/wp\/v2\/media\/108489"}],"wp:attachment":[{"href":"https:\/\/realitatearutiera.ro\/index.php?rest_route=%2Fwp%2Fv2%2Fmedia&parent=134761"}],"wp:term":[{"taxonomy":"category","embeddable":true,"href":"https:\/\/realitatearutiera.ro\/index.php?rest_route=%2Fwp%2Fv2%2Fcategories&post=134761"},{"taxonomy":"post_tag","embeddable":true,"href":"https:\/\/realitatearutiera.ro\/index.php?rest_route=%2Fwp%2Fv2%2Ftags&post=134761"}],"curies":[{"name":"wp","href":"https:\/\/api.w.org\/{rel}","templated":true}]}}