{"id":135073,"date":"2026-03-25T08:37:37","date_gmt":"2026-03-25T06:37:37","guid":{"rendered":"https:\/\/realitatearutiera.ro\/?p=135073"},"modified":"2026-03-25T08:37:41","modified_gmt":"2026-03-25T06:37:41","slug":"vremea-376","status":"publish","type":"post","link":"https:\/\/realitatearutiera.ro\/?p=135073","title":{"rendered":"Vremea"},"content":{"rendered":"\n<p>Miercuri norii apar \u00een cea mai mare parte a \u021b\u0103rii. Trec\u0103tor va picura \u00een regiunile sudice \u0219i pe la munte, iar la altitudini de peste 1700 de metri apar precipita\u021bii slabe sub form\u0103 de lapovi\u021b\u0103 \u0219i ninsoare.&nbsp;<\/p>\n\n\n\n<p>Temperaturile, mai ridicate dec\u00e2t \u00een mod obi\u0219nuit la aceast\u0103 dat\u0103, se vor situa \u00eentre 12 grade la Piatra Neam\u021b \u0219i 19 grade la Drobeta\u2011Turnu\u2011Severin.<\/p>\n\n\n\n<p>Vedem ce se \u00eent\u00e2mpl\u0103 \u00een fiecare regiune \u0219i \u00eencepem cu Dobrogea \u0219i cu B\u0103r\u0103ganul. Atmosfera se men\u021bine \u00eenchis\u0103 \u0219i izolat s\u2011ar putea s\u0103 plou\u0103 slab. Temperaturile cresc u\u0219or \u0219i vor ajunge p\u00e2n\u0103 la 17 grade.<\/p>\n\n\n\n<p>Mai sus, \u00een Moldova sudic\u0103 \u0219i \u00een nordul Munteniei, cerul r\u0103m\u00e2ne acoperit de nori, \u00eens\u0103 \u0219ansele de ploaie sunt reduse. La amiaz\u0103 se vor \u00eenregistra \u00een jur de 17 grade.<\/p>\n\n\n\n<p>\u00cen jum\u0103tatea nordic\u0103 a Moldovei \u0219i \u00een Bucovina g\u0103sim mul\u021bi nori \u0219i temperaturi mai ridicate dec\u00e2t \u00een mod normal. La noapte, cerul se mai degajeaz\u0103 \u0219i minimele ajung pe la zero grade.<\/p>\n\n\n\n<p>Vremea va fi \u00eenchis\u0103 \u0219i \u00een nordul Transilvaniei \u0219i \u00een Maramure\u0219. Nu sunt anun\u021bate ploi, v\u00e2ntul va fi ceva mai activ, iar amiaza aduce temperaturi de p\u00e2n\u0103 la 17 grade la Satu Mare.<\/p>\n\n\n\n<p>\u00cen \u021binuturile vestice urmeaz\u0103 o zi cu cer acoperit. La noapte, v\u00e2ntul o s\u0103 bat\u0103 cu 45 km\/h \u00een sudul Banatului \u0219i \u00een vestul Meridionalilor. Se face mai cald dec\u00e2t ar fi normal. Maximele se opresc la 17 grade.<\/p>\n\n\n\n<p>\u00cen Transilvania, vor fi \u00eennor\u0103ri, c\u00e2\u021biva stropi de ploaie pe la munte, dar \u0219i precipita\u021bii slabe mixte la altitudini mari. Se face mai cald dec\u00e2t ar trebui. La Alba Iulia se vor \u00eenregistra 17 grade.<\/p>\n\n\n\n<p>\u00cen Oltenia se anun\u021b\u0103 o zi cam nepl\u0103cut\u0103, cu \u00eennor\u0103ri \u0219i c\u00e2teva ploi slabe. Acum diminea\u0163\u0103 este ceat\u0103 \u00een unele zone iar temperaturile, mai ridicate dec\u00e2t \u00een celelalte regiuni, vor ajunge p\u00e2n\u0103 la 19 grade la Drobeta\u2011Turnu\u2011Severin.<\/p>\n\n\n\n<p>\u00cen \u021binuturile sudice vor fi \u00eennor\u0103ri persistente \u0219i poate c\u00e2\u021biva stropi de ploaie. Apare un pic \u0219i soarele printre nori, iar temperaturile vor fi comparabile cu cele \u00eenregistrate ieri.<\/p>\n\n\n\n<h2 class=\"wp-block-heading\">Vremea la Bucure\u0219ti<\/h2>\n\n\n\n<p>\u00cen Bucure\u0219ti avem \u00eenc\u0103 o zi cu temperaturi mai ridicate dec\u00e2t \u00een mod obi\u0219nuit la aceast\u0103 dat\u0103. Predomin\u0103 vremea frumoas\u0103, v\u00e2ntul va sufla slab \u015fi dup\u0103 pr\u00e2nz se vor \u00eenregistra \u00een jur de 17 grade. Urmeaz\u0103 o noapte cu vreme bun\u0103 \u015fi o minim\u0103 de 5 grade.<\/p>\n\n\n\n<h2 class=\"wp-block-heading\">Vremea la munte<\/h2>\n\n\n\n<p>\u00cen zonele de munte se mai adun\u0103 norii, \u00eens\u0103 ploile apar doar izolat. La altitudini de peste 1700 de metri sunt posibile precipita\u021bii sub form\u0103 de lapovi\u021b\u0103 \u0219i ninsoare. Temperaturile din sta\u021biuni vor fi comparabile cu cele \u00eenregistrate ieri.<\/p>\n\n\n\n<p>Sursa:stirileprotv<\/p>\n","protected":false},"excerpt":{"rendered":"<p>Miercuri norii apar \u00een cea mai mare parte a \u021b\u0103rii. Trec\u0103tor va picura \u00een regiunile sudice \u0219i pe la munte,<\/p>\n","protected":false},"author":1,"featured_media":122656,"comment_status":"open","ping_status":"closed","sticky":false,"template":"","format":"standard","meta":{"spay_email":"","footnotes":"","jetpack_publicize_message":""},"categories":[6],"tags":[],"class_list":["post-135073","post","type-post","status-publish","format-standard","has-post-thumbnail","hentry","category-social"],"jetpack_featured_media_url":"https:\/\/i0.wp.com\/realitatearutiera.ro\/wp-content\/uploads\/2025\/03\/vremea-meteo-primavara-pom-copac-inflorit.jpeg?fit=1024%2C707&ssl=1","jetpack_publicize_connections":[],"jetpack_sharing_enabled":true,"jetpack_shortlink":"https:\/\/wp.me\/p61naM-z8B","jetpack-related-posts":[],"_links":{"self":[{"href":"https:\/\/realitatearutiera.ro\/index.php?rest_route=\/wp\/v2\/posts\/135073","targetHints":{"allow":["GET"]}}],"collection":[{"href":"https:\/\/realitatearutiera.ro\/index.php?rest_route=\/wp\/v2\/posts"}],"about":[{"href":"https:\/\/realitatearutiera.ro\/index.php?rest_route=\/wp\/v2\/types\/post"}],"author":[{"embeddable":true,"href":"https:\/\/realitatearutiera.ro\/index.php?rest_route=\/wp\/v2\/users\/1"}],"replies":[{"embeddable":true,"href":"https:\/\/realitatearutiera.ro\/index.php?rest_route=%2Fwp%2Fv2%2Fcomments&post=135073"}],"version-history":[{"count":1,"href":"https:\/\/realitatearutiera.ro\/index.php?rest_route=\/wp\/v2\/posts\/135073\/revisions"}],"predecessor-version":[{"id":135074,"href":"https:\/\/realitatearutiera.ro\/index.php?rest_route=\/wp\/v2\/posts\/135073\/revisions\/135074"}],"wp:featuredmedia":[{"embeddable":true,"href":"https:\/\/realitatearutiera.ro\/index.php?rest_route=\/wp\/v2\/media\/122656"}],"wp:attachment":[{"href":"https:\/\/realitatearutiera.ro\/index.php?rest_route=%2Fwp%2Fv2%2Fmedia&parent=135073"}],"wp:term":[{"taxonomy":"category","embeddable":true,"href":"https:\/\/realitatearutiera.ro\/index.php?rest_route=%2Fwp%2Fv2%2Fcategories&post=135073"},{"taxonomy":"post_tag","embeddable":true,"href":"https:\/\/realitatearutiera.ro\/index.php?rest_route=%2Fwp%2Fv2%2Ftags&post=135073"}],"curies":[{"name":"wp","href":"https:\/\/api.w.org\/{rel}","templated":true}]}}