{"id":135141,"date":"2026-03-26T08:57:14","date_gmt":"2026-03-26T06:57:14","guid":{"rendered":"https:\/\/realitatearutiera.ro\/?p=135141"},"modified":"2026-03-26T08:57:18","modified_gmt":"2026-03-26T06:57:18","slug":"sfarsit-tragic-in-cracaoani-un-barbat-a-fost-strivit-de-o-remorca","status":"publish","type":"post","link":"https:\/\/realitatearutiera.ro\/?p=135141","title":{"rendered":"Sf\u00e2r\u0219it tragic \u00een Cr\u0103c\u0103oani: un b\u0103rbat a fost strivit de o remorc\u0103"},"content":{"rendered":"\n<figure class=\"wp-block-image size-large is-resized\"><img loading=\"lazy\" decoding=\"async\" width=\"576\" height=\"1024\" data-attachment-id=\"135142\" data-permalink=\"https:\/\/realitatearutiera.ro\/?attachment_id=135142\" data-orig-file=\"https:\/\/i1.wp.com\/realitatearutiera.ro\/wp-content\/uploads\/2026\/03\/image-164.png?fit=900%2C1600&amp;ssl=1\" data-orig-size=\"900,1600\" data-comments-opened=\"1\" data-image-meta=\"{&quot;aperture&quot;:&quot;0&quot;,&quot;credit&quot;:&quot;&quot;,&quot;camera&quot;:&quot;&quot;,&quot;caption&quot;:&quot;&quot;,&quot;created_timestamp&quot;:&quot;0&quot;,&quot;copyright&quot;:&quot;&quot;,&quot;focal_length&quot;:&quot;0&quot;,&quot;iso&quot;:&quot;0&quot;,&quot;shutter_speed&quot;:&quot;0&quot;,&quot;title&quot;:&quot;&quot;,&quot;orientation&quot;:&quot;0&quot;}\" data-image-title=\"image\" data-image-description=\"\" data-medium-file=\"https:\/\/i1.wp.com\/realitatearutiera.ro\/wp-content\/uploads\/2026\/03\/image-164.png?fit=169%2C300&amp;ssl=1\" data-large-file=\"https:\/\/i1.wp.com\/realitatearutiera.ro\/wp-content\/uploads\/2026\/03\/image-164.png?fit=576%2C1024&amp;ssl=1\" src=\"https:\/\/i0.wp.com\/realitatearutiera.ro\/wp-content\/uploads\/2026\/03\/image-164-576x1024.png?resize=576%2C1024&#038;ssl=1\" alt=\"\" class=\"wp-image-135142\" style=\"aspect-ratio:0.5625019618511504;width:380px;height:auto\" srcset=\"https:\/\/i1.wp.com\/realitatearutiera.ro\/wp-content\/uploads\/2026\/03\/image-164.png?resize=576%2C1024&amp;ssl=1 576w, https:\/\/i1.wp.com\/realitatearutiera.ro\/wp-content\/uploads\/2026\/03\/image-164.png?resize=169%2C300&amp;ssl=1 169w, https:\/\/i1.wp.com\/realitatearutiera.ro\/wp-content\/uploads\/2026\/03\/image-164.png?resize=768%2C1365&amp;ssl=1 768w, https:\/\/i1.wp.com\/realitatearutiera.ro\/wp-content\/uploads\/2026\/03\/image-164.png?resize=864%2C1536&amp;ssl=1 864w, https:\/\/i1.wp.com\/realitatearutiera.ro\/wp-content\/uploads\/2026\/03\/image-164.png?w=900&amp;ssl=1 900w\" sizes=\"auto, (max-width: 576px) 100vw, 576px\" data-recalc-dims=\"1\" \/><\/figure>\n\n\n\n<p><strong>B\u0103rbat strivit de remorc\u0103 la Cr\u0103c\u0103oani. Avea 55 de ani.<\/strong>\u00a0Evenimentul a avut loc pe 25 martie, \u00eentr-o gospod\u0103rie din\u00a0<a href=\"https:\/\/monitorulneamt.ro\/\">comun\u0103.<\/a><\/p>\n\n\n\n<p>Poli\u021bi\u0219tii au fost anun\u021ba\u021bi, \u00een jurul orei 13.00, prin apel la 112, c\u0103 o remorc\u0103 a c\u0103zut peste un b\u0103rbat.<\/p>\n\n\n\n<h4 class=\"wp-block-heading\" id=\"victima-un-barbat-de-55-de-ani\">Victima, un b\u0103rbat de 55 de ani<\/h4>\n\n\n\n<p>P\u00e2n\u0103 la sosirea echipajelor de interven\u021bie, victima a fost scoas\u0103 de sub remorc\u0103 de c\u0103tre martori.<\/p>\n\n\n\n<p>La sosirea pompierilor, b\u0103rbatul de 55 de ani se afla \u00een stop cardio-respirator. Imediat au fost \u00eencepute manevrele de resuscitare. La scurt timp a ajuns \u0219i echipajul SAJ, care a preluat pacientul \u0219i a continuat manevrele.<\/p>\n\n\n\n<p>Din p\u0103cate, b\u0103rbatul nu a r\u0103spuns manevrelor de resuscitare, medicul de pe ambulan\u021b\u0103 declar\u00e2nd decesul.<\/p>\n\n\n\n<p>Sursa:monitorulneamt<\/p>\n\n\n\n<p><\/p>\n","protected":false},"excerpt":{"rendered":"<p>B\u0103rbat strivit de remorc\u0103 la Cr\u0103c\u0103oani. Avea 55 de ani.\u00a0Evenimentul a avut loc pe 25 martie, \u00eentr-o gospod\u0103rie din\u00a0comun\u0103. Poli\u021bi\u0219tii<\/p>\n","protected":false},"author":1,"featured_media":116078,"comment_status":"open","ping_status":"closed","sticky":false,"template":"","format":"standard","meta":{"spay_email":"","footnotes":"","jetpack_publicize_message":""},"categories":[6],"tags":[],"class_list":["post-135141","post","type-post","status-publish","format-standard","has-post-thumbnail","hentry","category-social"],"jetpack_featured_media_url":"https:\/\/i1.wp.com\/realitatearutiera.ro\/wp-content\/uploads\/2024\/09\/accident.jpg?fit=630%2C365&ssl=1","jetpack_publicize_connections":[],"jetpack_sharing_enabled":true,"jetpack_shortlink":"https:\/\/wp.me\/p61naM-z9H","jetpack-related-posts":[],"_links":{"self":[{"href":"https:\/\/realitatearutiera.ro\/index.php?rest_route=\/wp\/v2\/posts\/135141","targetHints":{"allow":["GET"]}}],"collection":[{"href":"https:\/\/realitatearutiera.ro\/index.php?rest_route=\/wp\/v2\/posts"}],"about":[{"href":"https:\/\/realitatearutiera.ro\/index.php?rest_route=\/wp\/v2\/types\/post"}],"author":[{"embeddable":true,"href":"https:\/\/realitatearutiera.ro\/index.php?rest_route=\/wp\/v2\/users\/1"}],"replies":[{"embeddable":true,"href":"https:\/\/realitatearutiera.ro\/index.php?rest_route=%2Fwp%2Fv2%2Fcomments&post=135141"}],"version-history":[{"count":1,"href":"https:\/\/realitatearutiera.ro\/index.php?rest_route=\/wp\/v2\/posts\/135141\/revisions"}],"predecessor-version":[{"id":135143,"href":"https:\/\/realitatearutiera.ro\/index.php?rest_route=\/wp\/v2\/posts\/135141\/revisions\/135143"}],"wp:featuredmedia":[{"embeddable":true,"href":"https:\/\/realitatearutiera.ro\/index.php?rest_route=\/wp\/v2\/media\/116078"}],"wp:attachment":[{"href":"https:\/\/realitatearutiera.ro\/index.php?rest_route=%2Fwp%2Fv2%2Fmedia&parent=135141"}],"wp:term":[{"taxonomy":"category","embeddable":true,"href":"https:\/\/realitatearutiera.ro\/index.php?rest_route=%2Fwp%2Fv2%2Fcategories&post=135141"},{"taxonomy":"post_tag","embeddable":true,"href":"https:\/\/realitatearutiera.ro\/index.php?rest_route=%2Fwp%2Fv2%2Ftags&post=135141"}],"curies":[{"name":"wp","href":"https:\/\/api.w.org\/{rel}","templated":true}]}}