{"id":135549,"date":"2026-04-07T11:10:32","date_gmt":"2026-04-07T08:10:32","guid":{"rendered":"https:\/\/realitatearutiera.ro\/?p=135549"},"modified":"2026-04-07T11:10:36","modified_gmt":"2026-04-07T08:10:36","slug":"incident-in-trafic-in-neamt-sofer-baut-prins-la-volan-cu-permisul-suspendat","status":"publish","type":"post","link":"https:\/\/realitatearutiera.ro\/?p=135549","title":{"rendered":"Incident \u00een trafic, \u00een Neam\u021b: \u0219ofer b\u0103ut, prins la volan cu permisul suspendat"},"content":{"rendered":"\n<p><strong>Dou\u0103 abateri grave \u00een trafic: alcool la volan \u0219i permis suspendat, depistate de poli\u021bi\u0219ti, \u00een dou\u0103 interven\u021bii separate \u00een jude\u021bul Neam\u021b.<\/strong><\/p>\n\n\n\n<h3 class=\"wp-block-heading\"><strong>Dou\u0103 abateri grave \u00een trafic: alcool la volan \u0219i permis suspendat<\/strong><\/h3>\n\n\n\n<p>La data de 5 aprilie a.c., poli\u021bi\u0219tii din cadrul Sec\u021biei de Poli\u021bie Rural\u0103 Sagna au depistat \u00een flagrant delict un b\u0103rbat de 60 de ani, din jude\u021bul Suceava, \u00een timp ce conducea un autovehicul pe DJ 207A, \u00een localitatea Sagna, fiind sub influen\u021ba b\u0103uturilor alcoolice.<\/p>\n\n\n\n<h3 class=\"wp-block-heading\"><strong>Alcool la volan<\/strong><\/h3>\n\n\n\n<p>\u00cen urma test\u0103rii cu aparatul alcooltest, a rezultat o valoare de 0,45 mg\/l alcool pur \u00een aerul expirat.<\/p>\n\n\n\n<p>\u00cen cauz\u0103 a fost \u00eentocmit dosar penal, \u00een care se efectueaz\u0103 cercet\u0103ri sub aspectul comiterii infrac\u021biunii de conducerea unui vehicul sub influen\u021ba alcoolului sau a altor substan\u021be.<\/p>\n\n\n\n<h3 class=\"wp-block-heading\"><strong>Permis suspendat, dar la volan<\/strong><\/h3>\n\n\n\n<p>\u00cen noaptea de 6 aprilie a.c., ora 00:30, o patrul\u0103 din cadrul Biroului Rutier Roman a depistat \u00een trafic, pe strada Cuza Vod\u0103, din Roman, un t\u00e2n\u0103r \u00een v\u00e2rst\u0103 de 22 de ani, \u00een timp ce conducea un autoturism, av\u00e2nd dreptul de a conduce autovehicule pe drumurile publice suspendat.<\/p>\n\n\n\n<h3 class=\"wp-block-heading\"><strong>Dosar penal<\/strong><\/h3>\n\n\n\n<p>\u00cen cauz\u0103 a fost \u00eentocmit dosar penal sub aspectul s\u0103v\u00e2r\u0219irii infrac\u021biunii de conducerea unui vehicul f\u0103r\u0103 permis de conducere.<\/p>\n\n\n\n<p>Sursa:monitorulneamt<\/p>\n","protected":false},"excerpt":{"rendered":"<p>Dou\u0103 abateri grave \u00een trafic: alcool la volan \u0219i permis suspendat, depistate de poli\u021bi\u0219ti, \u00een dou\u0103 interven\u021bii separate \u00een jude\u021bul<\/p>\n","protected":false},"author":1,"featured_media":108046,"comment_status":"open","ping_status":"closed","sticky":false,"template":"","format":"standard","meta":{"spay_email":"","footnotes":"","jetpack_publicize_message":""},"categories":[6],"tags":[],"class_list":["post-135549","post","type-post","status-publish","format-standard","has-post-thumbnail","hentry","category-social"],"jetpack_featured_media_url":"https:\/\/i0.wp.com\/realitatearutiera.ro\/wp-content\/uploads\/2024\/02\/masini-politie-politia-2-3ldz.jpg?fit=1224%2C816&ssl=1","jetpack_publicize_connections":[],"jetpack_sharing_enabled":true,"jetpack_shortlink":"https:\/\/wp.me\/p61naM-zgh","jetpack-related-posts":[],"_links":{"self":[{"href":"https:\/\/realitatearutiera.ro\/index.php?rest_route=\/wp\/v2\/posts\/135549","targetHints":{"allow":["GET"]}}],"collection":[{"href":"https:\/\/realitatearutiera.ro\/index.php?rest_route=\/wp\/v2\/posts"}],"about":[{"href":"https:\/\/realitatearutiera.ro\/index.php?rest_route=\/wp\/v2\/types\/post"}],"author":[{"embeddable":true,"href":"https:\/\/realitatearutiera.ro\/index.php?rest_route=\/wp\/v2\/users\/1"}],"replies":[{"embeddable":true,"href":"https:\/\/realitatearutiera.ro\/index.php?rest_route=%2Fwp%2Fv2%2Fcomments&post=135549"}],"version-history":[{"count":1,"href":"https:\/\/realitatearutiera.ro\/index.php?rest_route=\/wp\/v2\/posts\/135549\/revisions"}],"predecessor-version":[{"id":135550,"href":"https:\/\/realitatearutiera.ro\/index.php?rest_route=\/wp\/v2\/posts\/135549\/revisions\/135550"}],"wp:featuredmedia":[{"embeddable":true,"href":"https:\/\/realitatearutiera.ro\/index.php?rest_route=\/wp\/v2\/media\/108046"}],"wp:attachment":[{"href":"https:\/\/realitatearutiera.ro\/index.php?rest_route=%2Fwp%2Fv2%2Fmedia&parent=135549"}],"wp:term":[{"taxonomy":"category","embeddable":true,"href":"https:\/\/realitatearutiera.ro\/index.php?rest_route=%2Fwp%2Fv2%2Fcategories&post=135549"},{"taxonomy":"post_tag","embeddable":true,"href":"https:\/\/realitatearutiera.ro\/index.php?rest_route=%2Fwp%2Fv2%2Ftags&post=135549"}],"curies":[{"name":"wp","href":"https:\/\/api.w.org\/{rel}","templated":true}]}}