{"id":13567,"date":"2016-09-29T09:15:53","date_gmt":"2016-09-29T06:15:53","guid":{"rendered":"http:\/\/realitatearutiera.ro\/?p=13567"},"modified":"2016-09-29T08:45:48","modified_gmt":"2016-09-29T05:45:48","slug":"zi-de-sarbatoare-la-prislop-se-implinesc-106-ani-de-la-nasterea-lui-arsenie-boca","status":"publish","type":"post","link":"https:\/\/realitatearutiera.ro\/?p=13567","title":{"rendered":"Zi de s\u0103rb\u0103toare la Prislop: Se \u00eemplinesc 106 ani de la na\u015fterea lui Arsenie Boca"},"content":{"rendered":"<p>&nbsp;<\/p>\n<p><img loading=\"lazy\" decoding=\"async\" class=\"\" src=\"https:\/\/i1.wp.com\/www.roturism-info.ro\/foto\/atractii_turistice\/manastiri_biserci_poze\/manastiri_poze\/Manastirea_Prislop\/roturism_galerie_manastirea-prislop_foto1.jpg?resize=225%2C127\" alt=\"Imagini pentru manastirea prislop poze\" width=\"225\" height=\"127\" data-recalc-dims=\"1\" \/><\/p>\n<p>Arsenie Boca, una dintre marile personalit\u0103\u0163i ale Rom\u00e2niei ultimului secol, este celebrat \u00een 29 septembrie, la \u00eemplinirea a 106 ani de la na\u015fterea sa.<\/p>\n<p>\u00cen 29 septembrie se \u00eemplinesc 106 ani de la na\u015fterea duhovnicului Arsenie Boca, devenit \u00een ultimii ani una dintre cele mai cunoscute personalit\u0103\u0163i din istoria Bisericii Ortodoxe Rom\u00e2ne.<\/p>\n<p>Arsenie Boca (29 septembrie 1910 \u2013 28 noiembrie 1989) a fost p\u0103rinte ieromonah, teolog \u015fi pictor de biserici, stare\u0163 la M\u0103n\u0103stirea Br\u00e2ncoveanu din S\u00e2mb\u0103ta de Sus \u015fi apoi la M\u0103n\u0103stirea Prislop. \u00cen anii 1940 \u015fi 1950 a fost de mai multe ori arestat \u015fi de\u0163inut \u00een \u00eenchisori, iar pentru circa un an a fost trimis \u00eentr-un lag\u0103r de munc\u0103, la Canalul Dun\u0103re &#8211; Marea Neagr\u0103. Despre perioada deten\u0163iei sale, c\u0103lug\u0103rul nu a vorbit.<\/p>\n<p><strong>T\u0103cerea i-a fost uneori impus\u0103 p\u0103rintelui Arsenie<\/strong>, iar alteori \u015fi-a impus-o singur. De\u015fi nu i s-a mai \u00eeng\u0103duit s\u0103 liturghiseasc\u0103 \u015fi s\u0103 predice, p\u0103rintele propov\u0103duia t\u0103c\u00e2nd \u015fi pict\u00e2nd, \u201eCeea ce e\u015fti vorbe\u015fte mai tare dec\u00e2t ceea ce spui\u201d, scria p\u0103rintele la sf\u00e2r\u015fitul bibliei sale, potrivit unei relat\u0103ri a episcopului Daniil al Daciei Felix, \u00een cartea sa \u201eP\u0103rintele Arsenie Boca \u00een g\u00e2nduri \u015fi cuvinte\u201d (2015). Dup\u0103 1959, c\u00e2nd a fost alungat de la M\u0103n\u0103stirea Prislop, \u015fi p\u00e2n\u0103 la moartea sa din 1989, nu a mai fost l\u0103sat s\u0103 \u00eembrace straiele monahale. A fost angajat ca pictor de biserici, p\u00e2n\u0103 dup\u0103 ie\u015firea la pensie, iar p\u00e2n\u0103 \u00een ultimele luni de via\u0163\u0103 a r\u0103mas supravegheat de Securitatea comunist\u0103. Morm\u00e2ntul s\u0103u de la M\u0103n\u0103stirea Prislop a devenit \u00een ultimii ani locul unor pelerinaje impresionante.<\/p>\n<p><strong> Copil\u0103ria \u00een \u0162ara Zarandului<\/strong> Arsenie Boca s-a n\u0103scut \u00een 1910, \u00een satul Va\u0163a de Sus, aflat la circa 20 de kilometri de municipiul Brad, locul unde a studiat p\u00e2n\u0103 la absolvirea liceului.<\/p>\n<p><img loading=\"lazy\" decoding=\"async\" class=\"\" src=\"https:\/\/i2.wp.com\/www.fanatik.ro\/wp-content\/uploads\/2015\/05\/18\/Casa.jpg?resize=244%2C153\" alt=\"Imagini pentru imagini satul vata de sus\" width=\"244\" height=\"153\" data-recalc-dims=\"1\" \/><\/p>\n<p>\u201e\u00cen cursul liceului mi-au pl\u0103cut foarte mult: matematicile, fizica, religia, desenul \u015fi muzica. Termin\u00e2nd liceul \u015fi lu\u00e2nd bacalaureatul la prima prezentare, \u00eenclinam spre \u015ftiin\u0163ele pozitive, dar dac\u0103 aveam avere sau garantau tutorii pentru mine intram la avia\u0163ie la Cotroceni \u2013 ceea ce n-a fost, \u00eempiedic\u00e2ndu-m\u0103 s\u0103r\u0103cia. Drept aceea a biruit \u00eenclina\u0163ia contemplativ\u0103, sau speculativ\u0103 \u015fi \u00een 1929 m-am \u00eenscris la Academia Teologic\u0103 din Sibiu\u201d, scria Arsenie Boca, \u00een declara\u0163ia dat\u0103 \u00een 17 iulie 1945, anchetatorilor, la R\u00e2mnicu V\u00e2lcea.<\/p>\n<p>C\u0103lug\u0103r la Muntele Athos Absolvent de Teologie \u015fi al Institutului de Arte Frumoase din Bucure\u015fti, Arsenie Boca a fost trimis de mitropolitul Nicolae B\u0103lan, \u00een anul 1939, pentru trei luni, \u00eentr-o ob\u015fte monahal\u0103 de la Muntele Athos. \u201eM-am dus \u00een camera mea \u015fi m-am \u00eentins pe patul tare, athonit, pe burt\u0103, ca ciobanii, c\u0103ci \u015fi oasele m\u0103 dureau \u015fi mu\u015fchii de efortul zilei. Sufletul \u00eens\u0103 \u00eemi era luminat \u015fi fericit. Ast\u0103zi pe Sf\u00e2ntul Munte al Athosului am tr\u0103it prima minune, am \u00eent\u00e2lnit un sf\u00e2nt. O par\u0103 de foc. Mi-am zis \u00een g\u00e2nd \u201cTat\u0103l nostru\u201d \u015fi mi-am \u00eensemnat patul, f\u0103c\u00e2nd cu m\u00e2na dreapt\u0103 semnul sfintei cruci. Apoi m-am cufundat \u00eentr-un somn ad\u00e2nc\u201d, scria p\u0103rintele Arsenie Boca, \u00eentr-un manuscris \u00een care a relatat \u00eent\u00e2lnirea stranie cu un personaj misterios de pe muntele Athos.<\/p>\n<p>Anii prigoanei comuniste Arsenie Boca a devenit stare\u0163 al m\u0103n\u0103stirii S\u00e2mb\u0103ta de Sus, la \u00eenceputul anilor 1940, \u201eVreau s\u0103 m\u0103 des\u0103v\u00e2r\u015fesc \u00eentru r\u0103bdare, a m\u0103rturisit p\u0103rintele Arsenie c\u00e2ndva. At\u00e2ta putere duhovniceasc\u0103 \u015fi credin\u0163\u0103 a avut \u00eenc\u00e2t, conform unei m\u0103rturii, \u00een timpul unei Liturghii la M\u0103n\u0103stirea S\u00e2mb\u0103ta, prin anul 1940, dup\u0103 o perioad\u0103 \u00een care nu a vorbit nimic c\u00e2teva luni, atunci c\u00e2nd a rostit rug\u0103ciunea sf\u00e2ntului Ioan Gur\u0103 de Aur, \u201eCred, Doamne, \u015fi m\u0103rturisesc c\u0103 tu e\u015fti fiul lui Dumnezeu\u201d, ferestrele bisericu\u0163ei \u00een care sluje s-au cutremurat\u201d , scria fostul s\u0103u apropiat, episcopul Daniil al Daciei Felix, \u00een cartea sa \u201eP\u0103rintele Arsenie Boca \u00een g\u00e2nduri \u015fi cuvinte\u201d (2015).<\/p>\n<p><img loading=\"lazy\" decoding=\"async\" class=\"\" src=\"https:\/\/i1.wp.com\/www.crestinortodox.ro\/files\/image\/biserici%20din%20romania\/chilia%20-%20arsenie%20boca\/chilia-arsenie-boca-(6).jpg?resize=258%2C181\" alt=\"Imagini pentru imagini manastirea sambata de sus\" width=\"258\" height=\"181\" data-recalc-dims=\"1\" \/>\u00a0 \u00a0 \u00a0 Chilia P\u0103rintelui Arsenie Boca de la S\u00e2mbata de Sus<\/p>\n<p>Arsenie Boca a fost arestat pentru prima dat\u0103 \u00een R\u00e2mnicu V\u00e2lcea, \u00een 17 iulie 1945, ca opozant al regimului. A fost arestat din nou \u00een 1948, iar dup\u0103 ce a petrecut atunci o lun\u0103 \u015fi jum\u0103tate \u00een deten\u0163ie, a fost trimis la M\u0103n\u0103stirea Prislop. \u015eirul anchetelor \u015fi perioadelor de deten\u0163ie la care a fost supus a continuat \u00een anii 1950 \u015fi s-a \u00eencheiat \u00een anul 1959, c\u00e2nd preotul a fost \u00eendep\u0103rtat din M\u0103n\u0103stirea Prislop \u015fi nu i s-a mai permis s\u0103 slujeasc\u0103. Securitatea a continuat s\u0103 \u00eel \u0163in\u0103 sub supraveghere, p\u00e2n\u0103 la finalul vie\u0163ii sale.<\/p>\n<p>\u201ePentru v\u00e2rful cu dor\u201d, a\u015fa scria p\u0103rintele Arsenie pe un petec de h\u00e2rtie de calc, dedesubtul unui desen de creion, reprezent\u00e2nd o pas\u0103re alb\u0103 \u00een zbor. Pentru mine, aceast\u0103 imagine este o icoan\u0103 a duhului sfin\u0163iei sale. P\u0103rintele \u00eensu\u015fi a spus: \u201eEu sunt precum pas\u0103rea care \u00eemi c\u00e2nt c\u00e2ntul \u015fi m\u0103 duc\u201d, afirma episcopul Daniil al Daciei Felix, \u00een cartea sa \u201eP\u0103rintele Arsenie Boca \u00een g\u00e2nduri \u015fi cuvinte\u201d (2015).<\/p>\n<p>Arsenie Boca a murit la 28 noiembrie 1989, av\u00e2nd v\u00e2rsta de 79 de ani, iar potrivit dorin\u0163ei sale a fost \u00eenmorm\u00e2ntat, la m\u0103n\u0103stirea Prislop, \u00een 4 decembrie 1989. Morm\u00e2ntul lui a devenit unul dintre cele mai aglomerate locuri de pelerinaj din Rom\u00e2nia.<\/p>\n<p><strong>\u00a0Secretul lui Arsenie Boca<\/strong>: femeia care a stat 40 de ani l\u00e2ng\u0103 el. Cutremur\u0103toarea poveste a Zamfirei, t\u00e2n\u0103ra pe care duhovnicul nu a l\u0103sat-o s\u0103 se omoare Ucenica lui Arsenie Boca, maica Zamfira \u00ee\u015fi are locul de veci la M\u0103n\u0103stirea Prislop, din \u00a0zilele \u00een care a ajuns la m\u0103n\u0103stire \u015fi p\u00e2n\u0103 la moartea duhovnicului. Povestea ei de via\u0163\u0103 este cutremur\u0103toare. Potrivit unor m\u0103rturii, a fost salvat\u0103 de la moarte de p\u0103rintele Arsenie Boca \u015fi, la r\u00e2ndul ei, a fost ucenica \u015fi \u201c\u00eengerul p\u0103zitor\u201d al acestuia.\u00a0I-a fost al\u0103turi timp de peste 40 de ani, din primele zile \u00een care a ajuns la m\u0103n\u0103stire \u015fi p\u00e2n\u0103 la moartea duhovnicului.<\/p>\n<p><img loading=\"lazy\" decoding=\"async\" class=\"\" src=\"https:\/\/anomismia.files.wordpress.com\/2015\/03\/dsc05950.jpg?resize=149%2C199\" alt=\"Imagini pentru mormantul maicii zamfira\" width=\"149\" height=\"199\" data-recalc-dims=\"1\" \/><\/p>\n<p><strong>Fotografii unice de la \u00eenmorm\u00e2ntarea p\u0103rintelui Arsenie Boca<\/strong> au fost publicate \u00een premier\u0103 dup\u0103 25 de ani Dou\u0103 fotografii rare care \u00eenf\u0103\u0163i\u015feaz\u0103 \u00eenmorm\u00e2ntarea p\u0103rintelui Arsenie Boca la M\u0103n\u0103stirea Prislop (Hunedoara) au fost publicate \u00een premier\u0103, la 25 de ani de moartea duhovnicului.<\/p>\n<p><img loading=\"lazy\" decoding=\"async\" class=\"\" src=\"https:\/\/i0.wp.com\/www.cuvantul-ortodox.ro\/recomandari\/wp-content\/uploads\/2011\/07\/13112542550216167257.jpg?resize=180%2C119\" alt=\"Imagini pentru imagini de la inmormantarea lui arsenie boca\" width=\"180\" height=\"119\" data-recalc-dims=\"1\" \/>\u00a0 \u00a0 \u00a0 \u00a0 \u00a0 \u00a0\u00a0<img loading=\"lazy\" decoding=\"async\" class=\"\" src=\"https:\/\/alexandruvalentincraciun.files.wordpress.com\/2011\/03\/10.jpg?resize=183%2C122\" alt=\"Imagini pentru imagini de la inmormantarea lui arsenie boca\" width=\"183\" height=\"122\" data-recalc-dims=\"1\" \/><\/p>\n<p><strong>Zece \u00eenv\u0103\u0163\u0103turi ale p\u0103rintelui Arsenie Boca despre ispit\u0103:<\/strong><\/p>\n<p>&#8220;Avem s\u0103m\u00e2n\u0163a ei \u00een noi din cauza poftei trupe\u015fti \u00een care am fost z\u0103misli\u0163i&#8221; Au trecut mai bine de 25 de ani de la moartea p\u0103rintelui Arsenie Boca, iar \u00eentre timp duhovnicul a devenit un adev\u0103rat fenomen al ortodoxiei. Pelerinaje impresionante au loc \u00een fiecare sf\u00e2r\u015fit de s\u0103pt\u0103m\u00e2n\u0103 la m\u0103n\u0103stirea Prislop, unde se afl\u0103 locul s\u0103u de veci, iar \u00eenv\u0103\u0163\u0103turile sale au ajuns la fel cunoscute ca personalitatea sa. Unele dintre ele au menirea s\u0103 \u00eei ajute pe oameni s\u0103 nu cad\u0103 prad\u0103 ispitelor.<\/p>\n<p><strong>Zece profe\u0163ii ale p\u0103rintelui Arsenie Boca<\/strong>: moartea Ceau\u015fe\u015ftilor, v\u0103rsarea de s\u00e2nge de la Revolu\u0163ie, cutremure \u015fi n\u0103paste Arsenie Boca, duhovnicul intrat \u00een r\u00e2ndul marilor personalit\u0103\u0163i ale ortodoxiei rom\u00e2ne\u015fti, ar fi prevestit c\u0103 pre\u015fedintele comunist Nicolae Ceau\u015fescu va muri \u00een ziua de Cr\u0103ciun a anului 1989.Profe\u0163iile p\u0103rintelui sunt sus\u0163inute de fo\u015ftii s\u0103i apropia\u0163i \u015fi de cei care l-au cunoscut, iar li se adaug\u0103 alte prorociri despre sf\u00e2r\u015fitul comunismului, r\u0103zboaie \u015fi viitorul Rom\u00e2niei. P\u0103rintele Arsenie Boca \u015fi cele zece mari \u00eenv\u0103\u0163\u0103turi despre taina rug\u0103ciunii.<\/p>\n<p>Care era cea mai cunoscut\u0103 <strong>rug\u0103ciune pe care o rostea diminea\u0163a <\/strong><\/p>\n<p>Sf\u00e2ntul Ardealului P\u0103rintele Arsenie Boca a l\u0103sat posterit\u0103\u0163ii o mo\u015ftenire spiritual\u0103 impresionant\u0103, iar vorbele sale despre credin\u0163\u0103, rug\u0103ciune \u015fi milostenie sunt pre\u0163uite de milioane de rom\u00e2ni, dovad\u0103 fiind mul\u0163imile de pelerini care vin s\u0103 s\u0103 se roage la morm\u00e2ntul s\u0103u de la M\u0103n\u0103stirea Prislop.<\/p>\n<p><img loading=\"lazy\" decoding=\"async\" class=\"\" src=\"https:\/\/encrypted-tbn0.gstatic.com\/images?q=tbn:ANd9GcQ6bAFLsP9QSkT-tDMqnZS4g5-G5YqRFGYpz9lGkGWgUcoHWpUzTw\" alt=\"Imagini pentru mormantul lui arsenie boca harta\" width=\"183\" height=\"150\" \/><\/p>\n<p>Cea mai cunoscut\u0103 rug\u0103ciune a p\u0103rintelui este cea pe care acesta obi\u015fnuia s\u0103 o rosteasc\u0103 diminea\u0163a.<br \/>\n<em>&#8220;Doamne Iisuse Hristoase, ajut\u0103-m\u0103 ca ast\u0103zi, toat\u0103 ziua, s\u0103 m\u0103 lep\u0103d de mine \u00eensumi, c\u0103 cine \u015ftie din ce nimicuri mare vrajb\u0103 am s\u0103 fac \u015fi astfel, \u0163in\u00e2nd la mine, s\u0103 Te pierd pe Tine.<\/em><\/p>\n<p><em>Doamne Iisuse Hristoase, ajut\u0103-mi ca rug\u0103ciunea Preasf\u00e2ntului T\u0103u nume s\u0103-mi lucreze \u00een minte mai mult dec\u00e2t fulgerul pe cer, c\u0103 nici umbra g\u00e2ndurilor rele s\u0103 nu m\u0103 \u00eentunece, c\u0103ci iat\u0103 p\u0103c\u0103tuiesc \u00een tot ceasul.<\/em><\/p>\n<p><em>Doamne, Cela ce vii \u00een tain\u0103 \u00eentre oameni, ai mil\u0103 de noi, c\u0103 umbl\u0103m \u00eempiedic\u00e2ndu-ne prin \u00eentuneric. Patimile au pus tin\u0103 pe ochii min\u0163ii, uitarea s-a \u00eent\u0103rit \u00een noi ca un zid, \u00eempietrind \u00een noi inimile noastre \u015fi toate \u00eempreun\u0103 au f\u0103cut temni\u0163\u0103 \u00een care Te \u0163inem bolnav, fl\u0103m\u00e2nd \u015fi f\u0103r\u0103 hain\u0103, a\u015fa risipind \u00een de\u015fert zilele noastre, umbri\u0163i \u015fi dos\u0103di\u0163i p\u00e2n\u0103 la p\u0103m\u00e2nt.<\/em><\/p>\n<p><em>Doamne, Cel ce vii \u00eentre oameni \u00een tain\u0103, ai mila de noi \u015fi pune foc temni\u0163ei, aprinde dragostea \u00een inimile noastre, arde spinii patimilor noastre \u015fi f\u0103 lumin\u0103 sufletelor noastre.<\/em><\/p>\n<p><em>Doamne, Cela ce vii \u00een tain\u0103 \u00eentre oameni, ai mil\u0103 de noi, vino \u015fi Te s\u0103l\u0103\u015fluie\u015fte \u00eentru noi, \u00eempreun\u0103 cu Tat\u0103l \u015fi cu Duhul T\u0103u cel Sf\u00e2nt. C\u0103ci Duhul Sf\u00e2nt se roag\u0103 pentru noi cu suspine negr\u0103ite, c\u00e2nd graiul \u015fi mintea r\u0103m\u00e2n neputincioase.<\/em><\/p>\n<p><em>Doamne, Cel ce vii \u00een tain\u0103, ai mila de noi, c\u0103ci nu ne d\u0103m seama c\u00e2t suntem de nedes\u0103v\u00e2r\u015fi\u0163i \u015fi c\u00e2t e\u015fti de aproape de sufletele noastre \u015fi c\u00e2t ne dep\u0103rt\u0103m noi prin p\u0103catele noastre. Ci lumineaz\u0103 lumina Ta peste noi, ca s\u0103 vedem lumin\u0103 prin ochii T\u0103i, s\u0103 tr\u0103im \u00een veci prin via\u0163a Ta. Lumina \u015fi Bucuria noastr\u0103, slav\u0103 \u0162ie! Amin&#8221;<\/em>.<\/p>\n<p>Sursa:realitatea.net<\/p>\n<p>&nbsp;<\/p>\n<p>&nbsp;<\/p>\n","protected":false},"excerpt":{"rendered":"<p>&nbsp; Arsenie Boca, una dintre marile personalit\u0103\u0163i ale Rom\u00e2niei ultimului secol, este celebrat \u00een 29 septembrie, la \u00eemplinirea a 106<\/p>\n","protected":false},"author":1,"featured_media":13517,"comment_status":"closed","ping_status":"closed","sticky":false,"template":"","format":"standard","meta":{"spay_email":"","footnotes":"","jetpack_publicize_message":""},"categories":[6],"tags":[],"class_list":["post-13567","post","type-post","status-publish","format-standard","has-post-thumbnail","hentry","category-social"],"jetpack_featured_media_url":"https:\/\/i2.wp.com\/realitatearutiera.ro\/wp-content\/uploads\/2016\/09\/rugaciune_tristete_04756600.jpg?fit=%2C&ssl=1","jetpack_publicize_connections":[],"jetpack_sharing_enabled":true,"jetpack_shortlink":"https:\/\/wp.me\/p61naM-3wP","jetpack-related-posts":[],"_links":{"self":[{"href":"https:\/\/realitatearutiera.ro\/index.php?rest_route=\/wp\/v2\/posts\/13567","targetHints":{"allow":["GET"]}}],"collection":[{"href":"https:\/\/realitatearutiera.ro\/index.php?rest_route=\/wp\/v2\/posts"}],"about":[{"href":"https:\/\/realitatearutiera.ro\/index.php?rest_route=\/wp\/v2\/types\/post"}],"author":[{"embeddable":true,"href":"https:\/\/realitatearutiera.ro\/index.php?rest_route=\/wp\/v2\/users\/1"}],"replies":[{"embeddable":true,"href":"https:\/\/realitatearutiera.ro\/index.php?rest_route=%2Fwp%2Fv2%2Fcomments&post=13567"}],"version-history":[{"count":1,"href":"https:\/\/realitatearutiera.ro\/index.php?rest_route=\/wp\/v2\/posts\/13567\/revisions"}],"predecessor-version":[{"id":13579,"href":"https:\/\/realitatearutiera.ro\/index.php?rest_route=\/wp\/v2\/posts\/13567\/revisions\/13579"}],"wp:featuredmedia":[{"embeddable":true,"href":"https:\/\/realitatearutiera.ro\/index.php?rest_route=\/wp\/v2\/media\/13517"}],"wp:attachment":[{"href":"https:\/\/realitatearutiera.ro\/index.php?rest_route=%2Fwp%2Fv2%2Fmedia&parent=13567"}],"wp:term":[{"taxonomy":"category","embeddable":true,"href":"https:\/\/realitatearutiera.ro\/index.php?rest_route=%2Fwp%2Fv2%2Fcategories&post=13567"},{"taxonomy":"post_tag","embeddable":true,"href":"https:\/\/realitatearutiera.ro\/index.php?rest_route=%2Fwp%2Fv2%2Ftags&post=13567"}],"curies":[{"name":"wp","href":"https:\/\/api.w.org\/{rel}","templated":true}]}}