{"id":135679,"date":"2026-04-16T09:11:18","date_gmt":"2026-04-16T06:11:18","guid":{"rendered":"https:\/\/realitatearutiera.ro\/?p=135679"},"modified":"2026-04-16T09:11:20","modified_gmt":"2026-04-16T06:11:20","slug":"barbat-de-92-ani-mort-intr-un-accident-in-buzau","status":"publish","type":"post","link":"https:\/\/realitatearutiera.ro\/?p=135679","title":{"rendered":"B\u0103rbat de 92 ani, mort \u00eentr-un accident \u00een Buz\u0103u"},"content":{"rendered":"\n<figure class=\"wp-block-image size-large is-resized\"><img loading=\"lazy\" decoding=\"async\" width=\"800\" height=\"450\" data-attachment-id=\"135680\" data-permalink=\"https:\/\/realitatearutiera.ro\/?attachment_id=135680\" data-orig-file=\"https:\/\/i0.wp.com\/realitatearutiera.ro\/wp-content\/uploads\/2026\/04\/image-68.png?fit=1280%2C720&amp;ssl=1\" data-orig-size=\"1280,720\" data-comments-opened=\"1\" data-image-meta=\"{&quot;aperture&quot;:&quot;0&quot;,&quot;credit&quot;:&quot;&quot;,&quot;camera&quot;:&quot;&quot;,&quot;caption&quot;:&quot;&quot;,&quot;created_timestamp&quot;:&quot;0&quot;,&quot;copyright&quot;:&quot;&quot;,&quot;focal_length&quot;:&quot;0&quot;,&quot;iso&quot;:&quot;0&quot;,&quot;shutter_speed&quot;:&quot;0&quot;,&quot;title&quot;:&quot;&quot;,&quot;orientation&quot;:&quot;0&quot;}\" data-image-title=\"image\" data-image-description=\"\" data-medium-file=\"https:\/\/i0.wp.com\/realitatearutiera.ro\/wp-content\/uploads\/2026\/04\/image-68.png?fit=300%2C169&amp;ssl=1\" data-large-file=\"https:\/\/i0.wp.com\/realitatearutiera.ro\/wp-content\/uploads\/2026\/04\/image-68.png?fit=800%2C450&amp;ssl=1\" src=\"https:\/\/i0.wp.com\/realitatearutiera.ro\/wp-content\/uploads\/2026\/04\/image-68-1024x576.png?resize=800%2C450&#038;ssl=1\" alt=\"\" class=\"wp-image-135680\" style=\"width:566px;height:auto\" srcset=\"https:\/\/i0.wp.com\/realitatearutiera.ro\/wp-content\/uploads\/2026\/04\/image-68.png?resize=1024%2C576&amp;ssl=1 1024w, https:\/\/i0.wp.com\/realitatearutiera.ro\/wp-content\/uploads\/2026\/04\/image-68.png?resize=300%2C169&amp;ssl=1 300w, https:\/\/i0.wp.com\/realitatearutiera.ro\/wp-content\/uploads\/2026\/04\/image-68.png?resize=768%2C432&amp;ssl=1 768w, https:\/\/i0.wp.com\/realitatearutiera.ro\/wp-content\/uploads\/2026\/04\/image-68.png?w=1280&amp;ssl=1 1280w\" sizes=\"auto, (max-width: 800px) 100vw, 800px\" data-recalc-dims=\"1\" \/><\/figure>\n\n\n\n<p>Un b\u0103rbat de 92 de ani, pasager \u00eentr-o ma\u0219in\u0103, a murit, dup\u0103 ce autoturismul a intrat \u00een plin \u00eentr-o dub\u0103 care ar fi fost oprit\u0103 pe prima band\u0103 a Autostr\u0103zii Moldovei. Impactul a fost surprins de camera de bord a unei ma\u0219ini aflate \u00een trafic.&nbsp;<\/p>\n\n\n\n<p>\u00cen imaginile surprinse de&nbsp;<a href=\"https:\/\/stirileprotv.ro\/stiri\/actualitate\/o-femeie-insarcinata-a-murit-intr-un-accident-pe-valea-oltului-dupa-o-coliziune-frontala-violenta-intre-doua-masini.html\">camera de bord a ma\u0219inii<\/a>&nbsp;se vede o dub\u0103 care ar fi sta\u021bionat pe prima band\u0103 a autostr\u0103zii. \u0218oferul ma\u0219inii pare c\u0103 \u00eencearc\u0103 s\u0103 evite impactul, vireaza la st\u00e2nga, dar pentru era deja foarte aproape de dub\u0103, o acro\u0219eaz\u0103 cu partea dreapt\u0103 a ma\u0219inii.<\/p>\n\n\n\n<p><a href=\"https:\/\/stirileprotv.ro\/stiri\/actualitate\/noi-imagini-in-cazul-accidentului-din-padurea-snagov-surprind-momentele-de-dupa-impact-in-care-doi-tineri-au-murit.html\">Impactul<\/a>&nbsp;a fost at\u00e2t de puternic, \u00eenc\u00e2t ma\u0219ina a fost aruncat\u0103 c\u00e2\u021biva metri, apoi s-a r\u0103sturnat. Un b\u0103tr\u00e2n de 92 de ani care se afla pe scaunul din dreapta a murit pe loc. \u0218oferul a avut nevoie de \u00eengrijiri medicale. La fel \u0219i conduc\u0103torul auto al dubei.<\/p>\n\n\n\n<p><a href=\"https:\/\/stirileprotv.ro\/stiri\/actualitate\/catel-salvat-cu-eforturi-impresionante-de-medicii-smurd-dupa-ce-stapanul-sau-a-murit-intr-o-masina-lovita-de-tren-in-timis.html\">Traficul<\/a>&nbsp;pe Autostrada A7, \u00eentre Foc\u0219ani \u0219i Buz\u0103u, s-a desf\u0103\u0219urat dirijat, printr-un spa\u021biu de servicii. Poli\u021bi\u0219tii continu\u0103 ancheta accidentului.<\/p>\n\n\n\n<p>Sursa:stirileprotv    Foto:stirileprotv<\/p>\n","protected":false},"excerpt":{"rendered":"<p>Un b\u0103rbat de 92 de ani, pasager \u00eentr-o ma\u0219in\u0103, a murit, dup\u0103 ce autoturismul a intrat \u00een plin \u00eentr-o dub\u0103<\/p>\n","protected":false},"author":1,"featured_media":116078,"comment_status":"open","ping_status":"closed","sticky":false,"template":"","format":"standard","meta":{"spay_email":"","footnotes":"","jetpack_publicize_message":""},"categories":[1],"tags":[],"class_list":["post-135679","post","type-post","status-publish","format-standard","has-post-thumbnail","hentry","category-uncategorized"],"jetpack_featured_media_url":"https:\/\/i1.wp.com\/realitatearutiera.ro\/wp-content\/uploads\/2024\/09\/accident.jpg?fit=630%2C365&ssl=1","jetpack_publicize_connections":[],"jetpack_sharing_enabled":true,"jetpack_shortlink":"https:\/\/wp.me\/p61naM-zin","jetpack-related-posts":[],"_links":{"self":[{"href":"https:\/\/realitatearutiera.ro\/index.php?rest_route=\/wp\/v2\/posts\/135679","targetHints":{"allow":["GET"]}}],"collection":[{"href":"https:\/\/realitatearutiera.ro\/index.php?rest_route=\/wp\/v2\/posts"}],"about":[{"href":"https:\/\/realitatearutiera.ro\/index.php?rest_route=\/wp\/v2\/types\/post"}],"author":[{"embeddable":true,"href":"https:\/\/realitatearutiera.ro\/index.php?rest_route=\/wp\/v2\/users\/1"}],"replies":[{"embeddable":true,"href":"https:\/\/realitatearutiera.ro\/index.php?rest_route=%2Fwp%2Fv2%2Fcomments&post=135679"}],"version-history":[{"count":1,"href":"https:\/\/realitatearutiera.ro\/index.php?rest_route=\/wp\/v2\/posts\/135679\/revisions"}],"predecessor-version":[{"id":135681,"href":"https:\/\/realitatearutiera.ro\/index.php?rest_route=\/wp\/v2\/posts\/135679\/revisions\/135681"}],"wp:featuredmedia":[{"embeddable":true,"href":"https:\/\/realitatearutiera.ro\/index.php?rest_route=\/wp\/v2\/media\/116078"}],"wp:attachment":[{"href":"https:\/\/realitatearutiera.ro\/index.php?rest_route=%2Fwp%2Fv2%2Fmedia&parent=135679"}],"wp:term":[{"taxonomy":"category","embeddable":true,"href":"https:\/\/realitatearutiera.ro\/index.php?rest_route=%2Fwp%2Fv2%2Fcategories&post=135679"},{"taxonomy":"post_tag","embeddable":true,"href":"https:\/\/realitatearutiera.ro\/index.php?rest_route=%2Fwp%2Fv2%2Ftags&post=135679"}],"curies":[{"name":"wp","href":"https:\/\/api.w.org\/{rel}","templated":true}]}}