{"id":136047,"date":"2026-04-27T09:35:47","date_gmt":"2026-04-27T06:35:47","guid":{"rendered":"https:\/\/realitatearutiera.ro\/?p=136047"},"modified":"2026-04-27T09:35:49","modified_gmt":"2026-04-27T06:35:49","slug":"barbat-in-stare-grava-dupa-un-accident-cu-triciclul-in-vaida-camaras","status":"publish","type":"post","link":"https:\/\/realitatearutiera.ro\/?p=136047","title":{"rendered":"B\u0103rbat \u00een stare grav\u0103 dup\u0103 un accident cu triciclul, \u00een Vaida-C\u0103m\u0103ra\u0219"},"content":{"rendered":"\n<figure class=\"wp-block-image size-large is-resized\"><img loading=\"lazy\" decoding=\"async\" width=\"800\" height=\"600\" data-attachment-id=\"136048\" data-permalink=\"https:\/\/realitatearutiera.ro\/?attachment_id=136048\" data-orig-file=\"https:\/\/i1.wp.com\/realitatearutiera.ro\/wp-content\/uploads\/2026\/04\/image-136.png?fit=1600%2C1200&amp;ssl=1\" data-orig-size=\"1600,1200\" data-comments-opened=\"1\" data-image-meta=\"{&quot;aperture&quot;:&quot;0&quot;,&quot;credit&quot;:&quot;&quot;,&quot;camera&quot;:&quot;&quot;,&quot;caption&quot;:&quot;&quot;,&quot;created_timestamp&quot;:&quot;0&quot;,&quot;copyright&quot;:&quot;&quot;,&quot;focal_length&quot;:&quot;0&quot;,&quot;iso&quot;:&quot;0&quot;,&quot;shutter_speed&quot;:&quot;0&quot;,&quot;title&quot;:&quot;&quot;,&quot;orientation&quot;:&quot;0&quot;}\" data-image-title=\"image\" data-image-description=\"\" data-medium-file=\"https:\/\/i1.wp.com\/realitatearutiera.ro\/wp-content\/uploads\/2026\/04\/image-136.png?fit=300%2C225&amp;ssl=1\" data-large-file=\"https:\/\/i1.wp.com\/realitatearutiera.ro\/wp-content\/uploads\/2026\/04\/image-136.png?fit=800%2C600&amp;ssl=1\" src=\"https:\/\/i2.wp.com\/realitatearutiera.ro\/wp-content\/uploads\/2026\/04\/image-136-1024x768.png?resize=800%2C600&#038;ssl=1\" alt=\"\" class=\"wp-image-136048\" style=\"width:606px;height:auto\" srcset=\"https:\/\/i1.wp.com\/realitatearutiera.ro\/wp-content\/uploads\/2026\/04\/image-136.png?resize=1024%2C768&amp;ssl=1 1024w, https:\/\/i1.wp.com\/realitatearutiera.ro\/wp-content\/uploads\/2026\/04\/image-136.png?resize=300%2C225&amp;ssl=1 300w, https:\/\/i1.wp.com\/realitatearutiera.ro\/wp-content\/uploads\/2026\/04\/image-136.png?resize=768%2C576&amp;ssl=1 768w, https:\/\/i1.wp.com\/realitatearutiera.ro\/wp-content\/uploads\/2026\/04\/image-136.png?resize=1536%2C1152&amp;ssl=1 1536w, https:\/\/i1.wp.com\/realitatearutiera.ro\/wp-content\/uploads\/2026\/04\/image-136.png?w=1600&amp;ssl=1 1600w\" sizes=\"auto, (max-width: 800px) 100vw, 800px\" data-recalc-dims=\"1\" \/><\/figure>\n\n\n\n<p id=\"p-1\"><strong>Un b\u0103rbat a fost r\u0103nit grav \u00een urma unui accident cu un triciclu produs \u00een localitatea Vaida-C\u0103m\u0103ra\u0219.<\/strong><\/p>\n\n\n\n<p id=\"p-3\">La fa\u021ba locului au intervenit pompierii clujeni, iar din cauza st\u0103rii victimei a fost solicitat \u0219i elicopterul SMURD.<\/p>\n\n\n\n<h2 class=\"wp-block-heading\" id=\"chapter-1\"><strong>Victima, transportat\u0103 de urgen\u021b\u0103 la spital<\/strong><\/h2>\n\n\n\n<p id=\"p-4\">Echipajele de interven\u021bie au g\u0103sit b\u0103rbatul \u00een stare grav\u0103 \u0219i i-au acordat imediat \u00eengrijiri medicale. Pentru a asigura transportul rapid la spital, a fost solicitat elicopterul SMURD de la Punctul Aeromedical Jibou.<\/p>\n\n\n\n<p id=\"p-5\">Dup\u0103 stabilizare, victima a fost preluat\u0103 de echipajul aerian \u0219i transportat\u0103 de urgen\u021b\u0103 la o unitate medical\u0103 pentru \u00eengrijiri de specialitate.<\/p>\n\n\n\n<p>Sursa:cluj24<\/p>\n","protected":false},"excerpt":{"rendered":"<p>Un b\u0103rbat a fost r\u0103nit grav \u00een urma unui accident cu un triciclu produs \u00een localitatea Vaida-C\u0103m\u0103ra\u0219. La fa\u021ba locului<\/p>\n","protected":false},"author":1,"featured_media":116078,"comment_status":"open","ping_status":"closed","sticky":false,"template":"","format":"standard","meta":{"spay_email":"","footnotes":"","jetpack_publicize_message":""},"categories":[1],"tags":[],"class_list":["post-136047","post","type-post","status-publish","format-standard","has-post-thumbnail","hentry","category-uncategorized"],"jetpack_featured_media_url":"https:\/\/i1.wp.com\/realitatearutiera.ro\/wp-content\/uploads\/2024\/09\/accident.jpg?fit=630%2C365&ssl=1","jetpack_publicize_connections":[],"jetpack_sharing_enabled":true,"jetpack_shortlink":"https:\/\/wp.me\/p61naM-zoj","jetpack-related-posts":[],"_links":{"self":[{"href":"https:\/\/realitatearutiera.ro\/index.php?rest_route=\/wp\/v2\/posts\/136047","targetHints":{"allow":["GET"]}}],"collection":[{"href":"https:\/\/realitatearutiera.ro\/index.php?rest_route=\/wp\/v2\/posts"}],"about":[{"href":"https:\/\/realitatearutiera.ro\/index.php?rest_route=\/wp\/v2\/types\/post"}],"author":[{"embeddable":true,"href":"https:\/\/realitatearutiera.ro\/index.php?rest_route=\/wp\/v2\/users\/1"}],"replies":[{"embeddable":true,"href":"https:\/\/realitatearutiera.ro\/index.php?rest_route=%2Fwp%2Fv2%2Fcomments&post=136047"}],"version-history":[{"count":1,"href":"https:\/\/realitatearutiera.ro\/index.php?rest_route=\/wp\/v2\/posts\/136047\/revisions"}],"predecessor-version":[{"id":136049,"href":"https:\/\/realitatearutiera.ro\/index.php?rest_route=\/wp\/v2\/posts\/136047\/revisions\/136049"}],"wp:featuredmedia":[{"embeddable":true,"href":"https:\/\/realitatearutiera.ro\/index.php?rest_route=\/wp\/v2\/media\/116078"}],"wp:attachment":[{"href":"https:\/\/realitatearutiera.ro\/index.php?rest_route=%2Fwp%2Fv2%2Fmedia&parent=136047"}],"wp:term":[{"taxonomy":"category","embeddable":true,"href":"https:\/\/realitatearutiera.ro\/index.php?rest_route=%2Fwp%2Fv2%2Fcategories&post=136047"},{"taxonomy":"post_tag","embeddable":true,"href":"https:\/\/realitatearutiera.ro\/index.php?rest_route=%2Fwp%2Fv2%2Ftags&post=136047"}],"curies":[{"name":"wp","href":"https:\/\/api.w.org\/{rel}","templated":true}]}}