{"id":136055,"date":"2026-04-27T09:53:40","date_gmt":"2026-04-27T06:53:40","guid":{"rendered":"https:\/\/realitatearutiera.ro\/?p=136055"},"modified":"2026-04-27T09:53:42","modified_gmt":"2026-04-27T06:53:42","slug":"accident-cu-trei-victime-in-localitatea-bosanci-pe-dj-208a","status":"publish","type":"post","link":"https:\/\/realitatearutiera.ro\/?p=136055","title":{"rendered":"Accident cu trei victime \u00een localitatea Bosanci, pe DJ 208A"},"content":{"rendered":"\n<figure class=\"wp-block-image size-full\"><img loading=\"lazy\" decoding=\"async\" width=\"800\" height=\"497\" data-attachment-id=\"136056\" data-permalink=\"https:\/\/realitatearutiera.ro\/?attachment_id=136056\" data-orig-file=\"https:\/\/i1.wp.com\/realitatearutiera.ro\/wp-content\/uploads\/2026\/04\/image-138.png?fit=960%2C596&amp;ssl=1\" data-orig-size=\"960,596\" data-comments-opened=\"1\" data-image-meta=\"{&quot;aperture&quot;:&quot;0&quot;,&quot;credit&quot;:&quot;&quot;,&quot;camera&quot;:&quot;&quot;,&quot;caption&quot;:&quot;&quot;,&quot;created_timestamp&quot;:&quot;0&quot;,&quot;copyright&quot;:&quot;&quot;,&quot;focal_length&quot;:&quot;0&quot;,&quot;iso&quot;:&quot;0&quot;,&quot;shutter_speed&quot;:&quot;0&quot;,&quot;title&quot;:&quot;&quot;,&quot;orientation&quot;:&quot;0&quot;}\" data-image-title=\"image\" data-image-description=\"\" data-medium-file=\"https:\/\/i1.wp.com\/realitatearutiera.ro\/wp-content\/uploads\/2026\/04\/image-138.png?fit=300%2C186&amp;ssl=1\" data-large-file=\"https:\/\/i1.wp.com\/realitatearutiera.ro\/wp-content\/uploads\/2026\/04\/image-138.png?fit=800%2C497&amp;ssl=1\" src=\"https:\/\/i1.wp.com\/realitatearutiera.ro\/wp-content\/uploads\/2026\/04\/image-138.png?resize=800%2C497&#038;ssl=1\" alt=\"\" class=\"wp-image-136056\" srcset=\"https:\/\/i1.wp.com\/realitatearutiera.ro\/wp-content\/uploads\/2026\/04\/image-138.png?w=960&amp;ssl=1 960w, https:\/\/i1.wp.com\/realitatearutiera.ro\/wp-content\/uploads\/2026\/04\/image-138.png?resize=300%2C186&amp;ssl=1 300w, https:\/\/i1.wp.com\/realitatearutiera.ro\/wp-content\/uploads\/2026\/04\/image-138.png?resize=768%2C477&amp;ssl=1 768w\" sizes=\"auto, (max-width: 800px) 100vw, 800px\" data-recalc-dims=\"1\" \/><\/figure>\n\n\n\n<p>Un b\u0103rbat de 56 de ani, din H\u0103n\u021be\u0219ti, a provocat duminic\u0103 diminea\u021b\u0103 un accident \u00een localitatea Bosanci, pe DJ 208A, dup\u0103 ce nu s-a asigurat corespunz\u0103tor.<\/p>\n\n\n\n<p>B\u0103rbatul conducea un autoturism marca VW Passat, iar la un moment dat a oprit pe marginea drumului. La plecarea de pe loc a efectuat o manevr\u0103 de \u00eentoarcere f\u0103r\u0103 s\u0103 se asigure, moment \u00een care ma\u0219ina a fost lovit\u0103 de un autoturism marca VW Passat, condus de o t\u00e2n\u0103r\u0103 de 23 de ani, din Bosanci, care circula regulamentar.<\/p>\n\n\n\n<p>Din impact a rezultat r\u0103nirea unei femei care era pasager\u0103 pe scaunul din dreapta fa\u021b\u0103 al autoturismului care a provocat accidentul. Este vorba de o femeie de 42 de ani, care a r\u0103mas prins\u0103 \u00eentre fiarele contorsionate ale ma\u0219inii \u0219i care a avut nevoie de ajutorul echipajului de descarcerare pentru a fi scoas\u0103 \u00eenainte de fi predat\u0103 echipelor medicale sosite la fa\u021ba locului.<\/p>\n\n\n\n<p>Dup\u0103 ce a primit \u00eengrijiri, femeia a fost transportat\u0103 la spitalul din Suceava, acolo unde au mai ajuns \u0219i \u0219oferi\u021ba de 23 de ani, dar \u0219i copilul acesteia, de numai un an, care era a\u0219ezat \u00eentr-un dispozitiv omologat pentru transportul copiilor.<\/p>\n\n\n\n<p>Cei doi \u0219oferi au fost testa\u021bi cu aparatul etilotest, care a indicat valoarea zero \u00een ambele situa\u021bii.<\/p>\n\n\n\n<p>La fa\u021ba locului au mers pompierii militari din cadrul Deta\u0219amentului Suceava, cu o autospecial\u0103 pentru descarcerare \u0219i o ambulan\u021b\u0103 SMURD TIM (Terapie Intensiv\u0103 Mobil\u0103), cu sprijinul unui echipaj SAJ.<\/p>\n\n\n\n<figure class=\"wp-block-image\"><img decoding=\"async\" src=\"https:\/\/i2.wp.com\/vol.monitorulsv.ro\/articole\/2026\/04\/26\/d406034b-6d8c-4f44-927d-a42f911d2b11-mrtpw0960h0720.jpg?w=800&#038;ssl=1\" alt=\"A vrut s\u0103 \u00eentoarc\u0103 ma\u0219ina f\u0103r\u0103 a se asigura \u0219i a provocat un accident cu trei victime, printre care \u0219i un copil de doar un an\" data-recalc-dims=\"1\"\/><figcaption class=\"wp-element-caption\">A vrut s\u0103 \u00eentoarc\u0103 ma\u0219ina f\u0103r\u0103 a se asigura \u0219i a provocat un accident cu trei victime, printre care \u0219i un copil de doar un an<\/figcaption><\/figure>\n\n\n\n<figure class=\"wp-block-image\"><img decoding=\"async\" src=\"https:\/\/i2.wp.com\/vol.monitorulsv.ro\/articole\/2026\/04\/26\/c6157f49-0d50-4257-9907-1a68e995b096-jvouw0960h0720.jpg?w=800&#038;ssl=1\" alt=\"A vrut s\u0103 \u00eentoarc\u0103 ma\u0219ina f\u0103r\u0103 a se asigura \u0219i a provocat un accident cu trei victime, printre care \u0219i un copil de doar un an\" data-recalc-dims=\"1\"\/><figcaption class=\"wp-element-caption\">A vrut s\u0103 \u00eentoarc\u0103 ma\u0219ina f\u0103r\u0103 a se asigura \u0219i a provocat un accident cu trei victime, printre care \u0219i un copil de doar un an<\/figcaption><\/figure>\n\n\n\n<p>Sursa: monitorulsv<\/p>\n","protected":false},"excerpt":{"rendered":"<p>Un b\u0103rbat de 56 de ani, din H\u0103n\u021be\u0219ti, a provocat duminic\u0103 diminea\u021b\u0103 un accident \u00een localitatea Bosanci, pe DJ 208A,<\/p>\n","protected":false},"author":1,"featured_media":121916,"comment_status":"open","ping_status":"closed","sticky":false,"template":"","format":"standard","meta":{"spay_email":"","footnotes":"","jetpack_publicize_message":""},"categories":[1],"tags":[],"class_list":["post-136055","post","type-post","status-publish","format-standard","has-post-thumbnail","hentry","category-uncategorized"],"jetpack_featured_media_url":"https:\/\/i2.wp.com\/realitatearutiera.ro\/wp-content\/uploads\/2025\/03\/accident-rutier-cu-victima.jpg?fit=1191%2C568&ssl=1","jetpack_publicize_connections":[],"jetpack_sharing_enabled":true,"jetpack_shortlink":"https:\/\/wp.me\/p61naM-zor","jetpack-related-posts":[],"_links":{"self":[{"href":"https:\/\/realitatearutiera.ro\/index.php?rest_route=\/wp\/v2\/posts\/136055","targetHints":{"allow":["GET"]}}],"collection":[{"href":"https:\/\/realitatearutiera.ro\/index.php?rest_route=\/wp\/v2\/posts"}],"about":[{"href":"https:\/\/realitatearutiera.ro\/index.php?rest_route=\/wp\/v2\/types\/post"}],"author":[{"embeddable":true,"href":"https:\/\/realitatearutiera.ro\/index.php?rest_route=\/wp\/v2\/users\/1"}],"replies":[{"embeddable":true,"href":"https:\/\/realitatearutiera.ro\/index.php?rest_route=%2Fwp%2Fv2%2Fcomments&post=136055"}],"version-history":[{"count":1,"href":"https:\/\/realitatearutiera.ro\/index.php?rest_route=\/wp\/v2\/posts\/136055\/revisions"}],"predecessor-version":[{"id":136057,"href":"https:\/\/realitatearutiera.ro\/index.php?rest_route=\/wp\/v2\/posts\/136055\/revisions\/136057"}],"wp:featuredmedia":[{"embeddable":true,"href":"https:\/\/realitatearutiera.ro\/index.php?rest_route=\/wp\/v2\/media\/121916"}],"wp:attachment":[{"href":"https:\/\/realitatearutiera.ro\/index.php?rest_route=%2Fwp%2Fv2%2Fmedia&parent=136055"}],"wp:term":[{"taxonomy":"category","embeddable":true,"href":"https:\/\/realitatearutiera.ro\/index.php?rest_route=%2Fwp%2Fv2%2Fcategories&post=136055"},{"taxonomy":"post_tag","embeddable":true,"href":"https:\/\/realitatearutiera.ro\/index.php?rest_route=%2Fwp%2Fv2%2Ftags&post=136055"}],"curies":[{"name":"wp","href":"https:\/\/api.w.org\/{rel}","templated":true}]}}