{"id":136059,"date":"2026-04-27T09:57:21","date_gmt":"2026-04-27T06:57:21","guid":{"rendered":"https:\/\/realitatearutiera.ro\/?p=136059"},"modified":"2026-04-27T09:57:23","modified_gmt":"2026-04-27T06:57:23","slug":"galati-accident-pe-faleza-cu-sofer-baut","status":"publish","type":"post","link":"https:\/\/realitatearutiera.ro\/?p=136059","title":{"rendered":"Gala\u0163i: Accident pe faleza cu \u015fofer b\u0103ut"},"content":{"rendered":"\n<figure class=\"wp-block-image size-large is-resized\"><img loading=\"lazy\" decoding=\"async\" width=\"768\" height=\"1024\" data-attachment-id=\"136060\" data-permalink=\"https:\/\/realitatearutiera.ro\/?attachment_id=136060\" data-orig-file=\"https:\/\/i2.wp.com\/realitatearutiera.ro\/wp-content\/uploads\/2026\/04\/image-139.png?fit=1152%2C1536&amp;ssl=1\" data-orig-size=\"1152,1536\" data-comments-opened=\"1\" data-image-meta=\"{&quot;aperture&quot;:&quot;0&quot;,&quot;credit&quot;:&quot;&quot;,&quot;camera&quot;:&quot;&quot;,&quot;caption&quot;:&quot;&quot;,&quot;created_timestamp&quot;:&quot;0&quot;,&quot;copyright&quot;:&quot;&quot;,&quot;focal_length&quot;:&quot;0&quot;,&quot;iso&quot;:&quot;0&quot;,&quot;shutter_speed&quot;:&quot;0&quot;,&quot;title&quot;:&quot;&quot;,&quot;orientation&quot;:&quot;0&quot;}\" data-image-title=\"image\" data-image-description=\"\" data-medium-file=\"https:\/\/i2.wp.com\/realitatearutiera.ro\/wp-content\/uploads\/2026\/04\/image-139.png?fit=225%2C300&amp;ssl=1\" data-large-file=\"https:\/\/i2.wp.com\/realitatearutiera.ro\/wp-content\/uploads\/2026\/04\/image-139.png?fit=768%2C1024&amp;ssl=1\" src=\"https:\/\/i1.wp.com\/realitatearutiera.ro\/wp-content\/uploads\/2026\/04\/image-139-768x1024.png?resize=768%2C1024&#038;ssl=1\" alt=\"\" class=\"wp-image-136060\" style=\"width:519px;height:auto\" srcset=\"https:\/\/i2.wp.com\/realitatearutiera.ro\/wp-content\/uploads\/2026\/04\/image-139.png?resize=768%2C1024&amp;ssl=1 768w, https:\/\/i2.wp.com\/realitatearutiera.ro\/wp-content\/uploads\/2026\/04\/image-139.png?resize=225%2C300&amp;ssl=1 225w, https:\/\/i2.wp.com\/realitatearutiera.ro\/wp-content\/uploads\/2026\/04\/image-139.png?w=1152&amp;ssl=1 1152w\" sizes=\"auto, (max-width: 768px) 100vw, 768px\" data-recalc-dims=\"1\" \/><\/figure>\n\n\n\n<p>Coliziune pe faleza superioar\u0103. Un autoturism a intrat \u00een coliziune cu o motociclet\u0103. Motociclistul a fost r\u0103nit u\u015for. \u015eoferul ma\u015finii avea 0.94 alcool pur \u00een aerul expirat alcoolemie.<\/p>\n\n\n\n<p>Poli\u0163i\u015ftii au \u00eentocmit dosar penal pentru consum de alcool \u015fi v\u0103t\u0103mare corporal\u0103 din culp\u0103:<\/p>\n\n\n\n<p>\u201cLa data de 25 aprilie 2026, \u00een jurul orei 18:20, un autoturism condus de un b\u0103rbat \u00een v\u00e2rst\u0103 de 51 de ani, din Gala\u0163i, care se deplasa pe bulevardul Marea Unire din municipiul Gala\u0163i, dinspre strada Navelor c\u0103tre strada Regiment 11 Siret, nu ar fi p\u0103strat distan\u0163a fa\u0163\u0103 de un motociclu condus de un b\u0103rbat de 29 de ani, tot din Gala\u0163i, pe care l-a lovit \u00een partea din spate, \u00een dreptul unei treceri pentru pietoni.<\/p>\n\n\n\n<p>\u00cen urma impactului, conduc\u0103torul motocicletei a fost r\u0103nit \u015fi preluat de ambulan\u0163\u0103, fiind transportat la spital pentru acordarea de \u00eengrijiri medicale de specialitate.<\/p>\n\n\n\n<p>La testarea cu aparatul alcooltest, \u00een cazul b\u0103rbatului de 51 de ani a rezultat o valoare de 0,94 mg\/l alcool pur \u00een aerul expirat, iar \u00een cazul conduc\u0103torului motocicletei, rezultatul a fost negativ.<\/p>\n\n\n\n<p>\u00cen cauz\u0103 a fost \u00eentocmit un dosar penal sub aspectul s\u0103v\u00e2r\u015firii infrac\u0163iunilor de v\u0103t\u0103mare corporal\u0103 din culp\u0103 \u015fi conducerea unui vehicul sub influen\u0163a alcoolului, cercet\u0103rile fiind continuate pentru stabilirea tuturor \u00eemprejur\u0103rilor \u00een care s-a produs accidentul.\u201d<\/p>\n\n\n\n<p>Surs\u0103 foto: Grupul \u015foferilor din Gala\u0163i<\/p>\n\n\n\n<p>Sursa: monitoruldegalati<\/p>\n","protected":false},"excerpt":{"rendered":"<p>Coliziune pe faleza superioar\u0103. Un autoturism a intrat \u00een coliziune cu o motociclet\u0103. Motociclistul a fost r\u0103nit u\u015for. \u015eoferul ma\u015finii<\/p>\n","protected":false},"author":1,"featured_media":116078,"comment_status":"open","ping_status":"closed","sticky":false,"template":"","format":"standard","meta":{"spay_email":"","footnotes":"","jetpack_publicize_message":""},"categories":[1],"tags":[],"class_list":["post-136059","post","type-post","status-publish","format-standard","has-post-thumbnail","hentry","category-uncategorized"],"jetpack_featured_media_url":"https:\/\/i1.wp.com\/realitatearutiera.ro\/wp-content\/uploads\/2024\/09\/accident.jpg?fit=630%2C365&ssl=1","jetpack_publicize_connections":[],"jetpack_sharing_enabled":true,"jetpack_shortlink":"https:\/\/wp.me\/p61naM-zov","jetpack-related-posts":[],"_links":{"self":[{"href":"https:\/\/realitatearutiera.ro\/index.php?rest_route=\/wp\/v2\/posts\/136059","targetHints":{"allow":["GET"]}}],"collection":[{"href":"https:\/\/realitatearutiera.ro\/index.php?rest_route=\/wp\/v2\/posts"}],"about":[{"href":"https:\/\/realitatearutiera.ro\/index.php?rest_route=\/wp\/v2\/types\/post"}],"author":[{"embeddable":true,"href":"https:\/\/realitatearutiera.ro\/index.php?rest_route=\/wp\/v2\/users\/1"}],"replies":[{"embeddable":true,"href":"https:\/\/realitatearutiera.ro\/index.php?rest_route=%2Fwp%2Fv2%2Fcomments&post=136059"}],"version-history":[{"count":1,"href":"https:\/\/realitatearutiera.ro\/index.php?rest_route=\/wp\/v2\/posts\/136059\/revisions"}],"predecessor-version":[{"id":136061,"href":"https:\/\/realitatearutiera.ro\/index.php?rest_route=\/wp\/v2\/posts\/136059\/revisions\/136061"}],"wp:featuredmedia":[{"embeddable":true,"href":"https:\/\/realitatearutiera.ro\/index.php?rest_route=\/wp\/v2\/media\/116078"}],"wp:attachment":[{"href":"https:\/\/realitatearutiera.ro\/index.php?rest_route=%2Fwp%2Fv2%2Fmedia&parent=136059"}],"wp:term":[{"taxonomy":"category","embeddable":true,"href":"https:\/\/realitatearutiera.ro\/index.php?rest_route=%2Fwp%2Fv2%2Fcategories&post=136059"},{"taxonomy":"post_tag","embeddable":true,"href":"https:\/\/realitatearutiera.ro\/index.php?rest_route=%2Fwp%2Fv2%2Ftags&post=136059"}],"curies":[{"name":"wp","href":"https:\/\/api.w.org\/{rel}","templated":true}]}}