{"id":136136,"date":"2026-04-28T10:24:59","date_gmt":"2026-04-28T07:24:59","guid":{"rendered":"https:\/\/realitatearutiera.ro\/?p=136136"},"modified":"2026-04-28T10:25:02","modified_gmt":"2026-04-28T07:25:02","slug":"restrictii-pe-autostrada-a1-in-zona-nodului-rutier-de-la-sebes","status":"publish","type":"post","link":"https:\/\/realitatearutiera.ro\/?p=136136","title":{"rendered":"Restric\u021bii pe Autostrada A1, \u00een zona nodului rutier de la Sebe\u0219"},"content":{"rendered":"\n<p id=\"p-2\"><strong>Mar\u021bi, 28 aprilie, se desf\u0103\u0219oar\u0103 lucr\u0103ri pe Autostrada A1 Sebe\u0219 &#8211; Sibiu, \u00een zona nodului rutier Sebe\u0219 Nord. \u0218oferii sunt aten\u021biona\u021bi s\u0103 circule cu pruden\u021b\u0103.<\/strong><\/p>\n\n\n\n<p id=\"p-3\">Potrivit Dispeceratului CNAIR, restric\u021biile sunt instituite \u00eentre orele 08:20 \u0219i 16:00, \u00eentre km 309+500 \u0219i km 310+500, pe calea 2 (Sebe\u0219 &#8211; Sibiu).<\/p>\n\n\n\n<p>Publicitate<\/p>\n\n\n\n<p id=\"p-4\">Se execut\u0103 lucr\u0103ri de \u00eenlocuire a parapetului median.<\/p>\n\n\n\n<p id=\"p-5\">Ca urmare, se circul\u0103 pe banda 1 \u0219i pe banda de urgen\u021b\u0103, banda 2 fiind \u00eenchis\u0103.<\/p>\n\n\n\n<p>Sursa:romania24<\/p>\n","protected":false},"excerpt":{"rendered":"<p>Mar\u021bi, 28 aprilie, se desf\u0103\u0219oar\u0103 lucr\u0103ri pe Autostrada A1 Sebe\u0219 &#8211; Sibiu, \u00een zona nodului rutier Sebe\u0219 Nord. \u0218oferii sunt<\/p>\n","protected":false},"author":1,"featured_media":93034,"comment_status":"open","ping_status":"closed","sticky":false,"template":"","format":"standard","meta":{"spay_email":"","footnotes":"","jetpack_publicize_message":""},"categories":[54],"tags":[],"class_list":["post-136136","post","type-post","status-publish","format-standard","has-post-thumbnail","hentry","category-informatii-rutiere"],"jetpack_featured_media_url":"https:\/\/i2.wp.com\/realitatearutiera.ro\/wp-content\/uploads\/2022\/12\/restrictii.jpg?fit=900%2C500&ssl=1","jetpack_publicize_connections":[],"jetpack_sharing_enabled":true,"jetpack_shortlink":"https:\/\/wp.me\/p61naM-zpK","jetpack-related-posts":[],"_links":{"self":[{"href":"https:\/\/realitatearutiera.ro\/index.php?rest_route=\/wp\/v2\/posts\/136136","targetHints":{"allow":["GET"]}}],"collection":[{"href":"https:\/\/realitatearutiera.ro\/index.php?rest_route=\/wp\/v2\/posts"}],"about":[{"href":"https:\/\/realitatearutiera.ro\/index.php?rest_route=\/wp\/v2\/types\/post"}],"author":[{"embeddable":true,"href":"https:\/\/realitatearutiera.ro\/index.php?rest_route=\/wp\/v2\/users\/1"}],"replies":[{"embeddable":true,"href":"https:\/\/realitatearutiera.ro\/index.php?rest_route=%2Fwp%2Fv2%2Fcomments&post=136136"}],"version-history":[{"count":1,"href":"https:\/\/realitatearutiera.ro\/index.php?rest_route=\/wp\/v2\/posts\/136136\/revisions"}],"predecessor-version":[{"id":136137,"href":"https:\/\/realitatearutiera.ro\/index.php?rest_route=\/wp\/v2\/posts\/136136\/revisions\/136137"}],"wp:featuredmedia":[{"embeddable":true,"href":"https:\/\/realitatearutiera.ro\/index.php?rest_route=\/wp\/v2\/media\/93034"}],"wp:attachment":[{"href":"https:\/\/realitatearutiera.ro\/index.php?rest_route=%2Fwp%2Fv2%2Fmedia&parent=136136"}],"wp:term":[{"taxonomy":"category","embeddable":true,"href":"https:\/\/realitatearutiera.ro\/index.php?rest_route=%2Fwp%2Fv2%2Fcategories&post=136136"},{"taxonomy":"post_tag","embeddable":true,"href":"https:\/\/realitatearutiera.ro\/index.php?rest_route=%2Fwp%2Fv2%2Ftags&post=136136"}],"curies":[{"name":"wp","href":"https:\/\/api.w.org\/{rel}","templated":true}]}}