{"id":136152,"date":"2026-04-29T07:35:07","date_gmt":"2026-04-29T04:35:07","guid":{"rendered":"http:\/\/realitatearutiera.ro\/?p=136152"},"modified":"2026-04-29T07:35:10","modified_gmt":"2026-04-29T04:35:10","slug":"vremea-393","status":"publish","type":"post","link":"https:\/\/realitatearutiera.ro\/?p=136152","title":{"rendered":"Vremea"},"content":{"rendered":"\n<p>Rom\u00e2nia intr\u0103 \u00eentr-un episod de vreme rece pentru final de aprilie, cu temperaturi sub normalul perioadei, ploi \u00een mai multe regiuni \u0219i precipita\u021bii mixte la munte. \u00cen unele zone, nop\u021bile aduc chiar \u0219i brum\u0103.<a href=\"https:\/\/observatornews.ro\/autori\/larisa-andreescu-id31.html\"><\/a><\/p>\n\n\n\n<p>Vremea, 29 aprilie 2026. Temperaturi de p\u00e2n\u0103 la 5 grade noaptea, ploi \u0219i brum\u0103 \u00een mai multe zone &#8211; Shutterstock<\/p>\n\n\n\n<p>Vremea se r\u0103ce\u0219te accentuat \u00een toat\u0103 \u021bara, iar temperaturile coboar\u0103 sub normalul perioadei. Sunt anun\u021bate ploi \u00een mai multe zone, iar la munte apar precipita\u021bii mixte.<\/p>\n\n\n\n<h2 class=\"wp-block-heading\" id=\"section-1\">Vremea \u00een \u021bar\u0103<\/h2>\n\n\n\n<p>Temperaturile vor sc\u0103dea \u00een toate regiunile, cu abateri mai mari \u00een est, sud \u0219i par\u021bial \u00een centru. Cerul va fi mai mult noros, iar ploile vor afecta \u00een special sudul \u0219i estul \u021b\u0103rii, local centrul \u0219i izolat restul teritoriului.<\/p>\n\n\n\n<p>Cantit\u0103\u021bile de ap\u0103 pot ajunge, pe alocuri, la 10-15 l\/mp. V\u00e2ntul va sufla slab \u0219i moderat, cu unele intensific\u0103ri \u00een nord-vest \u0219i sud-est.<\/p>\n\n\n\n<p>Temperaturile maxime vor fi cuprinse \u00eentre 8-9 grade \u00een nordul Moldovei \u0219i p\u00e2n\u0103 la 19 grade \u00een vest, iar minimele \u00eentre 0 \u0219i 8 grade. Noaptea, izolat, se va forma brum\u0103, mai ales \u00een vest, centru \u0219i nord.<\/p>\n\n\n\n<h2 class=\"wp-block-heading\" id=\"section-2\">Vremea de m\u00e2ine la munte<\/h2>\n\n\n\n<p>La munte sunt prognozate precipita\u021bii mixte: ploaie, lapovi\u021b\u0103 \u0219i ninsoare. Spre finalul intervalului, astfel de fenomene pot ap\u0103rea \u0219i \u00een depresiunile din estul Transilvaniei \u0219i \u00een zona deluroas\u0103 a Moldovei.<\/p>\n\n\n\n<p>Pe creste, v\u00e2ntul va avea intensific\u0103ri, iar temperaturile vor fi sc\u0103zute pentru aceast\u0103 perioad\u0103, favoriz\u00e2nd apari\u021bia ninsorilor la altitudini mai mari.<\/p>\n\n\n\n<h2 class=\"wp-block-heading\" id=\"section-3\">Vremea \u00een Bucure\u0219ti<\/h2>\n\n\n\n<p>\u00cen Capital\u0103, vremea devine rece pentru aceast\u0103 perioad\u0103. Cerul va fi mai mult noros \u0219i temporar va ploua, iar v\u00e2ntul va sufla moderat.<\/p>\n\n\n\n<p>Temperatura maxim\u0103 va ajunge la 13-14 grade, iar minima va cobor\u00ee la 5-7 grade.<\/p>\n\n\n\n<p>R\u0103cirea continu\u0103 \u0219i \u00een intervalul urm\u0103tor, c\u00e2nd vremea va deveni \u0219i mai rece dec\u00e2t normalul perioadei. Temperaturile minime pot cobor\u00ee p\u00e2n\u0103 la -3 grade \u00een depresiunile din estul Carpa\u021bilor Orientali, iar bruma va ap\u0103rea local \u00een nord \u0219i centru.<\/p>\n\n\n\n<p>Sursa:observatornews<\/p>\n","protected":false},"excerpt":{"rendered":"<p>Rom\u00e2nia intr\u0103 \u00eentr-un episod de vreme rece pentru final de aprilie, cu temperaturi sub normalul perioadei, ploi \u00een mai multe<\/p>\n","protected":false},"author":1,"featured_media":95784,"comment_status":"open","ping_status":"closed","sticky":false,"template":"","format":"standard","meta":{"spay_email":"","footnotes":"","jetpack_publicize_message":""},"categories":[6],"tags":[],"class_list":["post-136152","post","type-post","status-publish","format-standard","has-post-thumbnail","hentry","category-social"],"jetpack_featured_media_url":"https:\/\/realitatearutiera.ro\/wp-content\/uploads\/2023\/02\/meteo-vremea-1-1024x379-1.webp","jetpack_publicize_connections":[],"jetpack_sharing_enabled":true,"jetpack_shortlink":"https:\/\/wp.me\/p61naM-zq0","jetpack-related-posts":[],"_links":{"self":[{"href":"https:\/\/realitatearutiera.ro\/index.php?rest_route=\/wp\/v2\/posts\/136152","targetHints":{"allow":["GET"]}}],"collection":[{"href":"https:\/\/realitatearutiera.ro\/index.php?rest_route=\/wp\/v2\/posts"}],"about":[{"href":"https:\/\/realitatearutiera.ro\/index.php?rest_route=\/wp\/v2\/types\/post"}],"author":[{"embeddable":true,"href":"https:\/\/realitatearutiera.ro\/index.php?rest_route=\/wp\/v2\/users\/1"}],"replies":[{"embeddable":true,"href":"https:\/\/realitatearutiera.ro\/index.php?rest_route=%2Fwp%2Fv2%2Fcomments&post=136152"}],"version-history":[{"count":1,"href":"https:\/\/realitatearutiera.ro\/index.php?rest_route=\/wp\/v2\/posts\/136152\/revisions"}],"predecessor-version":[{"id":136153,"href":"https:\/\/realitatearutiera.ro\/index.php?rest_route=\/wp\/v2\/posts\/136152\/revisions\/136153"}],"wp:featuredmedia":[{"embeddable":true,"href":"https:\/\/realitatearutiera.ro\/index.php?rest_route=\/wp\/v2\/media\/95784"}],"wp:attachment":[{"href":"https:\/\/realitatearutiera.ro\/index.php?rest_route=%2Fwp%2Fv2%2Fmedia&parent=136152"}],"wp:term":[{"taxonomy":"category","embeddable":true,"href":"https:\/\/realitatearutiera.ro\/index.php?rest_route=%2Fwp%2Fv2%2Fcategories&post=136152"},{"taxonomy":"post_tag","embeddable":true,"href":"https:\/\/realitatearutiera.ro\/index.php?rest_route=%2Fwp%2Fv2%2Ftags&post=136152"}],"curies":[{"name":"wp","href":"https:\/\/api.w.org\/{rel}","templated":true}]}}