{"id":136154,"date":"2026-04-29T07:41:22","date_gmt":"2026-04-29T04:41:22","guid":{"rendered":"http:\/\/realitatearutiera.ro\/?p=136154"},"modified":"2026-04-29T07:41:24","modified_gmt":"2026-04-29T04:41:24","slug":"aeriseste-inteligent-primavara-cum-sa-tii-polenul-afara-si-aerul-curat-in-casa","status":"publish","type":"post","link":"https:\/\/realitatearutiera.ro\/?p=136154","title":{"rendered":"Aerise\u0219te inteligent prim\u0103vara: cum s\u0103 \u021bii polenul afar\u0103 \u0219i aerul curat \u00een cas\u0103"},"content":{"rendered":"\n<p>Prim\u0103vara aduce zile mai lungi, temperaturi pl\u0103cute \u0219i dorin\u021ba fireasc\u0103 de a deschide ferestrele pentru aer proasp\u0103t. Totu\u0219i, pentru milioane de persoane care sufer\u0103 de alergii sezoniere, acest gest aparent banal poate deveni o surs\u0103 real\u0103 de disconfort.&nbsp;<a href=\"https:\/\/click.ro\/actualitate\/national\/trucuri-ca-sa-scapam-de-alergiile-la-polen-635502.html\">Polenul<\/a>&nbsp;aflat \u00een aer \u00een aceast\u0103 perioad\u0103 p\u0103trunde u\u0219or \u00een locuin\u021be \u0219i poate declan\u0219a simptome nepl\u0103cute precum str\u0103nut, ochi irita\u021bi sau congestie nazal\u0103.<img loading=\"lazy\" decoding=\"async\" src=\"https:\/\/i0.wp.com\/cdn.adh.reperio.news\/image-9\/923d9b35-7e94-46ac-a16d-0f73965bb310\/index.png?resize=800%2C429&#038;ssl=1\" alt=\"Cum trebuie s\u0103 aerise\u0219ti casa prim\u0103vara ca s\u0103 reduci riscul de alergii sezoniere\" width=\"800\" height=\"429\"  data-recalc-dims=\"1\"><\/p>\n\n\n\n<p>Cum trebuie s\u0103 aerise\u0219ti casa prim\u0103vara ca s\u0103 reduci riscul de alergii sezoniere<\/p>\n\n\n\n<p>Speciali\u0219tii \u00een s\u0103n\u0103tate recomand\u0103 o abordare echilibrat\u0103: aerisirea este necesar\u0103, dar trebuie f\u0103cut\u0103 controlat, \u00een func\u021bie de nivelul de polen \u0219i de momentul zilei, pentru a reduce expunerea la alergeni.<\/p>\n\n\n\n<h2 class=\"wp-block-heading\">De ce aerisirea clasic\u0103 poate agrava alergiile prim\u0103vara<\/h2>\n\n\n\n<p>Deschiderea ferestrelor pe perioade lungi, mai ales \u00een zilele cu concentra\u021bie mare de polen, permite particulelor alergene s\u0103 intre direct \u00een locuin\u021b\u0103. Odat\u0103 ajunse \u00een interior, acestea se pot depune pe textile, mobilier \u0219i podele, men\u021bin\u00e2nd un mediu iritant chiar \u0219i dup\u0103 \u00eenchiderea ferestrelor.<\/p>\n\n\n\n<p>Din acest motiv, medicii recomand\u0103 limitarea aerisirii clasice \u0219i \u00eenlocuirea ei, pe c\u00e2t posibil, cu sisteme de ventila\u021bie dotate cu filtre sau purificatoare de aer.<\/p>\n\n\n\n<h2 class=\"wp-block-heading\">C\u00e2t de des ar trebui aerisit\u0103 locuin\u021ba prim\u0103vara<\/h2>\n\n\n\n<p>Frecven\u021ba aerisirii nu trebuie s\u0103 fie mare, ci mai degrab\u0103 bine controlat\u0103. \u00cen general, speciali\u0219tii recomand\u0103:<\/p>\n\n\n\n<ul class=\"wp-block-list\">\n<li>aerisire scurt\u0103, de aproximativ 5\u201310 minute<\/li>\n\n\n\n<li>de 1\u20132 ori pe zi<\/li>\n\n\n\n<li>doar \u00een momentele \u00een care nivelul de polen este redus<\/li>\n<\/ul>\n\n\n\n<p>Expunerea prelungit\u0103 la aerul exterior cre\u0219te riscul de acumulare a alergenilor \u00een interior, mai ales \u00een perioadele de v\u00e2rf ale sezonului alergic.<\/p>\n\n\n\n<h2 class=\"wp-block-heading\">Cele mai bune intervale pentru aerisirea casei<\/h2>\n\n\n\n<p>Momentul \u00een care deschizi&nbsp;<a href=\"https:\/\/click.ro\/lifestyle\/retete\/trucul-surprinzator-care-te-scapa-de-o-mare-2520590.html\">ferestrele<\/a>&nbsp;este la fel de important ca durata aerisirii. Concentra\u021bia de polen variaz\u0103 pe parcursul zilei, iar alegerea intervalului corect poate reduce semnificativ expunerea.<\/p>\n\n\n\n<p>\u00cen general:<\/p>\n\n\n\n<ul class=\"wp-block-list\">\n<li>diminea\u021ba devreme este de evitat, deoarece nivelul de polen este ridicat<\/li>\n\n\n\n<li>seara t\u00e2rziu nu este ideal\u0103, deoarece particulele r\u0103m\u00e2n suspendate \u00een aer<\/li>\n\n\n\n<li>cele mai bune momente sunt la pr\u00e2nz sau dup\u0103 o ploaie, c\u00e2nd aerul este mai curat<\/li>\n<\/ul>\n\n\n\n<p>Aceste intervale ofer\u0103 un echilibru \u00eentre nevoia de aer proasp\u0103t \u0219i protec\u021bia \u00eempotriva alergenilor.<\/p>\n\n\n\n<h2 class=\"wp-block-heading\">Situa\u021bii \u00een care este mai bine s\u0103 evi\u021bi complet aerisirea<\/h2>\n\n\n\n<p>Exist\u0103 condi\u021bii \u00een care deschiderea ferestrelor poate face mai mult r\u0103u dec\u00e2t bine. Printre acestea se num\u0103r\u0103:<\/p>\n\n\n\n<ul class=\"wp-block-list\">\n<li>zilele cu v\u00e2nt puternic, care transport\u0103 cantit\u0103\u021bi mari de polen<\/li>\n\n\n\n<li>zonele cu vegeta\u021bie abundent\u0103 \u00een apropiere<\/li>\n\n\n\n<li>perioadele cu alert\u0103 ridicat\u0103 de polen \u00een aplica\u021biile meteo<\/li>\n<\/ul>\n\n\n\n<p>\u00cen astfel de situa\u021bii, aerul exterior devine o surs\u0103 direct\u0103 de alergeni, iar aerisirea clasic\u0103 ar trebui evitat\u0103 sau redus\u0103 la minimum.<\/p>\n\n\n\n<h2 class=\"wp-block-heading\">Cum men\u021bii aerul din cas\u0103 curat f\u0103r\u0103 s\u0103 depinzi de ferestre<\/h2>\n\n\n\n<p>Chiar dac\u0103 aerisirea este limitat\u0103, calitatea aerului din interior poate fi men\u021binut\u0103 la un nivel optim prin c\u00e2teva m\u0103suri simple, dar eficiente:<\/p>\n\n\n\n<p>1.&nbsp;<em>Folose\u0219te filtre de aer sau purificatoare HEPA.<\/em>&nbsp;Acestea pot reduce semnificativ cantitatea de polen \u0219i particule iritante din aerul interior.<\/p>\n\n\n\n<p>2.&nbsp;<em>Controleaz\u0103 umiditatea din locuin\u021b\u0103.&nbsp;<\/em>Un nivel de umiditate sub 50% ajut\u0103 la prevenirea apari\u021biei mucegaiului, un alt factor care poate declan\u0219a alergii.<\/p>\n\n\n\n<p>3.&nbsp;<em>Men\u021bine o igien\u0103 riguroas\u0103 a spa\u021biului.<\/em>&nbsp;Schimbarea hainelor dup\u0103 ce vii de afar\u0103 \u0219i cur\u0103\u021barea frecvent\u0103 a suprafe\u021belor reduc acumularea alergenilor \u00een cas\u0103.<\/p>\n\n\n\n<p>Prim\u0103vara nu \u00eenseamn\u0103 renun\u021barea la aerisire, ci adaptarea ei la condi\u021biile din mediu. Pentru persoanele sensibile la polen, diferen\u021ba dintre o zi confortabil\u0103 \u0219i una plin\u0103 de simptome alergice poate sta \u00een doar c\u00e2teva minute \u0219i \u00een alegerea momentului potrivit.<\/p>\n\n\n\n<p>Cu o ventila\u021bie controlat\u0103 \u0219i c\u00e2teva m\u0103suri simple de protec\u021bie, locuin\u021ba poate r\u0103m\u00e2ne un spa\u021biu sigur, chiar \u0219i \u00een plin sezon al alergiilor.<\/p>\n\n\n\n<p>Sursa:click   Sursa foto:click<\/p>\n","protected":false},"excerpt":{"rendered":"<p>Prim\u0103vara aduce zile mai lungi, temperaturi pl\u0103cute \u0219i dorin\u021ba fireasc\u0103 de a deschide ferestrele pentru aer proasp\u0103t. Totu\u0219i, pentru milioane<\/p>\n","protected":false},"author":1,"featured_media":136155,"comment_status":"open","ping_status":"closed","sticky":false,"template":"","format":"standard","meta":{"spay_email":"","footnotes":"","jetpack_publicize_message":""},"categories":[80],"tags":[],"class_list":["post-136154","post","type-post","status-publish","format-standard","has-post-thumbnail","hentry","category-sanatate"],"jetpack_featured_media_url":"https:\/\/realitatearutiera.ro\/wp-content\/uploads\/2026\/04\/index-6.webp","jetpack_publicize_connections":[],"jetpack_sharing_enabled":true,"jetpack_shortlink":"https:\/\/wp.me\/p61naM-zq2","jetpack-related-posts":[],"_links":{"self":[{"href":"https:\/\/realitatearutiera.ro\/index.php?rest_route=\/wp\/v2\/posts\/136154","targetHints":{"allow":["GET"]}}],"collection":[{"href":"https:\/\/realitatearutiera.ro\/index.php?rest_route=\/wp\/v2\/posts"}],"about":[{"href":"https:\/\/realitatearutiera.ro\/index.php?rest_route=\/wp\/v2\/types\/post"}],"author":[{"embeddable":true,"href":"https:\/\/realitatearutiera.ro\/index.php?rest_route=\/wp\/v2\/users\/1"}],"replies":[{"embeddable":true,"href":"https:\/\/realitatearutiera.ro\/index.php?rest_route=%2Fwp%2Fv2%2Fcomments&post=136154"}],"version-history":[{"count":1,"href":"https:\/\/realitatearutiera.ro\/index.php?rest_route=\/wp\/v2\/posts\/136154\/revisions"}],"predecessor-version":[{"id":136156,"href":"https:\/\/realitatearutiera.ro\/index.php?rest_route=\/wp\/v2\/posts\/136154\/revisions\/136156"}],"wp:featuredmedia":[{"embeddable":true,"href":"https:\/\/realitatearutiera.ro\/index.php?rest_route=\/wp\/v2\/media\/136155"}],"wp:attachment":[{"href":"https:\/\/realitatearutiera.ro\/index.php?rest_route=%2Fwp%2Fv2%2Fmedia&parent=136154"}],"wp:term":[{"taxonomy":"category","embeddable":true,"href":"https:\/\/realitatearutiera.ro\/index.php?rest_route=%2Fwp%2Fv2%2Fcategories&post=136154"},{"taxonomy":"post_tag","embeddable":true,"href":"https:\/\/realitatearutiera.ro\/index.php?rest_route=%2Fwp%2Fv2%2Ftags&post=136154"}],"curies":[{"name":"wp","href":"https:\/\/api.w.org\/{rel}","templated":true}]}}