{"id":136163,"date":"2026-04-29T08:03:26","date_gmt":"2026-04-29T05:03:26","guid":{"rendered":"http:\/\/realitatearutiera.ro\/?p=136163"},"modified":"2026-04-29T08:03:29","modified_gmt":"2026-04-29T05:03:29","slug":"control-de-rutina-cu-surprize-un-sofer-baut-si-altul-cu-permisul-suspendat","status":"publish","type":"post","link":"https:\/\/realitatearutiera.ro\/?p=136163","title":{"rendered":"Control de rutin\u0103 cu surprize: un \u0219ofer b\u0103ut \u0219i altul cu permisul suspendat"},"content":{"rendered":"\n<figure class=\"wp-block-image size-full is-resized\"><img loading=\"lazy\" decoding=\"async\" width=\"800\" height=\"600\" data-attachment-id=\"136164\" data-permalink=\"https:\/\/realitatearutiera.ro\/?attachment_id=136164\" data-orig-file=\"https:\/\/i0.wp.com\/realitatearutiera.ro\/wp-content\/uploads\/2026\/04\/image-159.png?fit=800%2C600&amp;ssl=1\" data-orig-size=\"800,600\" data-comments-opened=\"1\" data-image-meta=\"{&quot;aperture&quot;:&quot;0&quot;,&quot;credit&quot;:&quot;&quot;,&quot;camera&quot;:&quot;&quot;,&quot;caption&quot;:&quot;&quot;,&quot;created_timestamp&quot;:&quot;0&quot;,&quot;copyright&quot;:&quot;&quot;,&quot;focal_length&quot;:&quot;0&quot;,&quot;iso&quot;:&quot;0&quot;,&quot;shutter_speed&quot;:&quot;0&quot;,&quot;title&quot;:&quot;&quot;,&quot;orientation&quot;:&quot;0&quot;}\" data-image-title=\"image\" data-image-description=\"\" data-medium-file=\"https:\/\/i0.wp.com\/realitatearutiera.ro\/wp-content\/uploads\/2026\/04\/image-159.png?fit=300%2C225&amp;ssl=1\" data-large-file=\"https:\/\/i0.wp.com\/realitatearutiera.ro\/wp-content\/uploads\/2026\/04\/image-159.png?fit=800%2C600&amp;ssl=1\" src=\"https:\/\/i0.wp.com\/realitatearutiera.ro\/wp-content\/uploads\/2026\/04\/image-159.png?resize=800%2C600\" alt=\"\" class=\"wp-image-136164\" style=\"width:509px;height:auto\" srcset=\"https:\/\/i0.wp.com\/realitatearutiera.ro\/wp-content\/uploads\/2026\/04\/image-159.png?w=800&amp;ssl=1 800w, https:\/\/i0.wp.com\/realitatearutiera.ro\/wp-content\/uploads\/2026\/04\/image-159.png?resize=300%2C225&amp;ssl=1 300w, https:\/\/i0.wp.com\/realitatearutiera.ro\/wp-content\/uploads\/2026\/04\/image-159.png?resize=768%2C576&amp;ssl=1 768w\" sizes=\"auto, (max-width: 800px) 100vw, 800px\" data-recalc-dims=\"1\" \/><\/figure>\n\n\n\n<p><strong>Doi \u0219oferi nem\u021beni, prin\u0219i de poli\u021bie. Unul b\u0103use, altul avea permisul suspdendat.<\/strong>&nbsp;La data de 27 aprilie a.c., \u00een jurul orei 09.30, poli\u021bi\u0219tii din cadrul Biroului Rutier Roman au oprit pentru control, pe DN2, \u00een localitatea Horia, un autoturism condus de un b\u0103rbat de 62 de ani, din aceea\u0219i&nbsp;<a href=\"https:\/\/monitorulneamt.ro\/\">localitate<\/a>.<\/p>\n\n\n\n<p>B\u0103rbatul a fost testat cu aparatul etilotest, rezultatul indic\u00e2nd o concentra\u021bie de 1,05 mg\/l alcool pur \u00een aerul expirat.<\/p>\n\n\n\n<p>Continu\u0103 cercet\u0103rile sub aspectul s\u0103v\u00e2r\u0219irii infrac\u021biunii de conducerea unui vehicul sub influen\u021ba b\u0103uturilor alcoolice.<\/p>\n\n\n\n<h4 class=\"wp-block-heading\" id=\"pe-drumurile-publice-dar-cu-permisul-suspendat\">Pe drumurile publice, dar cu permisul suspendat<\/h4>\n\n\n\n<p>La data de 27 aprilie a.c., \u00een jurul orei 18.45, poli\u021bi\u0219tii din cadrul Forma\u021biunii Rutiere T\u00e2rgu-Neam\u021b au oprit pentru control, pe bulevardul Mihai Eminescu, din ora\u0219ul T\u00e2rgu-Neam\u021b, un autoturism condus de un b\u0103rbat de 42 de ani, din aceea\u0219i localitate.<\/p>\n\n\n\n<p>\u00cen urma verific\u0103rilor efectuate de poli\u021bi\u0219ti s-a stabilit faptul c\u0103, b\u0103rbatul are dreptul de a conduce suspendat.<\/p>\n\n\n\n<p>Continu\u0103m cercet\u0103rile sub aspectul s\u0103v\u00e2r\u0219irii infrac\u021biunii de conducerea unui vehicul av\u00e2nd dreptul de a conduce suspendat.<\/p>\n\n\n\n<p>Sursa:monitorulneamt<\/p>\n","protected":false},"excerpt":{"rendered":"<p>Doi \u0219oferi nem\u021beni, prin\u0219i de poli\u021bie. Unul b\u0103use, altul avea permisul suspdendat.&nbsp;La data de 27 aprilie a.c., \u00een jurul orei<\/p>\n","protected":false},"author":1,"featured_media":108046,"comment_status":"open","ping_status":"closed","sticky":false,"template":"","format":"standard","meta":{"spay_email":"","footnotes":"","jetpack_publicize_message":""},"categories":[82],"tags":[],"class_list":["post-136163","post","type-post","status-publish","format-standard","has-post-thumbnail","hentry","category-auto"],"jetpack_featured_media_url":"https:\/\/i0.wp.com\/realitatearutiera.ro\/wp-content\/uploads\/2024\/02\/masini-politie-politia-2-3ldz.jpg?fit=1224%2C816&ssl=1","jetpack_publicize_connections":[],"jetpack_sharing_enabled":true,"jetpack_shortlink":"https:\/\/wp.me\/p61naM-zqb","jetpack-related-posts":[],"_links":{"self":[{"href":"https:\/\/realitatearutiera.ro\/index.php?rest_route=\/wp\/v2\/posts\/136163","targetHints":{"allow":["GET"]}}],"collection":[{"href":"https:\/\/realitatearutiera.ro\/index.php?rest_route=\/wp\/v2\/posts"}],"about":[{"href":"https:\/\/realitatearutiera.ro\/index.php?rest_route=\/wp\/v2\/types\/post"}],"author":[{"embeddable":true,"href":"https:\/\/realitatearutiera.ro\/index.php?rest_route=\/wp\/v2\/users\/1"}],"replies":[{"embeddable":true,"href":"https:\/\/realitatearutiera.ro\/index.php?rest_route=%2Fwp%2Fv2%2Fcomments&post=136163"}],"version-history":[{"count":1,"href":"https:\/\/realitatearutiera.ro\/index.php?rest_route=\/wp\/v2\/posts\/136163\/revisions"}],"predecessor-version":[{"id":136165,"href":"https:\/\/realitatearutiera.ro\/index.php?rest_route=\/wp\/v2\/posts\/136163\/revisions\/136165"}],"wp:featuredmedia":[{"embeddable":true,"href":"https:\/\/realitatearutiera.ro\/index.php?rest_route=\/wp\/v2\/media\/108046"}],"wp:attachment":[{"href":"https:\/\/realitatearutiera.ro\/index.php?rest_route=%2Fwp%2Fv2%2Fmedia&parent=136163"}],"wp:term":[{"taxonomy":"category","embeddable":true,"href":"https:\/\/realitatearutiera.ro\/index.php?rest_route=%2Fwp%2Fv2%2Fcategories&post=136163"},{"taxonomy":"post_tag","embeddable":true,"href":"https:\/\/realitatearutiera.ro\/index.php?rest_route=%2Fwp%2Fv2%2Ftags&post=136163"}],"curies":[{"name":"wp","href":"https:\/\/api.w.org\/{rel}","templated":true}]}}