{"id":136166,"date":"2026-04-29T08:10:48","date_gmt":"2026-04-29T05:10:48","guid":{"rendered":"http:\/\/realitatearutiera.ro\/?p=136166"},"modified":"2026-04-29T08:10:51","modified_gmt":"2026-04-29T05:10:51","slug":"acul-blocat-dupa-impact-viteza-socanta-din-accidentul-de-la-amzacea","status":"publish","type":"post","link":"https:\/\/realitatearutiera.ro\/?p=136166","title":{"rendered":"Acul blocat dup\u0103 impact: viteza \u0219ocant\u0103 din accidentul de la Amzacea"},"content":{"rendered":"\n<figure class=\"wp-block-image size-full is-resized\"><img loading=\"lazy\" decoding=\"async\" width=\"800\" height=\"450\" data-attachment-id=\"136167\" data-permalink=\"https:\/\/realitatearutiera.ro\/?attachment_id=136167\" data-orig-file=\"https:\/\/i0.wp.com\/realitatearutiera.ro\/wp-content\/uploads\/2026\/04\/image-160.png?fit=855%2C481&amp;ssl=1\" data-orig-size=\"855,481\" data-comments-opened=\"1\" data-image-meta=\"{&quot;aperture&quot;:&quot;0&quot;,&quot;credit&quot;:&quot;&quot;,&quot;camera&quot;:&quot;&quot;,&quot;caption&quot;:&quot;&quot;,&quot;created_timestamp&quot;:&quot;0&quot;,&quot;copyright&quot;:&quot;&quot;,&quot;focal_length&quot;:&quot;0&quot;,&quot;iso&quot;:&quot;0&quot;,&quot;shutter_speed&quot;:&quot;0&quot;,&quot;title&quot;:&quot;&quot;,&quot;orientation&quot;:&quot;0&quot;}\" data-image-title=\"image\" data-image-description=\"\" data-medium-file=\"https:\/\/i0.wp.com\/realitatearutiera.ro\/wp-content\/uploads\/2026\/04\/image-160.png?fit=300%2C169&amp;ssl=1\" data-large-file=\"https:\/\/i0.wp.com\/realitatearutiera.ro\/wp-content\/uploads\/2026\/04\/image-160.png?fit=800%2C450&amp;ssl=1\" src=\"https:\/\/i0.wp.com\/realitatearutiera.ro\/wp-content\/uploads\/2026\/04\/image-160.png?resize=800%2C450\" alt=\"\" class=\"wp-image-136167\" style=\"aspect-ratio:1.7776014284297192;width:607px;height:auto\" srcset=\"https:\/\/i0.wp.com\/realitatearutiera.ro\/wp-content\/uploads\/2026\/04\/image-160.png?w=855&amp;ssl=1 855w, https:\/\/i0.wp.com\/realitatearutiera.ro\/wp-content\/uploads\/2026\/04\/image-160.png?resize=300%2C169&amp;ssl=1 300w, https:\/\/i0.wp.com\/realitatearutiera.ro\/wp-content\/uploads\/2026\/04\/image-160.png?resize=768%2C432&amp;ssl=1 768w\" sizes=\"auto, (max-width: 800px) 100vw, 800px\" data-recalc-dims=\"1\" \/><\/figure>\n\n\n\n<p>O imagine surprins\u0103 dup\u0103 accidentul grav produs  pe DN 38, \u00een localitatea Amzacea, jude\u021bul Constan\u021ba, arat\u0103 intensitatea impactului dintre autoturism \u0219i copacul de pe marginea drumului. \u00cen urma coliziunii, bordul vehiculului a fost grav avariat, iar indicatoarele de bord au r\u0103mas blocate.<\/p>\n\n\n\n<p>Conform fotografiilor de la fa\u021ba locului, acul vitezometrului s-a oprit la aproximativ 125 km\/h. Totodat\u0103, turometrul a r\u0103mas fixat la valoarea de 3.000 de rota\u021bii pe minut.<\/p>\n\n\n\n<figure class=\"wp-block-image is-resized\"><img decoding=\"async\" src=\"https:\/\/i2.wp.com\/www.ziuaconstanta.ro\/images\/stories\/2026\/04\/28\/ANA\/acc\/acc-ac-km(1).jpg?w=800&#038;ssl=1\" alt=\"\" style=\"aspect-ratio:1.7776014284297192;width:619px;height:auto\" data-recalc-dims=\"1\"\/><\/figure>\n\n\n\n<p>Amintim c\u0103 \u00een urma acestui accident, o t\u00e2n\u0103r\u0103 de aproximativ 20 de ani a fost preluat\u0103 \u00een stare grav\u0103 de elicopterul SMURD \u0219i transportat\u0103 la Spitalul Jude\u021bean Constan\u021ba, dup\u0103 ce ini\u021bial fusese g\u0103sit\u0103 \u00een stop cardio-respirator.<\/p>\n\n\n\n<p>Video <a href=\"https:\/\/www.ziuaconstanta.ro\/stiri\/eveniment\/foto-video-constanta-accidentul-din-amzacea-la-ce-viteza-s-a-oprit-acul-kilometrajului-dupa-impactul-cu-un-copac-936528.html\">aici<\/a><\/p>\n\n\n\n<p>Sursa:ziuaconstanta<\/p>\n\n\n\n<p><\/p>\n","protected":false},"excerpt":{"rendered":"<p>O imagine surprins\u0103 dup\u0103 accidentul grav produs pe DN 38, \u00een localitatea Amzacea, jude\u021bul Constan\u021ba, arat\u0103 intensitatea impactului dintre autoturism<\/p>\n","protected":false},"author":1,"featured_media":121916,"comment_status":"open","ping_status":"closed","sticky":false,"template":"","format":"standard","meta":{"spay_email":"","footnotes":"","jetpack_publicize_message":""},"categories":[1],"tags":[],"class_list":["post-136166","post","type-post","status-publish","format-standard","has-post-thumbnail","hentry","category-uncategorized"],"jetpack_featured_media_url":"https:\/\/i2.wp.com\/realitatearutiera.ro\/wp-content\/uploads\/2025\/03\/accident-rutier-cu-victima.jpg?fit=1191%2C568&ssl=1","jetpack_publicize_connections":[],"jetpack_sharing_enabled":true,"jetpack_shortlink":"https:\/\/wp.me\/p61naM-zqe","jetpack-related-posts":[],"_links":{"self":[{"href":"https:\/\/realitatearutiera.ro\/index.php?rest_route=\/wp\/v2\/posts\/136166","targetHints":{"allow":["GET"]}}],"collection":[{"href":"https:\/\/realitatearutiera.ro\/index.php?rest_route=\/wp\/v2\/posts"}],"about":[{"href":"https:\/\/realitatearutiera.ro\/index.php?rest_route=\/wp\/v2\/types\/post"}],"author":[{"embeddable":true,"href":"https:\/\/realitatearutiera.ro\/index.php?rest_route=\/wp\/v2\/users\/1"}],"replies":[{"embeddable":true,"href":"https:\/\/realitatearutiera.ro\/index.php?rest_route=%2Fwp%2Fv2%2Fcomments&post=136166"}],"version-history":[{"count":1,"href":"https:\/\/realitatearutiera.ro\/index.php?rest_route=\/wp\/v2\/posts\/136166\/revisions"}],"predecessor-version":[{"id":136168,"href":"https:\/\/realitatearutiera.ro\/index.php?rest_route=\/wp\/v2\/posts\/136166\/revisions\/136168"}],"wp:featuredmedia":[{"embeddable":true,"href":"https:\/\/realitatearutiera.ro\/index.php?rest_route=\/wp\/v2\/media\/121916"}],"wp:attachment":[{"href":"https:\/\/realitatearutiera.ro\/index.php?rest_route=%2Fwp%2Fv2%2Fmedia&parent=136166"}],"wp:term":[{"taxonomy":"category","embeddable":true,"href":"https:\/\/realitatearutiera.ro\/index.php?rest_route=%2Fwp%2Fv2%2Fcategories&post=136166"},{"taxonomy":"post_tag","embeddable":true,"href":"https:\/\/realitatearutiera.ro\/index.php?rest_route=%2Fwp%2Fv2%2Ftags&post=136166"}],"curies":[{"name":"wp","href":"https:\/\/api.w.org\/{rel}","templated":true}]}}