{"id":136169,"date":"2026-04-29T08:14:27","date_gmt":"2026-04-29T05:14:27","guid":{"rendered":"http:\/\/realitatearutiera.ro\/?p=136169"},"modified":"2026-04-29T08:14:29","modified_gmt":"2026-04-29T05:14:29","slug":"eveniment-rutier-pe-a10-doua-autoutilitare-s-au-ciocnit-intre-aiud-si-teius","status":"publish","type":"post","link":"https:\/\/realitatearutiera.ro\/?p=136169","title":{"rendered":"Eveniment rutier pe A10: dou\u0103 autoutilitare s-au ciocnit \u00eentre Aiud \u0219i Teiu\u0219"},"content":{"rendered":"\n<p id=\"p-1\"><strong>Un accident rutier s-a produs miercuri dimine\u021ba, \u00een jurul orei 05:20, pe Autostrada A10, \u00eentre Aiud \u0219i Teiu\u0219, \u00een zona R\u0103de\u0219ti &#8211; Leorin\u021b. \u00cen evenimentul rutier au fost implicate dou\u0103 autoutilitare.<\/strong><\/p>\n\n\n\n<p id=\"p-2\">Potrivit ISU Alba,&nbsp;Sec\u021bia de pompieri Aiud intervine pentru asigurarea m\u0103surilor specifice \u0219i prim ajutor medical la un accident rutier produs pe pe Autostrada A10, km 34, sens Aiud -Alba Iulia.<\/p>\n\n\n\n<p id=\"p-3\">Este vorba despre un accident rutier produs \u00eentre dou\u0103 autotilitare de 3,5t, f\u0103r\u0103 persoane \u00eencarcerate.<\/p>\n\n\n\n<p id=\"p-4\">Salvatorii intervin cu o autospecial\u0103 de stingere cu ap\u0103 \u0219i spum\u0103 \u0219i un echipaj de prim ajutor.<\/p>\n\n\n\n<p id=\"p-5\">Potrivit CNAIR, accidentul s-a produs la km 35+000, calea 2 (sensul de mers Aiud &#8211; Teius).<\/p>\n\n\n\n<p id=\"p-6\">Momentan banda 2 este \u00eenchis\u0103, se circul\u0103 pe banda 1 \u0219i banda de urgen\u021b\u0103. Se estimeaz\u0103 deschiderea complet\u0103 a circula\u021biei \u00een jurul orei 08:00.<\/p>\n\n\n\n<p>Sursa: alba24<\/p>\n\n\n\n<p><\/p>\n","protected":false},"excerpt":{"rendered":"<p>Un accident rutier s-a produs miercuri dimine\u021ba, \u00een jurul orei 05:20, pe Autostrada A10, \u00eentre Aiud \u0219i Teiu\u0219, \u00een zona<\/p>\n","protected":false},"author":1,"featured_media":116078,"comment_status":"open","ping_status":"closed","sticky":false,"template":"","format":"standard","meta":{"spay_email":"","footnotes":"","jetpack_publicize_message":""},"categories":[1],"tags":[],"class_list":["post-136169","post","type-post","status-publish","format-standard","has-post-thumbnail","hentry","category-uncategorized"],"jetpack_featured_media_url":"https:\/\/i1.wp.com\/realitatearutiera.ro\/wp-content\/uploads\/2024\/09\/accident.jpg?fit=630%2C365&ssl=1","jetpack_publicize_connections":[],"jetpack_sharing_enabled":true,"jetpack_shortlink":"https:\/\/wp.me\/p61naM-zqh","jetpack-related-posts":[],"_links":{"self":[{"href":"https:\/\/realitatearutiera.ro\/index.php?rest_route=\/wp\/v2\/posts\/136169","targetHints":{"allow":["GET"]}}],"collection":[{"href":"https:\/\/realitatearutiera.ro\/index.php?rest_route=\/wp\/v2\/posts"}],"about":[{"href":"https:\/\/realitatearutiera.ro\/index.php?rest_route=\/wp\/v2\/types\/post"}],"author":[{"embeddable":true,"href":"https:\/\/realitatearutiera.ro\/index.php?rest_route=\/wp\/v2\/users\/1"}],"replies":[{"embeddable":true,"href":"https:\/\/realitatearutiera.ro\/index.php?rest_route=%2Fwp%2Fv2%2Fcomments&post=136169"}],"version-history":[{"count":1,"href":"https:\/\/realitatearutiera.ro\/index.php?rest_route=\/wp\/v2\/posts\/136169\/revisions"}],"predecessor-version":[{"id":136170,"href":"https:\/\/realitatearutiera.ro\/index.php?rest_route=\/wp\/v2\/posts\/136169\/revisions\/136170"}],"wp:featuredmedia":[{"embeddable":true,"href":"https:\/\/realitatearutiera.ro\/index.php?rest_route=\/wp\/v2\/media\/116078"}],"wp:attachment":[{"href":"https:\/\/realitatearutiera.ro\/index.php?rest_route=%2Fwp%2Fv2%2Fmedia&parent=136169"}],"wp:term":[{"taxonomy":"category","embeddable":true,"href":"https:\/\/realitatearutiera.ro\/index.php?rest_route=%2Fwp%2Fv2%2Fcategories&post=136169"},{"taxonomy":"post_tag","embeddable":true,"href":"https:\/\/realitatearutiera.ro\/index.php?rest_route=%2Fwp%2Fv2%2Ftags&post=136169"}],"curies":[{"name":"wp","href":"https:\/\/api.w.org\/{rel}","templated":true}]}}