{"id":136175,"date":"2026-04-29T08:55:58","date_gmt":"2026-04-29T05:55:58","guid":{"rendered":"http:\/\/realitatearutiera.ro\/?p=136175"},"modified":"2026-04-29T08:56:01","modified_gmt":"2026-04-29T05:56:01","slug":"viteza-excesiva-si-impact-fatal-pe-dn38-o-tanara-si-a-pierdut-viata","status":"publish","type":"post","link":"https:\/\/realitatearutiera.ro\/?p=136175","title":{"rendered":"Vitez\u0103 excesiv\u0103 \u0219i impact fatal pe DN38: o t\u00e2n\u0103r\u0103 \u0219i-a pierdut via\u021ba"},"content":{"rendered":"\n<p>O t\u00e2n\u0103r\u0103 de 21 de ani a murit la spital dup\u0103 ce ma\u0219ina pe care o conducea a ie\u0219it de pe \u0219osea \u0219i s-a \u00eenfipt \u00eentr-un copac de pe marginea drumului.<img loading=\"lazy\" decoding=\"async\" src=\"https:\/\/i0.wp.com\/cdn.adh.reperio.news\/image-9\/93cc10f5-1d9d-48fb-8374-abc34a3dbdb3\/index.jpeg?resize=800%2C429&#038;ssl=1\" alt=\"Accidentul a avut loc \u00een jude\u021bul Constan\u021ba FOTO: ISU Constan\u021ba\" width=\"800\" height=\"429\"  data-recalc-dims=\"1\"><\/p>\n\n\n\n<p>Accidentul a avut loc \u00een jude\u021bul Constan\u021ba FOTO: ISU Constan\u021ba<\/p>\n\n\n\n<p>O t\u00e2n\u0103r\u0103 de 21 de ani a murit la spital dup\u0103 ce mar\u021bi dup\u0103-amiaz\u0103 a fost implicat\u0103 \u00eentr-un accident \u00een jude\u021bul Constan\u021ba, pe DN38. Potrivit poli\u021biei, femeia a pierdut controlul volanului \u0219i a p\u0103r\u0103sit partea carosabil\u0103, lovindu-se violent de un copac.<\/p>\n\n\n\n<p>Impactul a fost at\u00e2t de violent \u00eenc\u00e2t trunchiul copacului s-a \u00eenf\u0103\u0219urat de capota ma\u0219inii. Totodat\u0103,&nbsp;<a href=\"https:\/\/adevarul.ro\/stiri-locale\/sibiu\/accident-grav-cu-trei-victime-pe-a1-sibiu-sebes-o-2525745.html\">acul vitezometrului a r\u0103mas blocat&nbsp;<\/a>la 130 de kilometri pe or\u0103.<\/p>\n\n\n\n<p><a href=\"https:\/\/adevarul.ro\/stiri-interne\/evenimente\/accident-cu-13-victime-in-maramures-un-microbuz-2525706.html\">Victima a fost scoas\u0103 de salvatori<\/a>&nbsp;din caroseria distrus\u0103, resuscitat\u0103 \u0219i dus\u0103 de urgen\u021b\u0103 la Spitalul Jude\u021bean din Constan\u021ba, cu un elicopter SMURD. Ulterior, t\u00e2n\u0103ra a murit.<\/p>\n\n\n\n<p>&nbsp;So\u021bul ei a postat pe pagina de Facebook o fotografie cu cei doi, urmat\u0103 de un mesaj emo\u021bionant:&nbsp;<em>\u201eMereu \u00een inima mea, so\u021bia mea pentru eternitate! Odihne\u0219te-te lini\u0219tit\u0103 \u00eengerul meu&#8221;<\/em>, a scris b\u0103rbatul.&nbsp;&nbsp;<\/p>\n","protected":false},"excerpt":{"rendered":"<p>O t\u00e2n\u0103r\u0103 de 21 de ani a murit la spital dup\u0103 ce ma\u0219ina pe care o conducea a ie\u0219it de<\/p>\n","protected":false},"author":1,"featured_media":113174,"comment_status":"open","ping_status":"closed","sticky":false,"template":"","format":"standard","meta":{"spay_email":"","footnotes":"","jetpack_publicize_message":""},"categories":[1],"tags":[],"class_list":["post-136175","post","type-post","status-publish","format-standard","has-post-thumbnail","hentry","category-uncategorized"],"jetpack_featured_media_url":"https:\/\/i0.wp.com\/realitatearutiera.ro\/wp-content\/uploads\/2024\/07\/semn-accident-850x560-1.jpg?fit=850%2C560&ssl=1","jetpack_publicize_connections":[],"jetpack_sharing_enabled":true,"jetpack_shortlink":"https:\/\/wp.me\/p61naM-zqn","jetpack-related-posts":[],"_links":{"self":[{"href":"https:\/\/realitatearutiera.ro\/index.php?rest_route=\/wp\/v2\/posts\/136175","targetHints":{"allow":["GET"]}}],"collection":[{"href":"https:\/\/realitatearutiera.ro\/index.php?rest_route=\/wp\/v2\/posts"}],"about":[{"href":"https:\/\/realitatearutiera.ro\/index.php?rest_route=\/wp\/v2\/types\/post"}],"author":[{"embeddable":true,"href":"https:\/\/realitatearutiera.ro\/index.php?rest_route=\/wp\/v2\/users\/1"}],"replies":[{"embeddable":true,"href":"https:\/\/realitatearutiera.ro\/index.php?rest_route=%2Fwp%2Fv2%2Fcomments&post=136175"}],"version-history":[{"count":1,"href":"https:\/\/realitatearutiera.ro\/index.php?rest_route=\/wp\/v2\/posts\/136175\/revisions"}],"predecessor-version":[{"id":136176,"href":"https:\/\/realitatearutiera.ro\/index.php?rest_route=\/wp\/v2\/posts\/136175\/revisions\/136176"}],"wp:featuredmedia":[{"embeddable":true,"href":"https:\/\/realitatearutiera.ro\/index.php?rest_route=\/wp\/v2\/media\/113174"}],"wp:attachment":[{"href":"https:\/\/realitatearutiera.ro\/index.php?rest_route=%2Fwp%2Fv2%2Fmedia&parent=136175"}],"wp:term":[{"taxonomy":"category","embeddable":true,"href":"https:\/\/realitatearutiera.ro\/index.php?rest_route=%2Fwp%2Fv2%2Fcategories&post=136175"},{"taxonomy":"post_tag","embeddable":true,"href":"https:\/\/realitatearutiera.ro\/index.php?rest_route=%2Fwp%2Fv2%2Ftags&post=136175"}],"curies":[{"name":"wp","href":"https:\/\/api.w.org\/{rel}","templated":true}]}}