{"id":136186,"date":"2026-04-29T09:29:28","date_gmt":"2026-04-29T06:29:28","guid":{"rendered":"http:\/\/realitatearutiera.ro\/?p=136186"},"modified":"2026-04-29T09:29:30","modified_gmt":"2026-04-29T06:29:30","slug":"judetul-mures-circulatie-oprita-pe-dn-13-in-urma-unui-accident","status":"publish","type":"post","link":"https:\/\/realitatearutiera.ro\/?p=136186","title":{"rendered":"JUDE\u021aUL MURE\u0218: CIRCULA\u021aIE OPRIT\u0102 PE DN 13, \u00ceN URMA UNUI ACCIDENT"},"content":{"rendered":"\n<p><strong>Ora:&nbsp;<\/strong>09:10<\/p>\n\n\n\n<p><strong>Centrul INFOTRAFIC din Inspectoratul General al Poli\u021biei Rom\u00e2ne&nbsp;<\/strong>informeaz\u0103 c\u0103 pe DN 13 Bra\u0219ov-Sighi\u0219oara, la kilometrul 88+200 de metri, \u00een apropierea localit\u0103\u021bii Mihai Viteazu, jude\u021bul Mure\u0219, a avut loc o coliziune produs\u0103 \u00eentre un autotren \u0219i un autoturism, soldat\u0103 cu r\u0103nirea a dou\u0103 persoane din autoturism, ce primesc \u00eengrijiri medicale la fa\u021ba locului.<\/p>\n\n\n\n<p>Traficul rutier este oprit \u00een ambele direc\u021bii \u0219i se estimeaz\u0103 reluarea normal\u0103 a circula\u021biei dup\u0103 ora 10:00.<\/p>\n","protected":false},"excerpt":{"rendered":"<p>Ora:&nbsp;09:10 Centrul INFOTRAFIC din Inspectoratul General al Poli\u021biei Rom\u00e2ne&nbsp;informeaz\u0103 c\u0103 pe DN 13 Bra\u0219ov-Sighi\u0219oara, la kilometrul 88+200 de metri, \u00een<\/p>\n","protected":false},"author":1,"featured_media":92211,"comment_status":"open","ping_status":"closed","sticky":false,"template":"","format":"standard","meta":{"spay_email":"","footnotes":"","jetpack_publicize_message":""},"categories":[54],"tags":[],"class_list":["post-136186","post","type-post","status-publish","format-standard","has-post-thumbnail","hentry","category-informatii-rutiere"],"jetpack_featured_media_url":"https:\/\/realitatearutiera.ro\/wp-content\/uploads\/2022\/11\/info-trafic-observatorulnational-1.webp","jetpack_publicize_connections":[],"jetpack_sharing_enabled":true,"jetpack_shortlink":"https:\/\/wp.me\/p61naM-zqy","jetpack-related-posts":[],"_links":{"self":[{"href":"https:\/\/realitatearutiera.ro\/index.php?rest_route=\/wp\/v2\/posts\/136186","targetHints":{"allow":["GET"]}}],"collection":[{"href":"https:\/\/realitatearutiera.ro\/index.php?rest_route=\/wp\/v2\/posts"}],"about":[{"href":"https:\/\/realitatearutiera.ro\/index.php?rest_route=\/wp\/v2\/types\/post"}],"author":[{"embeddable":true,"href":"https:\/\/realitatearutiera.ro\/index.php?rest_route=\/wp\/v2\/users\/1"}],"replies":[{"embeddable":true,"href":"https:\/\/realitatearutiera.ro\/index.php?rest_route=%2Fwp%2Fv2%2Fcomments&post=136186"}],"version-history":[{"count":1,"href":"https:\/\/realitatearutiera.ro\/index.php?rest_route=\/wp\/v2\/posts\/136186\/revisions"}],"predecessor-version":[{"id":136187,"href":"https:\/\/realitatearutiera.ro\/index.php?rest_route=\/wp\/v2\/posts\/136186\/revisions\/136187"}],"wp:featuredmedia":[{"embeddable":true,"href":"https:\/\/realitatearutiera.ro\/index.php?rest_route=\/wp\/v2\/media\/92211"}],"wp:attachment":[{"href":"https:\/\/realitatearutiera.ro\/index.php?rest_route=%2Fwp%2Fv2%2Fmedia&parent=136186"}],"wp:term":[{"taxonomy":"category","embeddable":true,"href":"https:\/\/realitatearutiera.ro\/index.php?rest_route=%2Fwp%2Fv2%2Fcategories&post=136186"},{"taxonomy":"post_tag","embeddable":true,"href":"https:\/\/realitatearutiera.ro\/index.php?rest_route=%2Fwp%2Fv2%2Ftags&post=136186"}],"curies":[{"name":"wp","href":"https:\/\/api.w.org\/{rel}","templated":true}]}}